{"id":932,"date":"2017-07-03T15:52:47","date_gmt":"2017-07-03T18:52:47","guid":{"rendered":"http:\/\/localhost\/cdh\/?p=932"},"modified":"2019-04-14T15:19:36","modified_gmt":"2019-04-14T18:19:36","slug":"selecionados-2fase-edital02-2017","status":"publish","type":"post","link":"https:\/\/clinicadh.direito.ufmg.br\/index.php\/2017\/07\/03\/selecionados-2fase-edital02-2017\/","title":{"rendered":"Lista de Selecionados para a 2\u00aa Fase do Edital 02\/2017"},"content":{"rendered":"<p>\u00c9 com muita satisfa\u00e7\u00e3o que divulgamos a lista dos convocados a entrevista para sele\u00e7\u00e3o de novos estagi\u00e1rios da Cl\u00ednica de Direitos Humanos da UFMG.\u00a0<em><strong>Os candidatos que n\u00e3o est\u00e3o com nome na lista, n\u00e3o alcan\u00e7aram a nota de corte (6 pontos) na prova escrita<\/strong><\/em>.<\/p>\n<p>&nbsp;<\/p>\n<p>As entrevistas ocorrer\u00e3o no dia 04 de julho, pr\u00f3xima ter\u00e7a-feira, na sede da DAJ\/CdH, localizada no 7\u00ba andar do Edif\u00edcio Villas Boas (p\u00f3s-gradua\u00e7\u00e3o) da Faculdade de Direito e Ci\u00eancias do Estado da UFMG, Av. Jo\u00e3o Pinheiro, n\u00ba 100, Centro,\u00a0nos <a href=\"http:\/\/localhost\/cdh\/wp-content\/uploads\/2019\/02\/noticia-20170709-edital022017-convocados.pdf\" target=\"_blank\" rel=\"noopener noreferrer\">hor\u00e1rios definidos aqui, nesta tabela<\/a>, por ordem de chegada.<\/p>\n<p>&nbsp;<\/p>\n<p>At\u00e9 l\u00e1!<\/p>\n","protected":false},"excerpt":{"rendered":"<p>\u00c9 com muita satisfa\u00e7\u00e3o que divulgamos a lista dos convocados a entrevista para sele\u00e7\u00e3o de novos estagi\u00e1rios da Cl\u00ednica de Direitos Humanos da UFMG.\u00a0Os candidatos que n\u00e3o est\u00e3o com nome na lista, n\u00e3o alcan\u00e7aram a nota de corte (6 pontos) na prova escrita. &nbsp; As entrevistas ocorrer\u00e3o no dia 04 de julho, pr\u00f3xima ter\u00e7a-feira, na sede da DAJ\/CdH, localizada no 7\u00ba andar do Edif\u00edcio Villas Boas (p\u00f3s-gradua\u00e7\u00e3o) da Faculdade de Direito e Ci\u00eancias do Estado da UFMG, Av. Jo\u00e3o Pinheiro, n\u00ba 100, Centro,\u00a0nos hor\u00e1rios definidos aqui, nesta tabela, por ordem de chegada. &nbsp; At\u00e9 l\u00e1!<\/p>\n","protected":false},"author":1,"featured_media":0,"comment_status":"open","ping_status":"open","sticky":false,"template":"","format":"standard","meta":{"footnotes":""},"categories":[55],"tags":[],"class_list":["post-932","post","type-post","status-publish","format-standard","hentry","category-selecao"],"yoast_head":"<!-- This site is optimized with the Yoast SEO plugin v25.3 - https:\/\/yoast.com\/wordpress\/plugins\/seo\/ -->\n<title>Lista de Selecionados para a 2\u00aa Fase do Edital 02\/2017 - Cl\u00ednica de Direitos Humanos da UFMG<\/title>\n<meta name=\"robots\" content=\"index, follow, max-snippet:-1, max-image-preview:large, max-video-preview:-1\" \/>\n<link rel=\"canonical\" href=\"https:\/\/clinicadh.direito.ufmg.br\/index.php\/2017\/07\/03\/selecionados-2fase-edital02-2017\/\" \/>\n<meta property=\"og:locale\" content=\"pt_BR\" \/>\n<meta property=\"og:type\" content=\"article\" \/>\n<meta property=\"og:title\" content=\"Lista de Selecionados para a 2\u00aa Fase do Edital 02\/2017 - Cl\u00ednica de Direitos Humanos da UFMG\" \/>\n<meta property=\"og:description\" content=\"\u00c9 com muita satisfa\u00e7\u00e3o que divulgamos a lista dos convocados a entrevista para sele\u00e7\u00e3o de novos estagi\u00e1rios da Cl\u00ednica de Direitos Humanos da UFMG.\u00a0Os candidatos que n\u00e3o est\u00e3o com nome na lista, n\u00e3o alcan\u00e7aram a nota de corte (6 pontos) na prova escrita. &nbsp; As entrevistas ocorrer\u00e3o no dia 04 de julho, pr\u00f3xima ter\u00e7a-feira, na sede da DAJ\/CdH, localizada no 7\u00ba andar do Edif\u00edcio Villas Boas (p\u00f3s-gradua\u00e7\u00e3o) da Faculdade de Direito e Ci\u00eancias do Estado da UFMG, Av. Jo\u00e3o Pinheiro, n\u00ba 100, Centro,\u00a0nos hor\u00e1rios definidos aqui, nesta tabela, por ordem de chegada. &nbsp; At\u00e9 l\u00e1!\" \/>\n<meta property=\"og:url\" content=\"https:\/\/clinicadh.direito.ufmg.br\/index.php\/2017\/07\/03\/selecionados-2fase-edital02-2017\/\" \/>\n<meta property=\"og:site_name\" content=\"Cl\u00ednica de Direitos Humanos da UFMG\" \/>\n<meta property=\"article:publisher\" content=\"https:\/\/www.facebook.com\/cdhufmg\/?eid=ARBDSQLce69q0_8v--9A5W6uQzSMctjXi-aHCPLj-fZRI0TKZQaBy-H1YgM9D-FJc2tGPQyTyAg3EYce\" \/>\n<meta property=\"article:published_time\" content=\"2017-07-03T18:52:47+00:00\" \/>\n<meta property=\"article:modified_time\" content=\"2019-04-14T18:19:36+00:00\" \/>\n<meta name=\"author\" content=\"ati\" \/>\n<meta name=\"twitter:card\" content=\"summary_large_image\" \/>\n<meta name=\"twitter:label1\" content=\"Escrito por\" \/>\n\t<meta name=\"twitter:data1\" content=\"ati\" \/>\n\t<meta name=\"twitter:label2\" content=\"Est. tempo de leitura\" \/>\n\t<meta name=\"twitter:data2\" content=\"1 minuto\" \/>\n<script type=\"application\/ld+json\" class=\"yoast-schema-graph\">{\"@context\":\"https:\/\/schema.org\",\"@graph\":[{\"@type\":\"Article\",\"@id\":\"https:\/\/clinicadh.direito.ufmg.br\/index.php\/2017\/07\/03\/selecionados-2fase-edital02-2017\/#article\",\"isPartOf\":{\"@id\":\"https:\/\/clinicadh.direito.ufmg.br\/index.php\/2017\/07\/03\/selecionados-2fase-edital02-2017\/\"},\"author\":{\"name\":\"ati\",\"@id\":\"https:\/\/clinicadh.direito.ufmg.br\/#\/schema\/person\/6ddb97cd27f7f33fa95646b26e43a114\"},\"headline\":\"Lista de Selecionados para a 2\u00aa Fase do Edital 02\/2017\",\"datePublished\":\"2017-07-03T18:52:47+00:00\",\"dateModified\":\"2019-04-14T18:19:36+00:00\",\"mainEntityOfPage\":{\"@id\":\"https:\/\/clinicadh.direito.ufmg.br\/index.php\/2017\/07\/03\/selecionados-2fase-edital02-2017\/\"},\"wordCount\":118,\"commentCount\":0,\"publisher\":{\"@id\":\"https:\/\/clinicadh.direito.ufmg.br\/#organization\"},\"articleSection\":[\"Sele\u00e7\u00e3o\"],\"inLanguage\":\"pt-BR\",\"potentialAction\":[{\"@type\":\"CommentAction\",\"name\":\"Comment\",\"target\":[\"https:\/\/clinicadh.direito.ufmg.br\/index.php\/2017\/07\/03\/selecionados-2fase-edital02-2017\/#respond\"]}]},{\"@type\":\"WebPage\",\"@id\":\"https:\/\/clinicadh.direito.ufmg.br\/index.php\/2017\/07\/03\/selecionados-2fase-edital02-2017\/\",\"url\":\"https:\/\/clinicadh.direito.ufmg.br\/index.php\/2017\/07\/03\/selecionados-2fase-edital02-2017\/\",\"name\":\"Lista de Selecionados para a 2\u00aa Fase do Edital 02\/2017 - Cl\u00ednica de Direitos Humanos da UFMG\",\"isPartOf\":{\"@id\":\"https:\/\/clinicadh.direito.ufmg.br\/#website\"},\"datePublished\":\"2017-07-03T18:52:47+00:00\",\"dateModified\":\"2019-04-14T18:19:36+00:00\",\"breadcrumb\":{\"@id\":\"https:\/\/clinicadh.direito.ufmg.br\/index.php\/2017\/07\/03\/selecionados-2fase-edital02-2017\/#breadcrumb\"},\"inLanguage\":\"pt-BR\",\"potentialAction\":[{\"@type\":\"ReadAction\",\"target\":[\"https:\/\/clinicadh.direito.ufmg.br\/index.php\/2017\/07\/03\/selecionados-2fase-edital02-2017\/\"]}]},{\"@type\":\"BreadcrumbList\",\"@id\":\"https:\/\/clinicadh.direito.ufmg.br\/index.php\/2017\/07\/03\/selecionados-2fase-edital02-2017\/#breadcrumb\",\"itemListElement\":[{\"@type\":\"ListItem\",\"position\":1,\"name\":\"In\u00edcio\",\"item\":\"https:\/\/clinicadh.direito.ufmg.br\/\"},{\"@type\":\"ListItem\",\"position\":2,\"name\":\"Lista de Selecionados para a 2\u00aa Fase do Edital 02\/2017\"}]},{\"@type\":\"WebSite\",\"@id\":\"https:\/\/clinicadh.direito.ufmg.br\/#website\",\"url\":\"https:\/\/clinicadh.direito.ufmg.br\/\",\"name\":\"Cl\u00ednica de Direitos Humanos da UFMG\",\"description\":\"Cl\u00ednica de Direitos Humanos da Universidade Federal de Minas Gerais\",\"publisher\":{\"@id\":\"https:\/\/clinicadh.direito.ufmg.br\/#organization\"},\"potentialAction\":[{\"@type\":\"SearchAction\",\"target\":{\"@type\":\"EntryPoint\",\"urlTemplate\":\"https:\/\/clinicadh.direito.ufmg.br\/?s={search_term_string}\"},\"query-input\":{\"@type\":\"PropertyValueSpecification\",\"valueRequired\":true,\"valueName\":\"search_term_string\"}}],\"inLanguage\":\"pt-BR\"},{\"@type\":\"Organization\",\"@id\":\"https:\/\/clinicadh.direito.ufmg.br\/#organization\",\"name\":\"Cl\u00ednica de Direitos Humanos da UFMG\",\"url\":\"https:\/\/clinicadh.direito.ufmg.br\/\",\"logo\":{\"@type\":\"ImageObject\",\"inLanguage\":\"pt-BR\",\"@id\":\"https:\/\/clinicadh.direito.ufmg.br\/#\/schema\/logo\/image\/\",\"url\":\"https:\/\/clinicadh.direito.ufmg.br\/wp-content\/uploads\/2015\/06\/c.jpg\",\"contentUrl\":\"https:\/\/clinicadh.direito.ufmg.br\/wp-content\/uploads\/2015\/06\/c.jpg\",\"width\":1200,\"height\":500,\"caption\":\"Cl\u00ednica de Direitos Humanos da UFMG\"},\"image\":{\"@id\":\"https:\/\/clinicadh.direito.ufmg.br\/#\/schema\/logo\/image\/\"},\"sameAs\":[\"https:\/\/www.facebook.com\/cdhufmg\/?eid=ARBDSQLce69q0_8v--9A5W6uQzSMctjXi-aHCPLj-fZRI0TKZQaBy-H1YgM9D-FJc2tGPQyTyAg3EYce\"]},{\"@type\":\"Person\",\"@id\":\"https:\/\/clinicadh.direito.ufmg.br\/#\/schema\/person\/6ddb97cd27f7f33fa95646b26e43a114\",\"name\":\"ati\",\"image\":{\"@type\":\"ImageObject\",\"inLanguage\":\"pt-BR\",\"@id\":\"https:\/\/clinicadh.direito.ufmg.br\/#\/schema\/person\/image\/\",\"url\":\"https:\/\/secure.gravatar.com\/avatar\/be7ec997da34e438b220697afc2daf36f36424760fa31a1f87a4c437de558476?s=96&d=mm&r=g\",\"contentUrl\":\"https:\/\/secure.gravatar.com\/avatar\/be7ec997da34e438b220697afc2daf36f36424760fa31a1f87a4c437de558476?s=96&d=mm&r=g\",\"caption\":\"ati\"}}]}<\/script>\n<!-- \/ Yoast SEO plugin. -->","yoast_head_json":{"title":"Lista de Selecionados para a 2\u00aa Fase do Edital 02\/2017 - Cl\u00ednica de Direitos Humanos da UFMG","robots":{"index":"index","follow":"follow","max-snippet":"max-snippet:-1","max-image-preview":"max-image-preview:large","max-video-preview":"max-video-preview:-1"},"canonical":"https:\/\/clinicadh.direito.ufmg.br\/index.php\/2017\/07\/03\/selecionados-2fase-edital02-2017\/","og_locale":"pt_BR","og_type":"article","og_title":"Lista de Selecionados para a 2\u00aa Fase do Edital 02\/2017 - Cl\u00ednica de Direitos Humanos da UFMG","og_description":"\u00c9 com muita satisfa\u00e7\u00e3o que divulgamos a lista dos convocados a entrevista para sele\u00e7\u00e3o de novos estagi\u00e1rios da Cl\u00ednica de Direitos Humanos da UFMG.\u00a0Os candidatos que n\u00e3o est\u00e3o com nome na lista, n\u00e3o alcan\u00e7aram a nota de corte (6 pontos) na prova escrita. &nbsp; As entrevistas ocorrer\u00e3o no dia 04 de julho, pr\u00f3xima ter\u00e7a-feira, na sede da DAJ\/CdH, localizada no 7\u00ba andar do Edif\u00edcio Villas Boas (p\u00f3s-gradua\u00e7\u00e3o) da Faculdade de Direito e Ci\u00eancias do Estado da UFMG, Av. Jo\u00e3o Pinheiro, n\u00ba 100, Centro,\u00a0nos hor\u00e1rios definidos aqui, nesta tabela, por ordem de chegada. &nbsp; At\u00e9 l\u00e1!","og_url":"https:\/\/clinicadh.direito.ufmg.br\/index.php\/2017\/07\/03\/selecionados-2fase-edital02-2017\/","og_site_name":"Cl\u00ednica de Direitos Humanos da UFMG","article_publisher":"https:\/\/www.facebook.com\/cdhufmg\/?eid=ARBDSQLce69q0_8v--9A5W6uQzSMctjXi-aHCPLj-fZRI0TKZQaBy-H1YgM9D-FJc2tGPQyTyAg3EYce","article_published_time":"2017-07-03T18:52:47+00:00","article_modified_time":"2019-04-14T18:19:36+00:00","author":"ati","twitter_card":"summary_large_image","twitter_misc":{"Escrito por":"ati","Est. tempo de leitura":"1 minuto"},"schema":{"@context":"https:\/\/schema.org","@graph":[{"@type":"Article","@id":"https:\/\/clinicadh.direito.ufmg.br\/index.php\/2017\/07\/03\/selecionados-2fase-edital02-2017\/#article","isPartOf":{"@id":"https:\/\/clinicadh.direito.ufmg.br\/index.php\/2017\/07\/03\/selecionados-2fase-edital02-2017\/"},"author":{"name":"ati","@id":"https:\/\/clinicadh.direito.ufmg.br\/#\/schema\/person\/6ddb97cd27f7f33fa95646b26e43a114"},"headline":"Lista de Selecionados para a 2\u00aa Fase do Edital 02\/2017","datePublished":"2017-07-03T18:52:47+00:00","dateModified":"2019-04-14T18:19:36+00:00","mainEntityOfPage":{"@id":"https:\/\/clinicadh.direito.ufmg.br\/index.php\/2017\/07\/03\/selecionados-2fase-edital02-2017\/"},"wordCount":118,"commentCount":0,"publisher":{"@id":"https:\/\/clinicadh.direito.ufmg.br\/#organization"},"articleSection":["Sele\u00e7\u00e3o"],"inLanguage":"pt-BR","potentialAction":[{"@type":"CommentAction","name":"Comment","target":["https:\/\/clinicadh.direito.ufmg.br\/index.php\/2017\/07\/03\/selecionados-2fase-edital02-2017\/#respond"]}]},{"@type":"WebPage","@id":"https:\/\/clinicadh.direito.ufmg.br\/index.php\/2017\/07\/03\/selecionados-2fase-edital02-2017\/","url":"https:\/\/clinicadh.direito.ufmg.br\/index.php\/2017\/07\/03\/selecionados-2fase-edital02-2017\/","name":"Lista de Selecionados para a 2\u00aa Fase do Edital 02\/2017 - Cl\u00ednica de Direitos Humanos da UFMG","isPartOf":{"@id":"https:\/\/clinicadh.direito.ufmg.br\/#website"},"datePublished":"2017-07-03T18:52:47+00:00","dateModified":"2019-04-14T18:19:36+00:00","breadcrumb":{"@id":"https:\/\/clinicadh.direito.ufmg.br\/index.php\/2017\/07\/03\/selecionados-2fase-edital02-2017\/#breadcrumb"},"inLanguage":"pt-BR","potentialAction":[{"@type":"ReadAction","target":["https:\/\/clinicadh.direito.ufmg.br\/index.php\/2017\/07\/03\/selecionados-2fase-edital02-2017\/"]}]},{"@type":"BreadcrumbList","@id":"https:\/\/clinicadh.direito.ufmg.br\/index.php\/2017\/07\/03\/selecionados-2fase-edital02-2017\/#breadcrumb","itemListElement":[{"@type":"ListItem","position":1,"name":"In\u00edcio","item":"https:\/\/clinicadh.direito.ufmg.br\/"},{"@type":"ListItem","position":2,"name":"Lista de Selecionados para a 2\u00aa Fase do Edital 02\/2017"}]},{"@type":"WebSite","@id":"https:\/\/clinicadh.direito.ufmg.br\/#website","url":"https:\/\/clinicadh.direito.ufmg.br\/","name":"Cl\u00ednica de Direitos Humanos da UFMG","description":"Cl\u00ednica de Direitos Humanos da Universidade Federal de Minas Gerais","publisher":{"@id":"https:\/\/clinicadh.direito.ufmg.br\/#organization"},"potentialAction":[{"@type":"SearchAction","target":{"@type":"EntryPoint","urlTemplate":"https:\/\/clinicadh.direito.ufmg.br\/?s={search_term_string}"},"query-input":{"@type":"PropertyValueSpecification","valueRequired":true,"valueName":"search_term_string"}}],"inLanguage":"pt-BR"},{"@type":"Organization","@id":"https:\/\/clinicadh.direito.ufmg.br\/#organization","name":"Cl\u00ednica de Direitos Humanos da UFMG","url":"https:\/\/clinicadh.direito.ufmg.br\/","logo":{"@type":"ImageObject","inLanguage":"pt-BR","@id":"https:\/\/clinicadh.direito.ufmg.br\/#\/schema\/logo\/image\/","url":"https:\/\/clinicadh.direito.ufmg.br\/wp-content\/uploads\/2015\/06\/c.jpg","contentUrl":"https:\/\/clinicadh.direito.ufmg.br\/wp-content\/uploads\/2015\/06\/c.jpg","width":1200,"height":500,"caption":"Cl\u00ednica de Direitos Humanos da UFMG"},"image":{"@id":"https:\/\/clinicadh.direito.ufmg.br\/#\/schema\/logo\/image\/"},"sameAs":["https:\/\/www.facebook.com\/cdhufmg\/?eid=ARBDSQLce69q0_8v--9A5W6uQzSMctjXi-aHCPLj-fZRI0TKZQaBy-H1YgM9D-FJc2tGPQyTyAg3EYce"]},{"@type":"Person","@id":"https:\/\/clinicadh.direito.ufmg.br\/#\/schema\/person\/6ddb97cd27f7f33fa95646b26e43a114","name":"ati","image":{"@type":"ImageObject","inLanguage":"pt-BR","@id":"https:\/\/clinicadh.direito.ufmg.br\/#\/schema\/person\/image\/","url":"https:\/\/secure.gravatar.com\/avatar\/be7ec997da34e438b220697afc2daf36f36424760fa31a1f87a4c437de558476?s=96&d=mm&r=g","contentUrl":"https:\/\/secure.gravatar.com\/avatar\/be7ec997da34e438b220697afc2daf36f36424760fa31a1f87a4c437de558476?s=96&d=mm&r=g","caption":"ati"}}]}},"_links":{"self":[{"href":"https:\/\/clinicadh.direito.ufmg.br\/index.php\/wp-json\/wp\/v2\/posts\/932","targetHints":{"allow":["GET"]}}],"collection":[{"href":"https:\/\/clinicadh.direito.ufmg.br\/index.php\/wp-json\/wp\/v2\/posts"}],"about":[{"href":"https:\/\/clinicadh.direito.ufmg.br\/index.php\/wp-json\/wp\/v2\/types\/post"}],"author":[{"embeddable":true,"href":"https:\/\/clinicadh.direito.ufmg.br\/index.php\/wp-json\/wp\/v2\/users\/1"}],"replies":[{"embeddable":true,"href":"https:\/\/clinicadh.direito.ufmg.br\/index.php\/wp-json\/wp\/v2\/comments?post=932"}],"version-history":[{"count":0,"href":"https:\/\/clinicadh.direito.ufmg.br\/index.php\/wp-json\/wp\/v2\/posts\/932\/revisions"}],"wp:attachment":[{"href":"https:\/\/clinicadh.direito.ufmg.br\/index.php\/wp-json\/wp\/v2\/media?parent=932"}],"wp:term":[{"taxonomy":"category","embeddable":true,"href":"https:\/\/clinicadh.direito.ufmg.br\/index.php\/wp-json\/wp\/v2\/categories?post=932"},{"taxonomy":"post_tag","embeddable":true,"href":"https:\/\/clinicadh.direito.ufmg.br\/index.php\/wp-json\/wp\/v2\/tags?post=932"}],"curies":[{"name":"wp","href":"https:\/\/api.w.org\/{rel}","templated":true}]}}