{"id":902,"date":"2017-03-29T19:40:25","date_gmt":"2017-03-29T22:40:25","guid":{"rendered":"http:\/\/localhost\/cdh\/?p=902"},"modified":"2019-02-08T19:51:42","modified_gmt":"2019-02-08T21:51:42","slug":"construcoes-interdisciplinares-2017","status":"publish","type":"post","link":"https:\/\/clinicadh.direito.ufmg.br\/index.php\/2017\/03\/29\/construcoes-interdisciplinares-2017\/","title":{"rendered":"Semin\u00e1rio Constru\u00e7\u00f5es Interdisciplinares-2017: o que s\u00e3o Direitos Humanos"},"content":{"rendered":"<p>Com organiza\u00e7\u00e3o da CDH e da DAJ, o semin\u00e1rio buscou discutir, atrav\u00e9s de pain\u00e9is com convidadas e convidadas de v\u00e1rias partes do Brasil, o conceito de direitos humanos para diferentes \u00e1reas do conhecimento, Al\u00e9m disso, foram discutidos os temas da pornografia n\u00e3o-consensual e de adolescentes trans no sistema socioeducativo em sua rela\u00e7\u00e3o com direitos humanos e a atua\u00e7\u00e3o das Cl\u00ednicas Jur\u00eddicas no Brasil.<\/p>\n<p>Ao longo do evento, foi montada uma exposi\u00e7\u00e3o com obras da cole\u00e7\u00e3o \u201cMulheres\u201d da artista mineira Carol Rossetti, que ainda participou de uma roda de conversa sobre direitos humanos e representa\u00e7\u00e3o art\u00edstica.<\/p>\n<p>A CDH recebeu mais de 125 inscri\u00e7\u00f5es de interessados em participar do semin\u00e1rio, entre estudantes universit\u00e1rios de v\u00e1rias institui\u00e7\u00f5es e profissionais ligados \u00e0 \u00e1rea de Direitos Humanos.<\/p>\n<p><img loading=\"lazy\" decoding=\"async\" class=\"aligncenter size-full wp-image-904\" src=\"http:\/\/localhost\/cdh\/wp-content\/uploads\/2019\/02\/noticia-20170329.jpg\" alt=\"\" width=\"555\" height=\"393\" srcset=\"https:\/\/clinicadh.direito.ufmg.br\/wp-content\/uploads\/2019\/02\/noticia-20170329.jpg 555w, https:\/\/clinicadh.direito.ufmg.br\/wp-content\/uploads\/2019\/02\/noticia-20170329-300x212.jpg 300w\" sizes=\"auto, (max-width: 555px) 100vw, 555px\" \/><\/p>\n","protected":false},"excerpt":{"rendered":"<p>Com organiza\u00e7\u00e3o da CDH e da DAJ, o semin\u00e1rio buscou discutir, atrav\u00e9s de pain\u00e9is com convidadas e convidadas de v\u00e1rias partes do Brasil, o conceito de direitos humanos para diferentes \u00e1reas do conhecimento, Al\u00e9m disso, foram discutidos os temas da pornografia n\u00e3o-consensual e de adolescentes trans no sistema socioeducativo em sua rela\u00e7\u00e3o com direitos humanos e a atua\u00e7\u00e3o das Cl\u00ednicas Jur\u00eddicas no Brasil. Ao longo do evento, foi montada uma exposi\u00e7\u00e3o com obras da cole\u00e7\u00e3o \u201cMulheres\u201d da artista mineira Carol Rossetti, que ainda participou de uma roda de conversa sobre direitos humanos e representa\u00e7\u00e3o art\u00edstica. A CDH recebeu mais de 125 inscri\u00e7\u00f5es de interessados em participar do semin\u00e1rio, entre estudantes universit\u00e1rios de v\u00e1rias institui\u00e7\u00f5es e profissionais ligados \u00e0 \u00e1rea de Direitos Humanos.<\/p>\n","protected":false},"author":1,"featured_media":0,"comment_status":"open","ping_status":"open","sticky":false,"template":"","format":"standard","meta":{"footnotes":""},"categories":[1],"tags":[9,4,24,23],"class_list":["post-902","post","type-post","status-publish","format-standard","hentry","category-noticias","tag-cdh","tag-eventos","tag-o-que-sao-direitos-humanos","tag-seminario"],"yoast_head":"<!-- This site is optimized with the Yoast SEO plugin v25.3 - https:\/\/yoast.com\/wordpress\/plugins\/seo\/ -->\n<title>Semin\u00e1rio Constru\u00e7\u00f5es Interdisciplinares-2017: o que s\u00e3o Direitos Humanos - Cl\u00ednica de Direitos Humanos da UFMG<\/title>\n<meta name=\"robots\" content=\"index, follow, max-snippet:-1, max-image-preview:large, max-video-preview:-1\" \/>\n<link rel=\"canonical\" href=\"https:\/\/clinicadh.direito.ufmg.br\/index.php\/2017\/03\/29\/construcoes-interdisciplinares-2017\/\" \/>\n<meta property=\"og:locale\" content=\"pt_BR\" \/>\n<meta property=\"og:type\" content=\"article\" \/>\n<meta property=\"og:title\" content=\"Semin\u00e1rio Constru\u00e7\u00f5es Interdisciplinares-2017: o que s\u00e3o Direitos Humanos - Cl\u00ednica de Direitos Humanos da UFMG\" \/>\n<meta property=\"og:description\" content=\"Com organiza\u00e7\u00e3o da CDH e da DAJ, o semin\u00e1rio buscou discutir, atrav\u00e9s de pain\u00e9is com convidadas e convidadas de v\u00e1rias partes do Brasil, o conceito de direitos humanos para diferentes \u00e1reas do conhecimento, Al\u00e9m disso, foram discutidos os temas da pornografia n\u00e3o-consensual e de adolescentes trans no sistema socioeducativo em sua rela\u00e7\u00e3o com direitos humanos e a atua\u00e7\u00e3o das Cl\u00ednicas Jur\u00eddicas no Brasil. Ao longo do evento, foi montada uma exposi\u00e7\u00e3o com obras da cole\u00e7\u00e3o \u201cMulheres\u201d da artista mineira Carol Rossetti, que ainda participou de uma roda de conversa sobre direitos humanos e representa\u00e7\u00e3o art\u00edstica. A CDH recebeu mais de 125 inscri\u00e7\u00f5es de interessados em participar do semin\u00e1rio, entre estudantes universit\u00e1rios de v\u00e1rias institui\u00e7\u00f5es e profissionais ligados \u00e0 \u00e1rea de Direitos Humanos.\" \/>\n<meta property=\"og:url\" content=\"https:\/\/clinicadh.direito.ufmg.br\/index.php\/2017\/03\/29\/construcoes-interdisciplinares-2017\/\" \/>\n<meta property=\"og:site_name\" content=\"Cl\u00ednica de Direitos Humanos da UFMG\" \/>\n<meta property=\"article:publisher\" content=\"https:\/\/www.facebook.com\/cdhufmg\/?eid=ARBDSQLce69q0_8v--9A5W6uQzSMctjXi-aHCPLj-fZRI0TKZQaBy-H1YgM9D-FJc2tGPQyTyAg3EYce\" \/>\n<meta property=\"article:published_time\" content=\"2017-03-29T22:40:25+00:00\" \/>\n<meta property=\"article:modified_time\" content=\"2019-02-08T21:51:42+00:00\" \/>\n<meta property=\"og:image\" content=\"http:\/\/localhost\/cdh\/wp-content\/uploads\/2019\/02\/noticia-20170329.jpg\" \/>\n<meta name=\"author\" content=\"ati\" \/>\n<meta name=\"twitter:card\" content=\"summary_large_image\" \/>\n<meta name=\"twitter:label1\" content=\"Escrito por\" \/>\n\t<meta name=\"twitter:data1\" content=\"ati\" \/>\n\t<meta name=\"twitter:label2\" content=\"Est. tempo de leitura\" \/>\n\t<meta name=\"twitter:data2\" content=\"1 minuto\" \/>\n<script type=\"application\/ld+json\" class=\"yoast-schema-graph\">{\"@context\":\"https:\/\/schema.org\",\"@graph\":[{\"@type\":\"Article\",\"@id\":\"https:\/\/clinicadh.direito.ufmg.br\/index.php\/2017\/03\/29\/construcoes-interdisciplinares-2017\/#article\",\"isPartOf\":{\"@id\":\"https:\/\/clinicadh.direito.ufmg.br\/index.php\/2017\/03\/29\/construcoes-interdisciplinares-2017\/\"},\"author\":{\"name\":\"ati\",\"@id\":\"https:\/\/clinicadh.direito.ufmg.br\/#\/schema\/person\/6ddb97cd27f7f33fa95646b26e43a114\"},\"headline\":\"Semin\u00e1rio Constru\u00e7\u00f5es Interdisciplinares-2017: o que s\u00e3o Direitos Humanos\",\"datePublished\":\"2017-03-29T22:40:25+00:00\",\"dateModified\":\"2019-02-08T21:51:42+00:00\",\"mainEntityOfPage\":{\"@id\":\"https:\/\/clinicadh.direito.ufmg.br\/index.php\/2017\/03\/29\/construcoes-interdisciplinares-2017\/\"},\"wordCount\":151,\"commentCount\":0,\"publisher\":{\"@id\":\"https:\/\/clinicadh.direito.ufmg.br\/#organization\"},\"image\":{\"@id\":\"https:\/\/clinicadh.direito.ufmg.br\/index.php\/2017\/03\/29\/construcoes-interdisciplinares-2017\/#primaryimage\"},\"thumbnailUrl\":\"http:\/\/localhost\/cdh\/wp-content\/uploads\/2019\/02\/noticia-20170329.jpg\",\"keywords\":[\"CdH\",\"Eventos\",\"O que s\u00e3o direitos humanos?\",\"Semin\u00e1rio\"],\"articleSection\":[\"Not\u00edcias\"],\"inLanguage\":\"pt-BR\",\"potentialAction\":[{\"@type\":\"CommentAction\",\"name\":\"Comment\",\"target\":[\"https:\/\/clinicadh.direito.ufmg.br\/index.php\/2017\/03\/29\/construcoes-interdisciplinares-2017\/#respond\"]}]},{\"@type\":\"WebPage\",\"@id\":\"https:\/\/clinicadh.direito.ufmg.br\/index.php\/2017\/03\/29\/construcoes-interdisciplinares-2017\/\",\"url\":\"https:\/\/clinicadh.direito.ufmg.br\/index.php\/2017\/03\/29\/construcoes-interdisciplinares-2017\/\",\"name\":\"Semin\u00e1rio Constru\u00e7\u00f5es Interdisciplinares-2017: o que s\u00e3o Direitos Humanos - Cl\u00ednica de Direitos Humanos da UFMG\",\"isPartOf\":{\"@id\":\"https:\/\/clinicadh.direito.ufmg.br\/#website\"},\"primaryImageOfPage\":{\"@id\":\"https:\/\/clinicadh.direito.ufmg.br\/index.php\/2017\/03\/29\/construcoes-interdisciplinares-2017\/#primaryimage\"},\"image\":{\"@id\":\"https:\/\/clinicadh.direito.ufmg.br\/index.php\/2017\/03\/29\/construcoes-interdisciplinares-2017\/#primaryimage\"},\"thumbnailUrl\":\"http:\/\/localhost\/cdh\/wp-content\/uploads\/2019\/02\/noticia-20170329.jpg\",\"datePublished\":\"2017-03-29T22:40:25+00:00\",\"dateModified\":\"2019-02-08T21:51:42+00:00\",\"breadcrumb\":{\"@id\":\"https:\/\/clinicadh.direito.ufmg.br\/index.php\/2017\/03\/29\/construcoes-interdisciplinares-2017\/#breadcrumb\"},\"inLanguage\":\"pt-BR\",\"potentialAction\":[{\"@type\":\"ReadAction\",\"target\":[\"https:\/\/clinicadh.direito.ufmg.br\/index.php\/2017\/03\/29\/construcoes-interdisciplinares-2017\/\"]}]},{\"@type\":\"ImageObject\",\"inLanguage\":\"pt-BR\",\"@id\":\"https:\/\/clinicadh.direito.ufmg.br\/index.php\/2017\/03\/29\/construcoes-interdisciplinares-2017\/#primaryimage\",\"url\":\"http:\/\/localhost\/cdh\/wp-content\/uploads\/2019\/02\/noticia-20170329.jpg\",\"contentUrl\":\"http:\/\/localhost\/cdh\/wp-content\/uploads\/2019\/02\/noticia-20170329.jpg\"},{\"@type\":\"BreadcrumbList\",\"@id\":\"https:\/\/clinicadh.direito.ufmg.br\/index.php\/2017\/03\/29\/construcoes-interdisciplinares-2017\/#breadcrumb\",\"itemListElement\":[{\"@type\":\"ListItem\",\"position\":1,\"name\":\"In\u00edcio\",\"item\":\"https:\/\/clinicadh.direito.ufmg.br\/\"},{\"@type\":\"ListItem\",\"position\":2,\"name\":\"Semin\u00e1rio Constru\u00e7\u00f5es Interdisciplinares-2017: o que s\u00e3o Direitos Humanos\"}]},{\"@type\":\"WebSite\",\"@id\":\"https:\/\/clinicadh.direito.ufmg.br\/#website\",\"url\":\"https:\/\/clinicadh.direito.ufmg.br\/\",\"name\":\"Cl\u00ednica de Direitos Humanos da UFMG\",\"description\":\"Cl\u00ednica de Direitos Humanos da Universidade Federal de Minas Gerais\",\"publisher\":{\"@id\":\"https:\/\/clinicadh.direito.ufmg.br\/#organization\"},\"potentialAction\":[{\"@type\":\"SearchAction\",\"target\":{\"@type\":\"EntryPoint\",\"urlTemplate\":\"https:\/\/clinicadh.direito.ufmg.br\/?s={search_term_string}\"},\"query-input\":{\"@type\":\"PropertyValueSpecification\",\"valueRequired\":true,\"valueName\":\"search_term_string\"}}],\"inLanguage\":\"pt-BR\"},{\"@type\":\"Organization\",\"@id\":\"https:\/\/clinicadh.direito.ufmg.br\/#organization\",\"name\":\"Cl\u00ednica de Direitos Humanos da UFMG\",\"url\":\"https:\/\/clinicadh.direito.ufmg.br\/\",\"logo\":{\"@type\":\"ImageObject\",\"inLanguage\":\"pt-BR\",\"@id\":\"https:\/\/clinicadh.direito.ufmg.br\/#\/schema\/logo\/image\/\",\"url\":\"https:\/\/clinicadh.direito.ufmg.br\/wp-content\/uploads\/2015\/06\/c.jpg\",\"contentUrl\":\"https:\/\/clinicadh.direito.ufmg.br\/wp-content\/uploads\/2015\/06\/c.jpg\",\"width\":1200,\"height\":500,\"caption\":\"Cl\u00ednica de Direitos Humanos da UFMG\"},\"image\":{\"@id\":\"https:\/\/clinicadh.direito.ufmg.br\/#\/schema\/logo\/image\/\"},\"sameAs\":[\"https:\/\/www.facebook.com\/cdhufmg\/?eid=ARBDSQLce69q0_8v--9A5W6uQzSMctjXi-aHCPLj-fZRI0TKZQaBy-H1YgM9D-FJc2tGPQyTyAg3EYce\"]},{\"@type\":\"Person\",\"@id\":\"https:\/\/clinicadh.direito.ufmg.br\/#\/schema\/person\/6ddb97cd27f7f33fa95646b26e43a114\",\"name\":\"ati\",\"image\":{\"@type\":\"ImageObject\",\"inLanguage\":\"pt-BR\",\"@id\":\"https:\/\/clinicadh.direito.ufmg.br\/#\/schema\/person\/image\/\",\"url\":\"https:\/\/secure.gravatar.com\/avatar\/be7ec997da34e438b220697afc2daf36f36424760fa31a1f87a4c437de558476?s=96&d=mm&r=g\",\"contentUrl\":\"https:\/\/secure.gravatar.com\/avatar\/be7ec997da34e438b220697afc2daf36f36424760fa31a1f87a4c437de558476?s=96&d=mm&r=g\",\"caption\":\"ati\"}}]}<\/script>\n<!-- \/ Yoast SEO plugin. -->","yoast_head_json":{"title":"Semin\u00e1rio Constru\u00e7\u00f5es Interdisciplinares-2017: o que s\u00e3o Direitos Humanos - Cl\u00ednica de Direitos Humanos da UFMG","robots":{"index":"index","follow":"follow","max-snippet":"max-snippet:-1","max-image-preview":"max-image-preview:large","max-video-preview":"max-video-preview:-1"},"canonical":"https:\/\/clinicadh.direito.ufmg.br\/index.php\/2017\/03\/29\/construcoes-interdisciplinares-2017\/","og_locale":"pt_BR","og_type":"article","og_title":"Semin\u00e1rio Constru\u00e7\u00f5es Interdisciplinares-2017: o que s\u00e3o Direitos Humanos - Cl\u00ednica de Direitos Humanos da UFMG","og_description":"Com organiza\u00e7\u00e3o da CDH e da DAJ, o semin\u00e1rio buscou discutir, atrav\u00e9s de pain\u00e9is com convidadas e convidadas de v\u00e1rias partes do Brasil, o conceito de direitos humanos para diferentes \u00e1reas do conhecimento, Al\u00e9m disso, foram discutidos os temas da pornografia n\u00e3o-consensual e de adolescentes trans no sistema socioeducativo em sua rela\u00e7\u00e3o com direitos humanos e a atua\u00e7\u00e3o das Cl\u00ednicas Jur\u00eddicas no Brasil. Ao longo do evento, foi montada uma exposi\u00e7\u00e3o com obras da cole\u00e7\u00e3o \u201cMulheres\u201d da artista mineira Carol Rossetti, que ainda participou de uma roda de conversa sobre direitos humanos e representa\u00e7\u00e3o art\u00edstica. A CDH recebeu mais de 125 inscri\u00e7\u00f5es de interessados em participar do semin\u00e1rio, entre estudantes universit\u00e1rios de v\u00e1rias institui\u00e7\u00f5es e profissionais ligados \u00e0 \u00e1rea de Direitos Humanos.","og_url":"https:\/\/clinicadh.direito.ufmg.br\/index.php\/2017\/03\/29\/construcoes-interdisciplinares-2017\/","og_site_name":"Cl\u00ednica de Direitos Humanos da UFMG","article_publisher":"https:\/\/www.facebook.com\/cdhufmg\/?eid=ARBDSQLce69q0_8v--9A5W6uQzSMctjXi-aHCPLj-fZRI0TKZQaBy-H1YgM9D-FJc2tGPQyTyAg3EYce","article_published_time":"2017-03-29T22:40:25+00:00","article_modified_time":"2019-02-08T21:51:42+00:00","og_image":[{"url":"http:\/\/localhost\/cdh\/wp-content\/uploads\/2019\/02\/noticia-20170329.jpg","type":"","width":"","height":""}],"author":"ati","twitter_card":"summary_large_image","twitter_misc":{"Escrito por":"ati","Est. tempo de leitura":"1 minuto"},"schema":{"@context":"https:\/\/schema.org","@graph":[{"@type":"Article","@id":"https:\/\/clinicadh.direito.ufmg.br\/index.php\/2017\/03\/29\/construcoes-interdisciplinares-2017\/#article","isPartOf":{"@id":"https:\/\/clinicadh.direito.ufmg.br\/index.php\/2017\/03\/29\/construcoes-interdisciplinares-2017\/"},"author":{"name":"ati","@id":"https:\/\/clinicadh.direito.ufmg.br\/#\/schema\/person\/6ddb97cd27f7f33fa95646b26e43a114"},"headline":"Semin\u00e1rio Constru\u00e7\u00f5es Interdisciplinares-2017: o que s\u00e3o Direitos Humanos","datePublished":"2017-03-29T22:40:25+00:00","dateModified":"2019-02-08T21:51:42+00:00","mainEntityOfPage":{"@id":"https:\/\/clinicadh.direito.ufmg.br\/index.php\/2017\/03\/29\/construcoes-interdisciplinares-2017\/"},"wordCount":151,"commentCount":0,"publisher":{"@id":"https:\/\/clinicadh.direito.ufmg.br\/#organization"},"image":{"@id":"https:\/\/clinicadh.direito.ufmg.br\/index.php\/2017\/03\/29\/construcoes-interdisciplinares-2017\/#primaryimage"},"thumbnailUrl":"http:\/\/localhost\/cdh\/wp-content\/uploads\/2019\/02\/noticia-20170329.jpg","keywords":["CdH","Eventos","O que s\u00e3o direitos humanos?","Semin\u00e1rio"],"articleSection":["Not\u00edcias"],"inLanguage":"pt-BR","potentialAction":[{"@type":"CommentAction","name":"Comment","target":["https:\/\/clinicadh.direito.ufmg.br\/index.php\/2017\/03\/29\/construcoes-interdisciplinares-2017\/#respond"]}]},{"@type":"WebPage","@id":"https:\/\/clinicadh.direito.ufmg.br\/index.php\/2017\/03\/29\/construcoes-interdisciplinares-2017\/","url":"https:\/\/clinicadh.direito.ufmg.br\/index.php\/2017\/03\/29\/construcoes-interdisciplinares-2017\/","name":"Semin\u00e1rio Constru\u00e7\u00f5es Interdisciplinares-2017: o que s\u00e3o Direitos Humanos - Cl\u00ednica de Direitos Humanos da UFMG","isPartOf":{"@id":"https:\/\/clinicadh.direito.ufmg.br\/#website"},"primaryImageOfPage":{"@id":"https:\/\/clinicadh.direito.ufmg.br\/index.php\/2017\/03\/29\/construcoes-interdisciplinares-2017\/#primaryimage"},"image":{"@id":"https:\/\/clinicadh.direito.ufmg.br\/index.php\/2017\/03\/29\/construcoes-interdisciplinares-2017\/#primaryimage"},"thumbnailUrl":"http:\/\/localhost\/cdh\/wp-content\/uploads\/2019\/02\/noticia-20170329.jpg","datePublished":"2017-03-29T22:40:25+00:00","dateModified":"2019-02-08T21:51:42+00:00","breadcrumb":{"@id":"https:\/\/clinicadh.direito.ufmg.br\/index.php\/2017\/03\/29\/construcoes-interdisciplinares-2017\/#breadcrumb"},"inLanguage":"pt-BR","potentialAction":[{"@type":"ReadAction","target":["https:\/\/clinicadh.direito.ufmg.br\/index.php\/2017\/03\/29\/construcoes-interdisciplinares-2017\/"]}]},{"@type":"ImageObject","inLanguage":"pt-BR","@id":"https:\/\/clinicadh.direito.ufmg.br\/index.php\/2017\/03\/29\/construcoes-interdisciplinares-2017\/#primaryimage","url":"http:\/\/localhost\/cdh\/wp-content\/uploads\/2019\/02\/noticia-20170329.jpg","contentUrl":"http:\/\/localhost\/cdh\/wp-content\/uploads\/2019\/02\/noticia-20170329.jpg"},{"@type":"BreadcrumbList","@id":"https:\/\/clinicadh.direito.ufmg.br\/index.php\/2017\/03\/29\/construcoes-interdisciplinares-2017\/#breadcrumb","itemListElement":[{"@type":"ListItem","position":1,"name":"In\u00edcio","item":"https:\/\/clinicadh.direito.ufmg.br\/"},{"@type":"ListItem","position":2,"name":"Semin\u00e1rio Constru\u00e7\u00f5es Interdisciplinares-2017: o que s\u00e3o Direitos Humanos"}]},{"@type":"WebSite","@id":"https:\/\/clinicadh.direito.ufmg.br\/#website","url":"https:\/\/clinicadh.direito.ufmg.br\/","name":"Cl\u00ednica de Direitos Humanos da UFMG","description":"Cl\u00ednica de Direitos Humanos da Universidade Federal de Minas Gerais","publisher":{"@id":"https:\/\/clinicadh.direito.ufmg.br\/#organization"},"potentialAction":[{"@type":"SearchAction","target":{"@type":"EntryPoint","urlTemplate":"https:\/\/clinicadh.direito.ufmg.br\/?s={search_term_string}"},"query-input":{"@type":"PropertyValueSpecification","valueRequired":true,"valueName":"search_term_string"}}],"inLanguage":"pt-BR"},{"@type":"Organization","@id":"https:\/\/clinicadh.direito.ufmg.br\/#organization","name":"Cl\u00ednica de Direitos Humanos da UFMG","url":"https:\/\/clinicadh.direito.ufmg.br\/","logo":{"@type":"ImageObject","inLanguage":"pt-BR","@id":"https:\/\/clinicadh.direito.ufmg.br\/#\/schema\/logo\/image\/","url":"https:\/\/clinicadh.direito.ufmg.br\/wp-content\/uploads\/2015\/06\/c.jpg","contentUrl":"https:\/\/clinicadh.direito.ufmg.br\/wp-content\/uploads\/2015\/06\/c.jpg","width":1200,"height":500,"caption":"Cl\u00ednica de Direitos Humanos da UFMG"},"image":{"@id":"https:\/\/clinicadh.direito.ufmg.br\/#\/schema\/logo\/image\/"},"sameAs":["https:\/\/www.facebook.com\/cdhufmg\/?eid=ARBDSQLce69q0_8v--9A5W6uQzSMctjXi-aHCPLj-fZRI0TKZQaBy-H1YgM9D-FJc2tGPQyTyAg3EYce"]},{"@type":"Person","@id":"https:\/\/clinicadh.direito.ufmg.br\/#\/schema\/person\/6ddb97cd27f7f33fa95646b26e43a114","name":"ati","image":{"@type":"ImageObject","inLanguage":"pt-BR","@id":"https:\/\/clinicadh.direito.ufmg.br\/#\/schema\/person\/image\/","url":"https:\/\/secure.gravatar.com\/avatar\/be7ec997da34e438b220697afc2daf36f36424760fa31a1f87a4c437de558476?s=96&d=mm&r=g","contentUrl":"https:\/\/secure.gravatar.com\/avatar\/be7ec997da34e438b220697afc2daf36f36424760fa31a1f87a4c437de558476?s=96&d=mm&r=g","caption":"ati"}}]}},"_links":{"self":[{"href":"https:\/\/clinicadh.direito.ufmg.br\/index.php\/wp-json\/wp\/v2\/posts\/902","targetHints":{"allow":["GET"]}}],"collection":[{"href":"https:\/\/clinicadh.direito.ufmg.br\/index.php\/wp-json\/wp\/v2\/posts"}],"about":[{"href":"https:\/\/clinicadh.direito.ufmg.br\/index.php\/wp-json\/wp\/v2\/types\/post"}],"author":[{"embeddable":true,"href":"https:\/\/clinicadh.direito.ufmg.br\/index.php\/wp-json\/wp\/v2\/users\/1"}],"replies":[{"embeddable":true,"href":"https:\/\/clinicadh.direito.ufmg.br\/index.php\/wp-json\/wp\/v2\/comments?post=902"}],"version-history":[{"count":0,"href":"https:\/\/clinicadh.direito.ufmg.br\/index.php\/wp-json\/wp\/v2\/posts\/902\/revisions"}],"wp:attachment":[{"href":"https:\/\/clinicadh.direito.ufmg.br\/index.php\/wp-json\/wp\/v2\/media?parent=902"}],"wp:term":[{"taxonomy":"category","embeddable":true,"href":"https:\/\/clinicadh.direito.ufmg.br\/index.php\/wp-json\/wp\/v2\/categories?post=902"},{"taxonomy":"post_tag","embeddable":true,"href":"https:\/\/clinicadh.direito.ufmg.br\/index.php\/wp-json\/wp\/v2\/tags?post=902"}],"curies":[{"name":"wp","href":"https:\/\/api.w.org\/{rel}","templated":true}]}}