{"id":885,"date":"2017-03-06T19:13:52","date_gmt":"2017-03-06T22:13:52","guid":{"rendered":"http:\/\/localhost\/cdh\/?p=885"},"modified":"2019-04-14T15:20:18","modified_gmt":"2019-04-14T18:20:18","slug":"processo-de-selecao-para-bolsas","status":"publish","type":"post","link":"https:\/\/clinicadh.direito.ufmg.br\/index.php\/2017\/03\/06\/processo-de-selecao-para-bolsas\/","title":{"rendered":"CdH abre processo de sele\u00e7\u00e3o para bolsas"},"content":{"rendered":"<p>A Cl\u00ednica de Direitos Humanos da UFMG, Programa de Ensino, Pesquisa e Extens\u00e3o da Faculdade de Direito\u00a0 e Ci\u00eancias do Estado da Universidade Federal de Minas Gerais faz saber que est\u00e1 aberto processo seletivo destinado a preenchimento de 2 (duas) vagas de extens\u00e3o para bolsas regulares PBEXT.<\/p>\n<p>Os detalhes est\u00e3o dispon\u00edveis <a href=\"http:\/\/localhost\/cdh\/wp-content\/uploads\/2019\/02\/noticia-20170306-edital012017.pdf\" target=\"_blank\" rel=\"noopener noreferrer\">aqui no edital<\/a>.<\/p>\n<p>As inscri\u00e7\u00f5es podem ser feitas at\u00e9 o dia 14 de mar\u00e7o de 2017.<\/p>\n","protected":false},"excerpt":{"rendered":"<p>A Cl\u00ednica de Direitos Humanos da UFMG, Programa de Ensino, Pesquisa e Extens\u00e3o da Faculdade de Direito\u00a0 e Ci\u00eancias do Estado da Universidade Federal de Minas Gerais faz saber que est\u00e1 aberto processo seletivo destinado a preenchimento de 2 (duas) vagas de extens\u00e3o para bolsas regulares PBEXT. Os detalhes est\u00e3o dispon\u00edveis aqui no edital. As inscri\u00e7\u00f5es podem ser feitas at\u00e9 o dia 14 de mar\u00e7o de 2017.<\/p>\n","protected":false},"author":1,"featured_media":0,"comment_status":"open","ping_status":"open","sticky":false,"template":"","format":"standard","meta":{"footnotes":""},"categories":[55],"tags":[],"class_list":["post-885","post","type-post","status-publish","format-standard","hentry","category-selecao"],"yoast_head":"<!-- This site is optimized with the Yoast SEO plugin v25.3 - https:\/\/yoast.com\/wordpress\/plugins\/seo\/ -->\n<title>CdH abre processo de sele\u00e7\u00e3o para bolsas - Cl\u00ednica de Direitos Humanos da UFMG<\/title>\n<meta name=\"robots\" content=\"index, follow, max-snippet:-1, max-image-preview:large, max-video-preview:-1\" \/>\n<link rel=\"canonical\" href=\"https:\/\/clinicadh.direito.ufmg.br\/index.php\/2017\/03\/06\/processo-de-selecao-para-bolsas\/\" \/>\n<meta property=\"og:locale\" content=\"pt_BR\" \/>\n<meta property=\"og:type\" content=\"article\" \/>\n<meta property=\"og:title\" content=\"CdH abre processo de sele\u00e7\u00e3o para bolsas - Cl\u00ednica de Direitos Humanos da UFMG\" \/>\n<meta property=\"og:description\" content=\"A Cl\u00ednica de Direitos Humanos da UFMG, Programa de Ensino, Pesquisa e Extens\u00e3o da Faculdade de Direito\u00a0 e Ci\u00eancias do Estado da Universidade Federal de Minas Gerais faz saber que est\u00e1 aberto processo seletivo destinado a preenchimento de 2 (duas) vagas de extens\u00e3o para bolsas regulares PBEXT. Os detalhes est\u00e3o dispon\u00edveis aqui no edital. As inscri\u00e7\u00f5es podem ser feitas at\u00e9 o dia 14 de mar\u00e7o de 2017.\" \/>\n<meta property=\"og:url\" content=\"https:\/\/clinicadh.direito.ufmg.br\/index.php\/2017\/03\/06\/processo-de-selecao-para-bolsas\/\" \/>\n<meta property=\"og:site_name\" content=\"Cl\u00ednica de Direitos Humanos da UFMG\" \/>\n<meta property=\"article:publisher\" content=\"https:\/\/www.facebook.com\/cdhufmg\/?eid=ARBDSQLce69q0_8v--9A5W6uQzSMctjXi-aHCPLj-fZRI0TKZQaBy-H1YgM9D-FJc2tGPQyTyAg3EYce\" \/>\n<meta property=\"article:published_time\" content=\"2017-03-06T22:13:52+00:00\" \/>\n<meta property=\"article:modified_time\" content=\"2019-04-14T18:20:18+00:00\" \/>\n<meta name=\"author\" content=\"ati\" \/>\n<meta name=\"twitter:card\" content=\"summary_large_image\" \/>\n<meta name=\"twitter:label1\" content=\"Escrito por\" \/>\n\t<meta name=\"twitter:data1\" content=\"ati\" \/>\n<script type=\"application\/ld+json\" class=\"yoast-schema-graph\">{\"@context\":\"https:\/\/schema.org\",\"@graph\":[{\"@type\":\"Article\",\"@id\":\"https:\/\/clinicadh.direito.ufmg.br\/index.php\/2017\/03\/06\/processo-de-selecao-para-bolsas\/#article\",\"isPartOf\":{\"@id\":\"https:\/\/clinicadh.direito.ufmg.br\/index.php\/2017\/03\/06\/processo-de-selecao-para-bolsas\/\"},\"author\":{\"name\":\"ati\",\"@id\":\"https:\/\/clinicadh.direito.ufmg.br\/#\/schema\/person\/6ddb97cd27f7f33fa95646b26e43a114\"},\"headline\":\"CdH abre processo de sele\u00e7\u00e3o para bolsas\",\"datePublished\":\"2017-03-06T22:13:52+00:00\",\"dateModified\":\"2019-04-14T18:20:18+00:00\",\"mainEntityOfPage\":{\"@id\":\"https:\/\/clinicadh.direito.ufmg.br\/index.php\/2017\/03\/06\/processo-de-selecao-para-bolsas\/\"},\"wordCount\":80,\"commentCount\":0,\"publisher\":{\"@id\":\"https:\/\/clinicadh.direito.ufmg.br\/#organization\"},\"articleSection\":[\"Sele\u00e7\u00e3o\"],\"inLanguage\":\"pt-BR\",\"potentialAction\":[{\"@type\":\"CommentAction\",\"name\":\"Comment\",\"target\":[\"https:\/\/clinicadh.direito.ufmg.br\/index.php\/2017\/03\/06\/processo-de-selecao-para-bolsas\/#respond\"]}]},{\"@type\":\"WebPage\",\"@id\":\"https:\/\/clinicadh.direito.ufmg.br\/index.php\/2017\/03\/06\/processo-de-selecao-para-bolsas\/\",\"url\":\"https:\/\/clinicadh.direito.ufmg.br\/index.php\/2017\/03\/06\/processo-de-selecao-para-bolsas\/\",\"name\":\"CdH abre processo de sele\u00e7\u00e3o para bolsas - Cl\u00ednica de Direitos Humanos da UFMG\",\"isPartOf\":{\"@id\":\"https:\/\/clinicadh.direito.ufmg.br\/#website\"},\"datePublished\":\"2017-03-06T22:13:52+00:00\",\"dateModified\":\"2019-04-14T18:20:18+00:00\",\"breadcrumb\":{\"@id\":\"https:\/\/clinicadh.direito.ufmg.br\/index.php\/2017\/03\/06\/processo-de-selecao-para-bolsas\/#breadcrumb\"},\"inLanguage\":\"pt-BR\",\"potentialAction\":[{\"@type\":\"ReadAction\",\"target\":[\"https:\/\/clinicadh.direito.ufmg.br\/index.php\/2017\/03\/06\/processo-de-selecao-para-bolsas\/\"]}]},{\"@type\":\"BreadcrumbList\",\"@id\":\"https:\/\/clinicadh.direito.ufmg.br\/index.php\/2017\/03\/06\/processo-de-selecao-para-bolsas\/#breadcrumb\",\"itemListElement\":[{\"@type\":\"ListItem\",\"position\":1,\"name\":\"In\u00edcio\",\"item\":\"https:\/\/clinicadh.direito.ufmg.br\/\"},{\"@type\":\"ListItem\",\"position\":2,\"name\":\"CdH abre processo de sele\u00e7\u00e3o para bolsas\"}]},{\"@type\":\"WebSite\",\"@id\":\"https:\/\/clinicadh.direito.ufmg.br\/#website\",\"url\":\"https:\/\/clinicadh.direito.ufmg.br\/\",\"name\":\"Cl\u00ednica de Direitos Humanos da UFMG\",\"description\":\"Cl\u00ednica de Direitos Humanos da Universidade Federal de Minas Gerais\",\"publisher\":{\"@id\":\"https:\/\/clinicadh.direito.ufmg.br\/#organization\"},\"potentialAction\":[{\"@type\":\"SearchAction\",\"target\":{\"@type\":\"EntryPoint\",\"urlTemplate\":\"https:\/\/clinicadh.direito.ufmg.br\/?s={search_term_string}\"},\"query-input\":{\"@type\":\"PropertyValueSpecification\",\"valueRequired\":true,\"valueName\":\"search_term_string\"}}],\"inLanguage\":\"pt-BR\"},{\"@type\":\"Organization\",\"@id\":\"https:\/\/clinicadh.direito.ufmg.br\/#organization\",\"name\":\"Cl\u00ednica de Direitos Humanos da UFMG\",\"url\":\"https:\/\/clinicadh.direito.ufmg.br\/\",\"logo\":{\"@type\":\"ImageObject\",\"inLanguage\":\"pt-BR\",\"@id\":\"https:\/\/clinicadh.direito.ufmg.br\/#\/schema\/logo\/image\/\",\"url\":\"https:\/\/clinicadh.direito.ufmg.br\/wp-content\/uploads\/2015\/06\/c.jpg\",\"contentUrl\":\"https:\/\/clinicadh.direito.ufmg.br\/wp-content\/uploads\/2015\/06\/c.jpg\",\"width\":1200,\"height\":500,\"caption\":\"Cl\u00ednica de Direitos Humanos da UFMG\"},\"image\":{\"@id\":\"https:\/\/clinicadh.direito.ufmg.br\/#\/schema\/logo\/image\/\"},\"sameAs\":[\"https:\/\/www.facebook.com\/cdhufmg\/?eid=ARBDSQLce69q0_8v--9A5W6uQzSMctjXi-aHCPLj-fZRI0TKZQaBy-H1YgM9D-FJc2tGPQyTyAg3EYce\"]},{\"@type\":\"Person\",\"@id\":\"https:\/\/clinicadh.direito.ufmg.br\/#\/schema\/person\/6ddb97cd27f7f33fa95646b26e43a114\",\"name\":\"ati\",\"image\":{\"@type\":\"ImageObject\",\"inLanguage\":\"pt-BR\",\"@id\":\"https:\/\/clinicadh.direito.ufmg.br\/#\/schema\/person\/image\/\",\"url\":\"https:\/\/secure.gravatar.com\/avatar\/be7ec997da34e438b220697afc2daf36f36424760fa31a1f87a4c437de558476?s=96&d=mm&r=g\",\"contentUrl\":\"https:\/\/secure.gravatar.com\/avatar\/be7ec997da34e438b220697afc2daf36f36424760fa31a1f87a4c437de558476?s=96&d=mm&r=g\",\"caption\":\"ati\"}}]}<\/script>\n<!-- \/ Yoast SEO plugin. -->","yoast_head_json":{"title":"CdH abre processo de sele\u00e7\u00e3o para bolsas - Cl\u00ednica de Direitos Humanos da UFMG","robots":{"index":"index","follow":"follow","max-snippet":"max-snippet:-1","max-image-preview":"max-image-preview:large","max-video-preview":"max-video-preview:-1"},"canonical":"https:\/\/clinicadh.direito.ufmg.br\/index.php\/2017\/03\/06\/processo-de-selecao-para-bolsas\/","og_locale":"pt_BR","og_type":"article","og_title":"CdH abre processo de sele\u00e7\u00e3o para bolsas - Cl\u00ednica de Direitos Humanos da UFMG","og_description":"A Cl\u00ednica de Direitos Humanos da UFMG, Programa de Ensino, Pesquisa e Extens\u00e3o da Faculdade de Direito\u00a0 e Ci\u00eancias do Estado da Universidade Federal de Minas Gerais faz saber que est\u00e1 aberto processo seletivo destinado a preenchimento de 2 (duas) vagas de extens\u00e3o para bolsas regulares PBEXT. Os detalhes est\u00e3o dispon\u00edveis aqui no edital. As inscri\u00e7\u00f5es podem ser feitas at\u00e9 o dia 14 de mar\u00e7o de 2017.","og_url":"https:\/\/clinicadh.direito.ufmg.br\/index.php\/2017\/03\/06\/processo-de-selecao-para-bolsas\/","og_site_name":"Cl\u00ednica de Direitos Humanos da UFMG","article_publisher":"https:\/\/www.facebook.com\/cdhufmg\/?eid=ARBDSQLce69q0_8v--9A5W6uQzSMctjXi-aHCPLj-fZRI0TKZQaBy-H1YgM9D-FJc2tGPQyTyAg3EYce","article_published_time":"2017-03-06T22:13:52+00:00","article_modified_time":"2019-04-14T18:20:18+00:00","author":"ati","twitter_card":"summary_large_image","twitter_misc":{"Escrito por":"ati"},"schema":{"@context":"https:\/\/schema.org","@graph":[{"@type":"Article","@id":"https:\/\/clinicadh.direito.ufmg.br\/index.php\/2017\/03\/06\/processo-de-selecao-para-bolsas\/#article","isPartOf":{"@id":"https:\/\/clinicadh.direito.ufmg.br\/index.php\/2017\/03\/06\/processo-de-selecao-para-bolsas\/"},"author":{"name":"ati","@id":"https:\/\/clinicadh.direito.ufmg.br\/#\/schema\/person\/6ddb97cd27f7f33fa95646b26e43a114"},"headline":"CdH abre processo de sele\u00e7\u00e3o para bolsas","datePublished":"2017-03-06T22:13:52+00:00","dateModified":"2019-04-14T18:20:18+00:00","mainEntityOfPage":{"@id":"https:\/\/clinicadh.direito.ufmg.br\/index.php\/2017\/03\/06\/processo-de-selecao-para-bolsas\/"},"wordCount":80,"commentCount":0,"publisher":{"@id":"https:\/\/clinicadh.direito.ufmg.br\/#organization"},"articleSection":["Sele\u00e7\u00e3o"],"inLanguage":"pt-BR","potentialAction":[{"@type":"CommentAction","name":"Comment","target":["https:\/\/clinicadh.direito.ufmg.br\/index.php\/2017\/03\/06\/processo-de-selecao-para-bolsas\/#respond"]}]},{"@type":"WebPage","@id":"https:\/\/clinicadh.direito.ufmg.br\/index.php\/2017\/03\/06\/processo-de-selecao-para-bolsas\/","url":"https:\/\/clinicadh.direito.ufmg.br\/index.php\/2017\/03\/06\/processo-de-selecao-para-bolsas\/","name":"CdH abre processo de sele\u00e7\u00e3o para bolsas - Cl\u00ednica de Direitos Humanos da UFMG","isPartOf":{"@id":"https:\/\/clinicadh.direito.ufmg.br\/#website"},"datePublished":"2017-03-06T22:13:52+00:00","dateModified":"2019-04-14T18:20:18+00:00","breadcrumb":{"@id":"https:\/\/clinicadh.direito.ufmg.br\/index.php\/2017\/03\/06\/processo-de-selecao-para-bolsas\/#breadcrumb"},"inLanguage":"pt-BR","potentialAction":[{"@type":"ReadAction","target":["https:\/\/clinicadh.direito.ufmg.br\/index.php\/2017\/03\/06\/processo-de-selecao-para-bolsas\/"]}]},{"@type":"BreadcrumbList","@id":"https:\/\/clinicadh.direito.ufmg.br\/index.php\/2017\/03\/06\/processo-de-selecao-para-bolsas\/#breadcrumb","itemListElement":[{"@type":"ListItem","position":1,"name":"In\u00edcio","item":"https:\/\/clinicadh.direito.ufmg.br\/"},{"@type":"ListItem","position":2,"name":"CdH abre processo de sele\u00e7\u00e3o para bolsas"}]},{"@type":"WebSite","@id":"https:\/\/clinicadh.direito.ufmg.br\/#website","url":"https:\/\/clinicadh.direito.ufmg.br\/","name":"Cl\u00ednica de Direitos Humanos da UFMG","description":"Cl\u00ednica de Direitos Humanos da Universidade Federal de Minas Gerais","publisher":{"@id":"https:\/\/clinicadh.direito.ufmg.br\/#organization"},"potentialAction":[{"@type":"SearchAction","target":{"@type":"EntryPoint","urlTemplate":"https:\/\/clinicadh.direito.ufmg.br\/?s={search_term_string}"},"query-input":{"@type":"PropertyValueSpecification","valueRequired":true,"valueName":"search_term_string"}}],"inLanguage":"pt-BR"},{"@type":"Organization","@id":"https:\/\/clinicadh.direito.ufmg.br\/#organization","name":"Cl\u00ednica de Direitos Humanos da UFMG","url":"https:\/\/clinicadh.direito.ufmg.br\/","logo":{"@type":"ImageObject","inLanguage":"pt-BR","@id":"https:\/\/clinicadh.direito.ufmg.br\/#\/schema\/logo\/image\/","url":"https:\/\/clinicadh.direito.ufmg.br\/wp-content\/uploads\/2015\/06\/c.jpg","contentUrl":"https:\/\/clinicadh.direito.ufmg.br\/wp-content\/uploads\/2015\/06\/c.jpg","width":1200,"height":500,"caption":"Cl\u00ednica de Direitos Humanos da UFMG"},"image":{"@id":"https:\/\/clinicadh.direito.ufmg.br\/#\/schema\/logo\/image\/"},"sameAs":["https:\/\/www.facebook.com\/cdhufmg\/?eid=ARBDSQLce69q0_8v--9A5W6uQzSMctjXi-aHCPLj-fZRI0TKZQaBy-H1YgM9D-FJc2tGPQyTyAg3EYce"]},{"@type":"Person","@id":"https:\/\/clinicadh.direito.ufmg.br\/#\/schema\/person\/6ddb97cd27f7f33fa95646b26e43a114","name":"ati","image":{"@type":"ImageObject","inLanguage":"pt-BR","@id":"https:\/\/clinicadh.direito.ufmg.br\/#\/schema\/person\/image\/","url":"https:\/\/secure.gravatar.com\/avatar\/be7ec997da34e438b220697afc2daf36f36424760fa31a1f87a4c437de558476?s=96&d=mm&r=g","contentUrl":"https:\/\/secure.gravatar.com\/avatar\/be7ec997da34e438b220697afc2daf36f36424760fa31a1f87a4c437de558476?s=96&d=mm&r=g","caption":"ati"}}]}},"_links":{"self":[{"href":"https:\/\/clinicadh.direito.ufmg.br\/index.php\/wp-json\/wp\/v2\/posts\/885","targetHints":{"allow":["GET"]}}],"collection":[{"href":"https:\/\/clinicadh.direito.ufmg.br\/index.php\/wp-json\/wp\/v2\/posts"}],"about":[{"href":"https:\/\/clinicadh.direito.ufmg.br\/index.php\/wp-json\/wp\/v2\/types\/post"}],"author":[{"embeddable":true,"href":"https:\/\/clinicadh.direito.ufmg.br\/index.php\/wp-json\/wp\/v2\/users\/1"}],"replies":[{"embeddable":true,"href":"https:\/\/clinicadh.direito.ufmg.br\/index.php\/wp-json\/wp\/v2\/comments?post=885"}],"version-history":[{"count":0,"href":"https:\/\/clinicadh.direito.ufmg.br\/index.php\/wp-json\/wp\/v2\/posts\/885\/revisions"}],"wp:attachment":[{"href":"https:\/\/clinicadh.direito.ufmg.br\/index.php\/wp-json\/wp\/v2\/media?parent=885"}],"wp:term":[{"taxonomy":"category","embeddable":true,"href":"https:\/\/clinicadh.direito.ufmg.br\/index.php\/wp-json\/wp\/v2\/categories?post=885"},{"taxonomy":"post_tag","embeddable":true,"href":"https:\/\/clinicadh.direito.ufmg.br\/index.php\/wp-json\/wp\/v2\/tags?post=885"}],"curies":[{"name":"wp","href":"https:\/\/api.w.org\/{rel}","templated":true}]}}