{"id":874,"date":"2017-03-02T18:56:50","date_gmt":"2017-03-02T21:56:50","guid":{"rendered":"http:\/\/localhost\/cdh\/?p=874"},"modified":"2019-06-30T13:15:55","modified_gmt":"2019-06-30T16:15:55","slug":"cdh-protocola-amicus-curiae","status":"publish","type":"post","link":"https:\/\/clinicadh.direito.ufmg.br\/index.php\/2017\/03\/02\/cdh-protocola-amicus-curiae\/","title":{"rendered":"CdH protocola amicus curiae na Corte Interamericana de Direitos Humanos"},"content":{"rendered":"<p><img loading=\"lazy\" decoding=\"async\" class=\"size-full wp-image-875 aligncenter\" src=\"https:\/\/clinicadh.direito.ufmg.br\/wp-content\/uploads\/2019\/02\/noticia-20170302.jpg\" alt=\"\" width=\"127\" height=\"127\" srcset=\"https:\/\/clinicadh.direito.ufmg.br\/wp-content\/uploads\/2019\/02\/noticia-20170302.jpg 127w, https:\/\/clinicadh.direito.ufmg.br\/wp-content\/uploads\/2019\/02\/noticia-20170302-75x75.jpg 75w\" sizes=\"auto, (max-width: 127px) 100vw, 127px\" \/><\/p>\n<p>A Cl\u00ednica de Direitos Humanos da UFMG protocolou recentemente um memorial de\u00a0amicus curiae\u00a0na Corte Interamericana de Direitos Humanos sobre a retifica\u00e7\u00e3o de registro civil para pessoas trans e o regime jur\u00eddico de uni\u00f5es\u00a0homossexuais.\u00a0O documento foi elaborado em resposta\u00a0ao pedido de\u00a0opini\u00e3o consultiva realizada pela Costa Rica quanto \u00e0 prote\u00e7\u00e3o conferida pela Conven\u00e7\u00e3o Americana de Direitos Humanos (CADH) \u00e0 identidade de g\u00eanero e \u00e0 orienta\u00e7\u00e3o sexual (o pedido na \u00edntegra pode ser encontrado clicando aqui).<\/p>\n<p>A Cl\u00ednica de Direitos Humanos da UFMG compreende que \u00e9 dever do Estado promover meios eficazes para o exerc\u00edcio do direito \u00e0 identidade de g\u00eanero,\u00a0a exemplo da garantia de um procedimento para retifica\u00e7\u00e3o de registro civil, que deve ocorrer por via administrativa. O procedimento administrativo deve ser aplicado em detrimento do judicial por configurar um recurso simples, id\u00f4neo e efetivo em um prazo razo\u00e1vel,\u00a0al\u00e9m de conjugar a\u00a0prote\u00e7\u00e3o da vida privada e a igualdade perante a lei,\u00a0estando em conson\u00e2ncia com os demais\u00a0direitos\u00a0previstos na\u00a0CADH.<\/p>\n<p>No que concerne ao regime jur\u00eddico das uni\u00f5es homossexuais, depreende-se que a n\u00e3o discrimina\u00e7\u00e3o por motivos de orienta\u00e7\u00e3o sexual, protegida pela CADH, implica que o Estado deve reconhecer todos os direitos patrimoniais oriundos do v\u00ednculo entre pessoas do mesmo sexo.<\/p>\n<p>O memorial da CdH est\u00e1 dispon\u00edvel clicando aqui.<\/p>\n<p>&nbsp;<\/p>\n","protected":false},"excerpt":{"rendered":"<p>A Cl\u00ednica de Direitos Humanos da UFMG protocolou recentemente um memorial de\u00a0amicus curiae\u00a0na Corte Interamericana de Direitos Humanos sobre a retifica\u00e7\u00e3o de registro civil para pessoas trans e o regime jur\u00eddico de uni\u00f5es\u00a0homossexuais.\u00a0O documento foi elaborado em resposta\u00a0ao pedido de\u00a0opini\u00e3o consultiva realizada pela Costa Rica quanto \u00e0 prote\u00e7\u00e3o conferida pela Conven\u00e7\u00e3o Americana de Direitos Humanos (CADH) \u00e0 identidade de g\u00eanero e \u00e0 orienta\u00e7\u00e3o sexual (o pedido na \u00edntegra pode ser encontrado clicando aqui). A Cl\u00ednica de Direitos Humanos da UFMG compreende que \u00e9 dever do Estado promover meios eficazes para o exerc\u00edcio do direito \u00e0 identidade de g\u00eanero,\u00a0a exemplo da garantia de um procedimento para retifica\u00e7\u00e3o de registro civil, que deve ocorrer por via administrativa. O procedimento administrativo deve ser aplicado em detrimento do judicial por configurar um recurso simples, id\u00f4neo e efetivo em um prazo razo\u00e1vel,\u00a0al\u00e9m de conjugar a\u00a0prote\u00e7\u00e3o da vida privada e a igualdade perante a lei,\u00a0estando em conson\u00e2ncia com os demais\u00a0direitos\u00a0previstos na\u00a0CADH. No que concerne ao regime jur\u00eddico das uni\u00f5es homossexuais, depreende-se que a n\u00e3o discrimina\u00e7\u00e3o por motivos de orienta\u00e7\u00e3o sexual, protegida pela CADH, implica que o Estado deve reconhecer todos os direitos patrimoniais oriundos do v\u00ednculo entre pessoas do mesmo sexo. O memorial da CdH est\u00e1 dispon\u00edvel clicando aqui. &nbsp;<\/p>\n","protected":false},"author":1,"featured_media":0,"comment_status":"open","ping_status":"open","sticky":false,"template":"","format":"standard","meta":{"footnotes":""},"categories":[1],"tags":[],"class_list":["post-874","post","type-post","status-publish","format-standard","hentry","category-noticias"],"yoast_head":"<!-- This site is optimized with the Yoast SEO plugin v25.3 - https:\/\/yoast.com\/wordpress\/plugins\/seo\/ -->\n<title>CdH protocola amicus curiae na Corte Interamericana de Direitos Humanos - Cl\u00ednica de Direitos Humanos da UFMG<\/title>\n<meta name=\"robots\" content=\"index, follow, max-snippet:-1, max-image-preview:large, max-video-preview:-1\" \/>\n<link rel=\"canonical\" href=\"https:\/\/clinicadh.direito.ufmg.br\/index.php\/2017\/03\/02\/cdh-protocola-amicus-curiae\/\" \/>\n<meta property=\"og:locale\" content=\"pt_BR\" \/>\n<meta property=\"og:type\" content=\"article\" \/>\n<meta property=\"og:title\" content=\"CdH protocola amicus curiae na Corte Interamericana de Direitos Humanos - Cl\u00ednica de Direitos Humanos da UFMG\" \/>\n<meta property=\"og:description\" content=\"A Cl\u00ednica de Direitos Humanos da UFMG protocolou recentemente um memorial de\u00a0amicus curiae\u00a0na Corte Interamericana de Direitos Humanos sobre a retifica\u00e7\u00e3o de registro civil para pessoas trans e o regime jur\u00eddico de uni\u00f5es\u00a0homossexuais.\u00a0O documento foi elaborado em resposta\u00a0ao pedido de\u00a0opini\u00e3o consultiva realizada pela Costa Rica quanto \u00e0 prote\u00e7\u00e3o conferida pela Conven\u00e7\u00e3o Americana de Direitos Humanos (CADH) \u00e0 identidade de g\u00eanero e \u00e0 orienta\u00e7\u00e3o sexual (o pedido na \u00edntegra pode ser encontrado clicando aqui). A Cl\u00ednica de Direitos Humanos da UFMG compreende que \u00e9 dever do Estado promover meios eficazes para o exerc\u00edcio do direito \u00e0 identidade de g\u00eanero,\u00a0a exemplo da garantia de um procedimento para retifica\u00e7\u00e3o de registro civil, que deve ocorrer por via administrativa. O procedimento administrativo deve ser aplicado em detrimento do judicial por configurar um recurso simples, id\u00f4neo e efetivo em um prazo razo\u00e1vel,\u00a0al\u00e9m de conjugar a\u00a0prote\u00e7\u00e3o da vida privada e a igualdade perante a lei,\u00a0estando em conson\u00e2ncia com os demais\u00a0direitos\u00a0previstos na\u00a0CADH. No que concerne ao regime jur\u00eddico das uni\u00f5es homossexuais, depreende-se que a n\u00e3o discrimina\u00e7\u00e3o por motivos de orienta\u00e7\u00e3o sexual, protegida pela CADH, implica que o Estado deve reconhecer todos os direitos patrimoniais oriundos do v\u00ednculo entre pessoas do mesmo sexo. O memorial da CdH est\u00e1 dispon\u00edvel clicando aqui. &nbsp;\" \/>\n<meta property=\"og:url\" content=\"https:\/\/clinicadh.direito.ufmg.br\/index.php\/2017\/03\/02\/cdh-protocola-amicus-curiae\/\" \/>\n<meta property=\"og:site_name\" content=\"Cl\u00ednica de Direitos Humanos da UFMG\" \/>\n<meta property=\"article:publisher\" content=\"https:\/\/www.facebook.com\/cdhufmg\/?eid=ARBDSQLce69q0_8v--9A5W6uQzSMctjXi-aHCPLj-fZRI0TKZQaBy-H1YgM9D-FJc2tGPQyTyAg3EYce\" \/>\n<meta property=\"article:published_time\" content=\"2017-03-02T21:56:50+00:00\" \/>\n<meta property=\"article:modified_time\" content=\"2019-06-30T16:15:55+00:00\" \/>\n<meta property=\"og:image\" content=\"https:\/\/clinicadh.direito.ufmg.br\/wp-content\/uploads\/2019\/02\/noticia-20170302.jpg\" \/>\n<meta name=\"author\" content=\"ati\" \/>\n<meta name=\"twitter:card\" content=\"summary_large_image\" \/>\n<meta name=\"twitter:label1\" content=\"Escrito por\" \/>\n\t<meta name=\"twitter:data1\" content=\"ati\" \/>\n\t<meta name=\"twitter:label2\" content=\"Est. tempo de leitura\" \/>\n\t<meta name=\"twitter:data2\" content=\"1 minuto\" \/>\n<script type=\"application\/ld+json\" class=\"yoast-schema-graph\">{\"@context\":\"https:\/\/schema.org\",\"@graph\":[{\"@type\":\"Article\",\"@id\":\"https:\/\/clinicadh.direito.ufmg.br\/index.php\/2017\/03\/02\/cdh-protocola-amicus-curiae\/#article\",\"isPartOf\":{\"@id\":\"https:\/\/clinicadh.direito.ufmg.br\/index.php\/2017\/03\/02\/cdh-protocola-amicus-curiae\/\"},\"author\":{\"name\":\"ati\",\"@id\":\"https:\/\/clinicadh.direito.ufmg.br\/#\/schema\/person\/6ddb97cd27f7f33fa95646b26e43a114\"},\"headline\":\"CdH protocola amicus curiae na Corte Interamericana de Direitos Humanos\",\"datePublished\":\"2017-03-02T21:56:50+00:00\",\"dateModified\":\"2019-06-30T16:15:55+00:00\",\"mainEntityOfPage\":{\"@id\":\"https:\/\/clinicadh.direito.ufmg.br\/index.php\/2017\/03\/02\/cdh-protocola-amicus-curiae\/\"},\"wordCount\":247,\"commentCount\":0,\"publisher\":{\"@id\":\"https:\/\/clinicadh.direito.ufmg.br\/#organization\"},\"image\":{\"@id\":\"https:\/\/clinicadh.direito.ufmg.br\/index.php\/2017\/03\/02\/cdh-protocola-amicus-curiae\/#primaryimage\"},\"thumbnailUrl\":\"https:\/\/clinicadh.direito.ufmg.br\/wp-content\/uploads\/2019\/02\/noticia-20170302.jpg\",\"articleSection\":[\"Not\u00edcias\"],\"inLanguage\":\"pt-BR\",\"potentialAction\":[{\"@type\":\"CommentAction\",\"name\":\"Comment\",\"target\":[\"https:\/\/clinicadh.direito.ufmg.br\/index.php\/2017\/03\/02\/cdh-protocola-amicus-curiae\/#respond\"]}]},{\"@type\":\"WebPage\",\"@id\":\"https:\/\/clinicadh.direito.ufmg.br\/index.php\/2017\/03\/02\/cdh-protocola-amicus-curiae\/\",\"url\":\"https:\/\/clinicadh.direito.ufmg.br\/index.php\/2017\/03\/02\/cdh-protocola-amicus-curiae\/\",\"name\":\"CdH protocola amicus curiae na Corte Interamericana de Direitos Humanos - Cl\u00ednica de Direitos Humanos da UFMG\",\"isPartOf\":{\"@id\":\"https:\/\/clinicadh.direito.ufmg.br\/#website\"},\"primaryImageOfPage\":{\"@id\":\"https:\/\/clinicadh.direito.ufmg.br\/index.php\/2017\/03\/02\/cdh-protocola-amicus-curiae\/#primaryimage\"},\"image\":{\"@id\":\"https:\/\/clinicadh.direito.ufmg.br\/index.php\/2017\/03\/02\/cdh-protocola-amicus-curiae\/#primaryimage\"},\"thumbnailUrl\":\"https:\/\/clinicadh.direito.ufmg.br\/wp-content\/uploads\/2019\/02\/noticia-20170302.jpg\",\"datePublished\":\"2017-03-02T21:56:50+00:00\",\"dateModified\":\"2019-06-30T16:15:55+00:00\",\"breadcrumb\":{\"@id\":\"https:\/\/clinicadh.direito.ufmg.br\/index.php\/2017\/03\/02\/cdh-protocola-amicus-curiae\/#breadcrumb\"},\"inLanguage\":\"pt-BR\",\"potentialAction\":[{\"@type\":\"ReadAction\",\"target\":[\"https:\/\/clinicadh.direito.ufmg.br\/index.php\/2017\/03\/02\/cdh-protocola-amicus-curiae\/\"]}]},{\"@type\":\"ImageObject\",\"inLanguage\":\"pt-BR\",\"@id\":\"https:\/\/clinicadh.direito.ufmg.br\/index.php\/2017\/03\/02\/cdh-protocola-amicus-curiae\/#primaryimage\",\"url\":\"https:\/\/clinicadh.direito.ufmg.br\/wp-content\/uploads\/2019\/02\/noticia-20170302.jpg\",\"contentUrl\":\"https:\/\/clinicadh.direito.ufmg.br\/wp-content\/uploads\/2019\/02\/noticia-20170302.jpg\",\"width\":127,\"height\":127},{\"@type\":\"BreadcrumbList\",\"@id\":\"https:\/\/clinicadh.direito.ufmg.br\/index.php\/2017\/03\/02\/cdh-protocola-amicus-curiae\/#breadcrumb\",\"itemListElement\":[{\"@type\":\"ListItem\",\"position\":1,\"name\":\"In\u00edcio\",\"item\":\"https:\/\/clinicadh.direito.ufmg.br\/\"},{\"@type\":\"ListItem\",\"position\":2,\"name\":\"CdH protocola amicus curiae na Corte Interamericana de Direitos Humanos\"}]},{\"@type\":\"WebSite\",\"@id\":\"https:\/\/clinicadh.direito.ufmg.br\/#website\",\"url\":\"https:\/\/clinicadh.direito.ufmg.br\/\",\"name\":\"Cl\u00ednica de Direitos Humanos da UFMG\",\"description\":\"Cl\u00ednica de Direitos Humanos da Universidade Federal de Minas Gerais\",\"publisher\":{\"@id\":\"https:\/\/clinicadh.direito.ufmg.br\/#organization\"},\"potentialAction\":[{\"@type\":\"SearchAction\",\"target\":{\"@type\":\"EntryPoint\",\"urlTemplate\":\"https:\/\/clinicadh.direito.ufmg.br\/?s={search_term_string}\"},\"query-input\":{\"@type\":\"PropertyValueSpecification\",\"valueRequired\":true,\"valueName\":\"search_term_string\"}}],\"inLanguage\":\"pt-BR\"},{\"@type\":\"Organization\",\"@id\":\"https:\/\/clinicadh.direito.ufmg.br\/#organization\",\"name\":\"Cl\u00ednica de Direitos Humanos da UFMG\",\"url\":\"https:\/\/clinicadh.direito.ufmg.br\/\",\"logo\":{\"@type\":\"ImageObject\",\"inLanguage\":\"pt-BR\",\"@id\":\"https:\/\/clinicadh.direito.ufmg.br\/#\/schema\/logo\/image\/\",\"url\":\"https:\/\/clinicadh.direito.ufmg.br\/wp-content\/uploads\/2015\/06\/c.jpg\",\"contentUrl\":\"https:\/\/clinicadh.direito.ufmg.br\/wp-content\/uploads\/2015\/06\/c.jpg\",\"width\":1200,\"height\":500,\"caption\":\"Cl\u00ednica de Direitos Humanos da UFMG\"},\"image\":{\"@id\":\"https:\/\/clinicadh.direito.ufmg.br\/#\/schema\/logo\/image\/\"},\"sameAs\":[\"https:\/\/www.facebook.com\/cdhufmg\/?eid=ARBDSQLce69q0_8v--9A5W6uQzSMctjXi-aHCPLj-fZRI0TKZQaBy-H1YgM9D-FJc2tGPQyTyAg3EYce\"]},{\"@type\":\"Person\",\"@id\":\"https:\/\/clinicadh.direito.ufmg.br\/#\/schema\/person\/6ddb97cd27f7f33fa95646b26e43a114\",\"name\":\"ati\",\"image\":{\"@type\":\"ImageObject\",\"inLanguage\":\"pt-BR\",\"@id\":\"https:\/\/clinicadh.direito.ufmg.br\/#\/schema\/person\/image\/\",\"url\":\"https:\/\/secure.gravatar.com\/avatar\/be7ec997da34e438b220697afc2daf36f36424760fa31a1f87a4c437de558476?s=96&d=mm&r=g\",\"contentUrl\":\"https:\/\/secure.gravatar.com\/avatar\/be7ec997da34e438b220697afc2daf36f36424760fa31a1f87a4c437de558476?s=96&d=mm&r=g\",\"caption\":\"ati\"}}]}<\/script>\n<!-- \/ Yoast SEO plugin. -->","yoast_head_json":{"title":"CdH protocola amicus curiae na Corte Interamericana de Direitos Humanos - Cl\u00ednica de Direitos Humanos da UFMG","robots":{"index":"index","follow":"follow","max-snippet":"max-snippet:-1","max-image-preview":"max-image-preview:large","max-video-preview":"max-video-preview:-1"},"canonical":"https:\/\/clinicadh.direito.ufmg.br\/index.php\/2017\/03\/02\/cdh-protocola-amicus-curiae\/","og_locale":"pt_BR","og_type":"article","og_title":"CdH protocola amicus curiae na Corte Interamericana de Direitos Humanos - Cl\u00ednica de Direitos Humanos da UFMG","og_description":"A Cl\u00ednica de Direitos Humanos da UFMG protocolou recentemente um memorial de\u00a0amicus curiae\u00a0na Corte Interamericana de Direitos Humanos sobre a retifica\u00e7\u00e3o de registro civil para pessoas trans e o regime jur\u00eddico de uni\u00f5es\u00a0homossexuais.\u00a0O documento foi elaborado em resposta\u00a0ao pedido de\u00a0opini\u00e3o consultiva realizada pela Costa Rica quanto \u00e0 prote\u00e7\u00e3o conferida pela Conven\u00e7\u00e3o Americana de Direitos Humanos (CADH) \u00e0 identidade de g\u00eanero e \u00e0 orienta\u00e7\u00e3o sexual (o pedido na \u00edntegra pode ser encontrado clicando aqui). A Cl\u00ednica de Direitos Humanos da UFMG compreende que \u00e9 dever do Estado promover meios eficazes para o exerc\u00edcio do direito \u00e0 identidade de g\u00eanero,\u00a0a exemplo da garantia de um procedimento para retifica\u00e7\u00e3o de registro civil, que deve ocorrer por via administrativa. O procedimento administrativo deve ser aplicado em detrimento do judicial por configurar um recurso simples, id\u00f4neo e efetivo em um prazo razo\u00e1vel,\u00a0al\u00e9m de conjugar a\u00a0prote\u00e7\u00e3o da vida privada e a igualdade perante a lei,\u00a0estando em conson\u00e2ncia com os demais\u00a0direitos\u00a0previstos na\u00a0CADH. No que concerne ao regime jur\u00eddico das uni\u00f5es homossexuais, depreende-se que a n\u00e3o discrimina\u00e7\u00e3o por motivos de orienta\u00e7\u00e3o sexual, protegida pela CADH, implica que o Estado deve reconhecer todos os direitos patrimoniais oriundos do v\u00ednculo entre pessoas do mesmo sexo. O memorial da CdH est\u00e1 dispon\u00edvel clicando aqui. &nbsp;","og_url":"https:\/\/clinicadh.direito.ufmg.br\/index.php\/2017\/03\/02\/cdh-protocola-amicus-curiae\/","og_site_name":"Cl\u00ednica de Direitos Humanos da UFMG","article_publisher":"https:\/\/www.facebook.com\/cdhufmg\/?eid=ARBDSQLce69q0_8v--9A5W6uQzSMctjXi-aHCPLj-fZRI0TKZQaBy-H1YgM9D-FJc2tGPQyTyAg3EYce","article_published_time":"2017-03-02T21:56:50+00:00","article_modified_time":"2019-06-30T16:15:55+00:00","og_image":[{"url":"https:\/\/clinicadh.direito.ufmg.br\/wp-content\/uploads\/2019\/02\/noticia-20170302.jpg","type":"","width":"","height":""}],"author":"ati","twitter_card":"summary_large_image","twitter_misc":{"Escrito por":"ati","Est. tempo de leitura":"1 minuto"},"schema":{"@context":"https:\/\/schema.org","@graph":[{"@type":"Article","@id":"https:\/\/clinicadh.direito.ufmg.br\/index.php\/2017\/03\/02\/cdh-protocola-amicus-curiae\/#article","isPartOf":{"@id":"https:\/\/clinicadh.direito.ufmg.br\/index.php\/2017\/03\/02\/cdh-protocola-amicus-curiae\/"},"author":{"name":"ati","@id":"https:\/\/clinicadh.direito.ufmg.br\/#\/schema\/person\/6ddb97cd27f7f33fa95646b26e43a114"},"headline":"CdH protocola amicus curiae na Corte Interamericana de Direitos Humanos","datePublished":"2017-03-02T21:56:50+00:00","dateModified":"2019-06-30T16:15:55+00:00","mainEntityOfPage":{"@id":"https:\/\/clinicadh.direito.ufmg.br\/index.php\/2017\/03\/02\/cdh-protocola-amicus-curiae\/"},"wordCount":247,"commentCount":0,"publisher":{"@id":"https:\/\/clinicadh.direito.ufmg.br\/#organization"},"image":{"@id":"https:\/\/clinicadh.direito.ufmg.br\/index.php\/2017\/03\/02\/cdh-protocola-amicus-curiae\/#primaryimage"},"thumbnailUrl":"https:\/\/clinicadh.direito.ufmg.br\/wp-content\/uploads\/2019\/02\/noticia-20170302.jpg","articleSection":["Not\u00edcias"],"inLanguage":"pt-BR","potentialAction":[{"@type":"CommentAction","name":"Comment","target":["https:\/\/clinicadh.direito.ufmg.br\/index.php\/2017\/03\/02\/cdh-protocola-amicus-curiae\/#respond"]}]},{"@type":"WebPage","@id":"https:\/\/clinicadh.direito.ufmg.br\/index.php\/2017\/03\/02\/cdh-protocola-amicus-curiae\/","url":"https:\/\/clinicadh.direito.ufmg.br\/index.php\/2017\/03\/02\/cdh-protocola-amicus-curiae\/","name":"CdH protocola amicus curiae na Corte Interamericana de Direitos Humanos - Cl\u00ednica de Direitos Humanos da UFMG","isPartOf":{"@id":"https:\/\/clinicadh.direito.ufmg.br\/#website"},"primaryImageOfPage":{"@id":"https:\/\/clinicadh.direito.ufmg.br\/index.php\/2017\/03\/02\/cdh-protocola-amicus-curiae\/#primaryimage"},"image":{"@id":"https:\/\/clinicadh.direito.ufmg.br\/index.php\/2017\/03\/02\/cdh-protocola-amicus-curiae\/#primaryimage"},"thumbnailUrl":"https:\/\/clinicadh.direito.ufmg.br\/wp-content\/uploads\/2019\/02\/noticia-20170302.jpg","datePublished":"2017-03-02T21:56:50+00:00","dateModified":"2019-06-30T16:15:55+00:00","breadcrumb":{"@id":"https:\/\/clinicadh.direito.ufmg.br\/index.php\/2017\/03\/02\/cdh-protocola-amicus-curiae\/#breadcrumb"},"inLanguage":"pt-BR","potentialAction":[{"@type":"ReadAction","target":["https:\/\/clinicadh.direito.ufmg.br\/index.php\/2017\/03\/02\/cdh-protocola-amicus-curiae\/"]}]},{"@type":"ImageObject","inLanguage":"pt-BR","@id":"https:\/\/clinicadh.direito.ufmg.br\/index.php\/2017\/03\/02\/cdh-protocola-amicus-curiae\/#primaryimage","url":"https:\/\/clinicadh.direito.ufmg.br\/wp-content\/uploads\/2019\/02\/noticia-20170302.jpg","contentUrl":"https:\/\/clinicadh.direito.ufmg.br\/wp-content\/uploads\/2019\/02\/noticia-20170302.jpg","width":127,"height":127},{"@type":"BreadcrumbList","@id":"https:\/\/clinicadh.direito.ufmg.br\/index.php\/2017\/03\/02\/cdh-protocola-amicus-curiae\/#breadcrumb","itemListElement":[{"@type":"ListItem","position":1,"name":"In\u00edcio","item":"https:\/\/clinicadh.direito.ufmg.br\/"},{"@type":"ListItem","position":2,"name":"CdH protocola amicus curiae na Corte Interamericana de Direitos Humanos"}]},{"@type":"WebSite","@id":"https:\/\/clinicadh.direito.ufmg.br\/#website","url":"https:\/\/clinicadh.direito.ufmg.br\/","name":"Cl\u00ednica de Direitos Humanos da UFMG","description":"Cl\u00ednica de Direitos Humanos da Universidade Federal de Minas Gerais","publisher":{"@id":"https:\/\/clinicadh.direito.ufmg.br\/#organization"},"potentialAction":[{"@type":"SearchAction","target":{"@type":"EntryPoint","urlTemplate":"https:\/\/clinicadh.direito.ufmg.br\/?s={search_term_string}"},"query-input":{"@type":"PropertyValueSpecification","valueRequired":true,"valueName":"search_term_string"}}],"inLanguage":"pt-BR"},{"@type":"Organization","@id":"https:\/\/clinicadh.direito.ufmg.br\/#organization","name":"Cl\u00ednica de Direitos Humanos da UFMG","url":"https:\/\/clinicadh.direito.ufmg.br\/","logo":{"@type":"ImageObject","inLanguage":"pt-BR","@id":"https:\/\/clinicadh.direito.ufmg.br\/#\/schema\/logo\/image\/","url":"https:\/\/clinicadh.direito.ufmg.br\/wp-content\/uploads\/2015\/06\/c.jpg","contentUrl":"https:\/\/clinicadh.direito.ufmg.br\/wp-content\/uploads\/2015\/06\/c.jpg","width":1200,"height":500,"caption":"Cl\u00ednica de Direitos Humanos da UFMG"},"image":{"@id":"https:\/\/clinicadh.direito.ufmg.br\/#\/schema\/logo\/image\/"},"sameAs":["https:\/\/www.facebook.com\/cdhufmg\/?eid=ARBDSQLce69q0_8v--9A5W6uQzSMctjXi-aHCPLj-fZRI0TKZQaBy-H1YgM9D-FJc2tGPQyTyAg3EYce"]},{"@type":"Person","@id":"https:\/\/clinicadh.direito.ufmg.br\/#\/schema\/person\/6ddb97cd27f7f33fa95646b26e43a114","name":"ati","image":{"@type":"ImageObject","inLanguage":"pt-BR","@id":"https:\/\/clinicadh.direito.ufmg.br\/#\/schema\/person\/image\/","url":"https:\/\/secure.gravatar.com\/avatar\/be7ec997da34e438b220697afc2daf36f36424760fa31a1f87a4c437de558476?s=96&d=mm&r=g","contentUrl":"https:\/\/secure.gravatar.com\/avatar\/be7ec997da34e438b220697afc2daf36f36424760fa31a1f87a4c437de558476?s=96&d=mm&r=g","caption":"ati"}}]}},"_links":{"self":[{"href":"https:\/\/clinicadh.direito.ufmg.br\/index.php\/wp-json\/wp\/v2\/posts\/874","targetHints":{"allow":["GET"]}}],"collection":[{"href":"https:\/\/clinicadh.direito.ufmg.br\/index.php\/wp-json\/wp\/v2\/posts"}],"about":[{"href":"https:\/\/clinicadh.direito.ufmg.br\/index.php\/wp-json\/wp\/v2\/types\/post"}],"author":[{"embeddable":true,"href":"https:\/\/clinicadh.direito.ufmg.br\/index.php\/wp-json\/wp\/v2\/users\/1"}],"replies":[{"embeddable":true,"href":"https:\/\/clinicadh.direito.ufmg.br\/index.php\/wp-json\/wp\/v2\/comments?post=874"}],"version-history":[{"count":0,"href":"https:\/\/clinicadh.direito.ufmg.br\/index.php\/wp-json\/wp\/v2\/posts\/874\/revisions"}],"wp:attachment":[{"href":"https:\/\/clinicadh.direito.ufmg.br\/index.php\/wp-json\/wp\/v2\/media?parent=874"}],"wp:term":[{"taxonomy":"category","embeddable":true,"href":"https:\/\/clinicadh.direito.ufmg.br\/index.php\/wp-json\/wp\/v2\/categories?post=874"},{"taxonomy":"post_tag","embeddable":true,"href":"https:\/\/clinicadh.direito.ufmg.br\/index.php\/wp-json\/wp\/v2\/tags?post=874"}],"curies":[{"name":"wp","href":"https:\/\/api.w.org\/{rel}","templated":true}]}}