{"id":790,"date":"2016-02-24T19:20:39","date_gmt":"2016-02-24T22:20:39","guid":{"rendered":"http:\/\/localhost\/cdh\/?p=790"},"modified":"2019-02-08T19:45:23","modified_gmt":"2019-02-08T21:45:23","slug":"construcoes-interdisciplinares-2016","status":"publish","type":"post","link":"https:\/\/clinicadh.direito.ufmg.br\/index.php\/2016\/02\/24\/construcoes-interdisciplinares-2016\/","title":{"rendered":"Constru\u00e7\u00f5es Interdisciplinares-2016: o que s\u00e3o direitos humanos? &#8211; 29, 30 e 31 de mar\u00e7o"},"content":{"rendered":"<p><img loading=\"lazy\" decoding=\"async\" class=\"aligncenter size-full wp-image-802\" src=\"http:\/\/localhost\/cdh\/wp-content\/uploads\/2016\/02\/noticia-20160224.jpg\" alt=\"\" width=\"554\" height=\"205\" srcset=\"https:\/\/clinicadh.direito.ufmg.br\/wp-content\/uploads\/2016\/02\/noticia-20160224.jpg 554w, https:\/\/clinicadh.direito.ufmg.br\/wp-content\/uploads\/2016\/02\/noticia-20160224-300x111.jpg 300w\" sizes=\"auto, (max-width: 554px) 100vw, 554px\" \/><\/p>\n<p>Com o objetivo de discutir o conceito de Direitos Humanos, a CdH ir\u00e1 promover, nos dias 29, 30 e 31 de mar\u00e7o,\u00a0um semin\u00e1rio interdisciplinar sobre o tema. O evento ser\u00e1 realizado na Faculdade de Direito e Ci\u00eancias do Estado da UFMG, na sala da Congrega\u00e7\u00e3o (2\u00baandar do Ed. Vilas Boas) e contar\u00e1 com a presen\u00e7a de professores, acad\u00eamicos, integrantes de movimento social e atores do sistema de justi\u00e7a de diversas \u00e1reas do conhecimento.<\/p>\n<p>Confira nossa programa\u00e7\u00e3o:<\/p>\n<p><em><strong>1\u00ba DIA (29 de mar\u00e7o \u2013 ter\u00e7a-feira)<\/strong><\/em><\/p>\n<p>11h \u00e0s 14h \u2013 Painel de abertura: O que s\u00e3o Direitos Humanos: vis\u00f5es da Antropologia e do Direito Internacional dos Direitos Humanos<\/p>\n<p>Palestrantes: Ana L\u00facia Pastore Schritzmeyer e\u00a0\u00c2ngela Pires Terto<\/p>\n<p>17h \u00e0s 19h30 &#8211; 2\u00ba Painel: Pornografia n\u00e3o consensual como viola\u00e7\u00e3o a Direitos Humanos<\/p>\n<p>Palestrantes: Rose Leonel e Cl\u00e1udia Natividade<\/p>\n<p><em><strong>2\u00ba DIA (30 de mar\u00e7o \u2013 quarta-feira)<\/strong><\/em><\/p>\n<p>11h \u00e0s 14h \u2013 3\u00ba Painel: O que s\u00e3o Direitos Humanos? Vis\u00f5es do Direito Constitucional e da Psicologia Social<\/p>\n<p>Palestrantes: Ela Wiecko Volkmer de Castilho e Marco Aur\u00e9lio M\u00e1ximo Prado<\/p>\n<p>17h \u00e0s 19h30 &#8211; 4\u00ba Painel: G\u00eanero e sexualidade na inf\u00e2ncia e adolesc\u00eancia: interfaces com o Sistema Socioeducativo<\/p>\n<p>Palestrantes: Tiago Duque e M\u00e1rcio Rog\u00e9rio<\/p>\n<p><em><strong>3\u00ba DIA (31 de mar\u00e7o \u2013 quinta-feira)<\/strong><\/em><\/p>\n<p>11h \u00e0s 14h \u2013 5\u00ba Painel: Direitos Humanos e a import\u00e2ncia das Cl\u00ednicas pelo Brasil<\/p>\n<p>Palestrantes: Janaina Dantas Germano, Valena Jacob e Diego Valadares.<\/p>\n<p>17h \u00e0s 19h30 \u2013 Painel de encerramento: Das necessidades humanas aos direitos: vis\u00f5es de filosofia do direito e ci\u00eancia pol\u00edtica.<\/p>\n<p>Palestrante: Miracy Gustin<\/p>\n<p><a href=\"https:\/\/www.facebook.com\/events\/1812877592272994\/\" target=\"_blank\" rel=\"noopener\">Confirme sua presen\u00e7a no evento aqui!<\/a><\/p>\n","protected":false},"excerpt":{"rendered":"<p>Com o objetivo de discutir o conceito de Direitos Humanos, a CdH ir\u00e1 promover, nos dias 29, 30 e 31 de mar\u00e7o,\u00a0um semin\u00e1rio interdisciplinar sobre o tema. O evento ser\u00e1 realizado na Faculdade de Direito e Ci\u00eancias do Estado da UFMG, na sala da Congrega\u00e7\u00e3o (2\u00baandar do Ed. Vilas Boas) e contar\u00e1 com a presen\u00e7a de professores, acad\u00eamicos, integrantes de movimento social e atores do sistema de justi\u00e7a de diversas \u00e1reas do conhecimento. Confira nossa programa\u00e7\u00e3o: 1\u00ba DIA (29 de mar\u00e7o \u2013 ter\u00e7a-feira) 11h \u00e0s 14h \u2013 Painel de abertura: O que s\u00e3o Direitos Humanos: vis\u00f5es da Antropologia e do Direito Internacional dos Direitos Humanos Palestrantes: Ana L\u00facia Pastore Schritzmeyer e\u00a0\u00c2ngela Pires Terto 17h \u00e0s 19h30 &#8211; 2\u00ba Painel: Pornografia n\u00e3o consensual como viola\u00e7\u00e3o a Direitos Humanos Palestrantes: Rose Leonel e Cl\u00e1udia Natividade 2\u00ba DIA (30 de mar\u00e7o \u2013 quarta-feira) 11h \u00e0s 14h \u2013 3\u00ba Painel: O que s\u00e3o Direitos Humanos? Vis\u00f5es do Direito Constitucional e da Psicologia Social Palestrantes: Ela Wiecko Volkmer de Castilho e Marco Aur\u00e9lio M\u00e1ximo Prado 17h \u00e0s 19h30 &#8211; 4\u00ba Painel: G\u00eanero e sexualidade na inf\u00e2ncia e adolesc\u00eancia: interfaces com o Sistema Socioeducativo Palestrantes: Tiago Duque e M\u00e1rcio Rog\u00e9rio 3\u00ba DIA (31 de mar\u00e7o \u2013 quinta-feira) 11h \u00e0s 14h \u2013 5\u00ba Painel: Direitos Humanos e a import\u00e2ncia das Cl\u00ednicas pelo Brasil Palestrantes: Janaina Dantas Germano, Valena Jacob e Diego Valadares. 17h \u00e0s 19h30 \u2013 Painel de encerramento: Das necessidades humanas aos direitos: vis\u00f5es de filosofia do direito e ci\u00eancia pol\u00edtica. Palestrante: Miracy Gustin Confirme sua presen\u00e7a no evento aqui!<\/p>\n","protected":false},"author":1,"featured_media":0,"comment_status":"open","ping_status":"open","sticky":false,"template":"","format":"standard","meta":{"footnotes":""},"categories":[1],"tags":[24,23],"class_list":["post-790","post","type-post","status-publish","format-standard","hentry","category-noticias","tag-o-que-sao-direitos-humanos","tag-seminario"],"yoast_head":"<!-- This site is optimized with the Yoast SEO plugin v25.3 - https:\/\/yoast.com\/wordpress\/plugins\/seo\/ -->\n<title>Constru\u00e7\u00f5es Interdisciplinares-2016: o que s\u00e3o direitos humanos? - 29, 30 e 31 de mar\u00e7o - Cl\u00ednica de Direitos Humanos da UFMG<\/title>\n<meta name=\"robots\" content=\"index, follow, max-snippet:-1, max-image-preview:large, max-video-preview:-1\" \/>\n<link rel=\"canonical\" href=\"https:\/\/clinicadh.direito.ufmg.br\/index.php\/2016\/02\/24\/construcoes-interdisciplinares-2016\/\" \/>\n<meta property=\"og:locale\" content=\"pt_BR\" \/>\n<meta property=\"og:type\" content=\"article\" \/>\n<meta property=\"og:title\" content=\"Constru\u00e7\u00f5es Interdisciplinares-2016: o que s\u00e3o direitos humanos? - 29, 30 e 31 de mar\u00e7o - Cl\u00ednica de Direitos Humanos da UFMG\" \/>\n<meta property=\"og:description\" content=\"Com o objetivo de discutir o conceito de Direitos Humanos, a CdH ir\u00e1 promover, nos dias 29, 30 e 31 de mar\u00e7o,\u00a0um semin\u00e1rio interdisciplinar sobre o tema. O evento ser\u00e1 realizado na Faculdade de Direito e Ci\u00eancias do Estado da UFMG, na sala da Congrega\u00e7\u00e3o (2\u00baandar do Ed. Vilas Boas) e contar\u00e1 com a presen\u00e7a de professores, acad\u00eamicos, integrantes de movimento social e atores do sistema de justi\u00e7a de diversas \u00e1reas do conhecimento. Confira nossa programa\u00e7\u00e3o: 1\u00ba DIA (29 de mar\u00e7o \u2013 ter\u00e7a-feira) 11h \u00e0s 14h \u2013 Painel de abertura: O que s\u00e3o Direitos Humanos: vis\u00f5es da Antropologia e do Direito Internacional dos Direitos Humanos Palestrantes: Ana L\u00facia Pastore Schritzmeyer e\u00a0\u00c2ngela Pires Terto 17h \u00e0s 19h30 &#8211; 2\u00ba Painel: Pornografia n\u00e3o consensual como viola\u00e7\u00e3o a Direitos Humanos Palestrantes: Rose Leonel e Cl\u00e1udia Natividade 2\u00ba DIA (30 de mar\u00e7o \u2013 quarta-feira) 11h \u00e0s 14h \u2013 3\u00ba Painel: O que s\u00e3o Direitos Humanos? Vis\u00f5es do Direito Constitucional e da Psicologia Social Palestrantes: Ela Wiecko Volkmer de Castilho e Marco Aur\u00e9lio M\u00e1ximo Prado 17h \u00e0s 19h30 &#8211; 4\u00ba Painel: G\u00eanero e sexualidade na inf\u00e2ncia e adolesc\u00eancia: interfaces com o Sistema Socioeducativo Palestrantes: Tiago Duque e M\u00e1rcio Rog\u00e9rio 3\u00ba DIA (31 de mar\u00e7o \u2013 quinta-feira) 11h \u00e0s 14h \u2013 5\u00ba Painel: Direitos Humanos e a import\u00e2ncia das Cl\u00ednicas pelo Brasil Palestrantes: Janaina Dantas Germano, Valena Jacob e Diego Valadares. 17h \u00e0s 19h30 \u2013 Painel de encerramento: Das necessidades humanas aos direitos: vis\u00f5es de filosofia do direito e ci\u00eancia pol\u00edtica. Palestrante: Miracy Gustin Confirme sua presen\u00e7a no evento aqui!\" \/>\n<meta property=\"og:url\" content=\"https:\/\/clinicadh.direito.ufmg.br\/index.php\/2016\/02\/24\/construcoes-interdisciplinares-2016\/\" \/>\n<meta property=\"og:site_name\" content=\"Cl\u00ednica de Direitos Humanos da UFMG\" \/>\n<meta property=\"article:publisher\" content=\"https:\/\/www.facebook.com\/cdhufmg\/?eid=ARBDSQLce69q0_8v--9A5W6uQzSMctjXi-aHCPLj-fZRI0TKZQaBy-H1YgM9D-FJc2tGPQyTyAg3EYce\" \/>\n<meta property=\"article:published_time\" content=\"2016-02-24T22:20:39+00:00\" \/>\n<meta property=\"article:modified_time\" content=\"2019-02-08T21:45:23+00:00\" \/>\n<meta property=\"og:image\" content=\"http:\/\/localhost\/cdh\/wp-content\/uploads\/2016\/02\/noticia-20160224.jpg\" \/>\n<meta name=\"author\" content=\"ati\" \/>\n<meta name=\"twitter:card\" content=\"summary_large_image\" \/>\n<meta name=\"twitter:label1\" content=\"Escrito por\" \/>\n\t<meta name=\"twitter:data1\" content=\"ati\" \/>\n\t<meta name=\"twitter:label2\" content=\"Est. tempo de leitura\" \/>\n\t<meta name=\"twitter:data2\" content=\"1 minuto\" \/>\n<script type=\"application\/ld+json\" class=\"yoast-schema-graph\">{\"@context\":\"https:\/\/schema.org\",\"@graph\":[{\"@type\":\"Article\",\"@id\":\"https:\/\/clinicadh.direito.ufmg.br\/index.php\/2016\/02\/24\/construcoes-interdisciplinares-2016\/#article\",\"isPartOf\":{\"@id\":\"https:\/\/clinicadh.direito.ufmg.br\/index.php\/2016\/02\/24\/construcoes-interdisciplinares-2016\/\"},\"author\":{\"name\":\"ati\",\"@id\":\"https:\/\/clinicadh.direito.ufmg.br\/#\/schema\/person\/6ddb97cd27f7f33fa95646b26e43a114\"},\"headline\":\"Constru\u00e7\u00f5es Interdisciplinares-2016: o que s\u00e3o direitos humanos? &#8211; 29, 30 e 31 de mar\u00e7o\",\"datePublished\":\"2016-02-24T22:20:39+00:00\",\"dateModified\":\"2019-02-08T21:45:23+00:00\",\"mainEntityOfPage\":{\"@id\":\"https:\/\/clinicadh.direito.ufmg.br\/index.php\/2016\/02\/24\/construcoes-interdisciplinares-2016\/\"},\"wordCount\":283,\"commentCount\":0,\"publisher\":{\"@id\":\"https:\/\/clinicadh.direito.ufmg.br\/#organization\"},\"image\":{\"@id\":\"https:\/\/clinicadh.direito.ufmg.br\/index.php\/2016\/02\/24\/construcoes-interdisciplinares-2016\/#primaryimage\"},\"thumbnailUrl\":\"http:\/\/localhost\/cdh\/wp-content\/uploads\/2016\/02\/noticia-20160224.jpg\",\"keywords\":[\"O que s\u00e3o direitos humanos?\",\"Semin\u00e1rio\"],\"articleSection\":[\"Not\u00edcias\"],\"inLanguage\":\"pt-BR\",\"potentialAction\":[{\"@type\":\"CommentAction\",\"name\":\"Comment\",\"target\":[\"https:\/\/clinicadh.direito.ufmg.br\/index.php\/2016\/02\/24\/construcoes-interdisciplinares-2016\/#respond\"]}]},{\"@type\":\"WebPage\",\"@id\":\"https:\/\/clinicadh.direito.ufmg.br\/index.php\/2016\/02\/24\/construcoes-interdisciplinares-2016\/\",\"url\":\"https:\/\/clinicadh.direito.ufmg.br\/index.php\/2016\/02\/24\/construcoes-interdisciplinares-2016\/\",\"name\":\"Constru\u00e7\u00f5es Interdisciplinares-2016: o que s\u00e3o direitos humanos? - 29, 30 e 31 de mar\u00e7o - Cl\u00ednica de Direitos Humanos da UFMG\",\"isPartOf\":{\"@id\":\"https:\/\/clinicadh.direito.ufmg.br\/#website\"},\"primaryImageOfPage\":{\"@id\":\"https:\/\/clinicadh.direito.ufmg.br\/index.php\/2016\/02\/24\/construcoes-interdisciplinares-2016\/#primaryimage\"},\"image\":{\"@id\":\"https:\/\/clinicadh.direito.ufmg.br\/index.php\/2016\/02\/24\/construcoes-interdisciplinares-2016\/#primaryimage\"},\"thumbnailUrl\":\"http:\/\/localhost\/cdh\/wp-content\/uploads\/2016\/02\/noticia-20160224.jpg\",\"datePublished\":\"2016-02-24T22:20:39+00:00\",\"dateModified\":\"2019-02-08T21:45:23+00:00\",\"breadcrumb\":{\"@id\":\"https:\/\/clinicadh.direito.ufmg.br\/index.php\/2016\/02\/24\/construcoes-interdisciplinares-2016\/#breadcrumb\"},\"inLanguage\":\"pt-BR\",\"potentialAction\":[{\"@type\":\"ReadAction\",\"target\":[\"https:\/\/clinicadh.direito.ufmg.br\/index.php\/2016\/02\/24\/construcoes-interdisciplinares-2016\/\"]}]},{\"@type\":\"ImageObject\",\"inLanguage\":\"pt-BR\",\"@id\":\"https:\/\/clinicadh.direito.ufmg.br\/index.php\/2016\/02\/24\/construcoes-interdisciplinares-2016\/#primaryimage\",\"url\":\"http:\/\/localhost\/cdh\/wp-content\/uploads\/2016\/02\/noticia-20160224.jpg\",\"contentUrl\":\"http:\/\/localhost\/cdh\/wp-content\/uploads\/2016\/02\/noticia-20160224.jpg\"},{\"@type\":\"BreadcrumbList\",\"@id\":\"https:\/\/clinicadh.direito.ufmg.br\/index.php\/2016\/02\/24\/construcoes-interdisciplinares-2016\/#breadcrumb\",\"itemListElement\":[{\"@type\":\"ListItem\",\"position\":1,\"name\":\"In\u00edcio\",\"item\":\"https:\/\/clinicadh.direito.ufmg.br\/\"},{\"@type\":\"ListItem\",\"position\":2,\"name\":\"Constru\u00e7\u00f5es Interdisciplinares-2016: o que s\u00e3o direitos humanos? &#8211; 29, 30 e 31 de mar\u00e7o\"}]},{\"@type\":\"WebSite\",\"@id\":\"https:\/\/clinicadh.direito.ufmg.br\/#website\",\"url\":\"https:\/\/clinicadh.direito.ufmg.br\/\",\"name\":\"Cl\u00ednica de Direitos Humanos da UFMG\",\"description\":\"Cl\u00ednica de Direitos Humanos da Universidade Federal de Minas Gerais\",\"publisher\":{\"@id\":\"https:\/\/clinicadh.direito.ufmg.br\/#organization\"},\"potentialAction\":[{\"@type\":\"SearchAction\",\"target\":{\"@type\":\"EntryPoint\",\"urlTemplate\":\"https:\/\/clinicadh.direito.ufmg.br\/?s={search_term_string}\"},\"query-input\":{\"@type\":\"PropertyValueSpecification\",\"valueRequired\":true,\"valueName\":\"search_term_string\"}}],\"inLanguage\":\"pt-BR\"},{\"@type\":\"Organization\",\"@id\":\"https:\/\/clinicadh.direito.ufmg.br\/#organization\",\"name\":\"Cl\u00ednica de Direitos Humanos da UFMG\",\"url\":\"https:\/\/clinicadh.direito.ufmg.br\/\",\"logo\":{\"@type\":\"ImageObject\",\"inLanguage\":\"pt-BR\",\"@id\":\"https:\/\/clinicadh.direito.ufmg.br\/#\/schema\/logo\/image\/\",\"url\":\"https:\/\/clinicadh.direito.ufmg.br\/wp-content\/uploads\/2015\/06\/c.jpg\",\"contentUrl\":\"https:\/\/clinicadh.direito.ufmg.br\/wp-content\/uploads\/2015\/06\/c.jpg\",\"width\":1200,\"height\":500,\"caption\":\"Cl\u00ednica de Direitos Humanos da UFMG\"},\"image\":{\"@id\":\"https:\/\/clinicadh.direito.ufmg.br\/#\/schema\/logo\/image\/\"},\"sameAs\":[\"https:\/\/www.facebook.com\/cdhufmg\/?eid=ARBDSQLce69q0_8v--9A5W6uQzSMctjXi-aHCPLj-fZRI0TKZQaBy-H1YgM9D-FJc2tGPQyTyAg3EYce\"]},{\"@type\":\"Person\",\"@id\":\"https:\/\/clinicadh.direito.ufmg.br\/#\/schema\/person\/6ddb97cd27f7f33fa95646b26e43a114\",\"name\":\"ati\",\"image\":{\"@type\":\"ImageObject\",\"inLanguage\":\"pt-BR\",\"@id\":\"https:\/\/clinicadh.direito.ufmg.br\/#\/schema\/person\/image\/\",\"url\":\"https:\/\/secure.gravatar.com\/avatar\/be7ec997da34e438b220697afc2daf36f36424760fa31a1f87a4c437de558476?s=96&d=mm&r=g\",\"contentUrl\":\"https:\/\/secure.gravatar.com\/avatar\/be7ec997da34e438b220697afc2daf36f36424760fa31a1f87a4c437de558476?s=96&d=mm&r=g\",\"caption\":\"ati\"}}]}<\/script>\n<!-- \/ Yoast SEO plugin. -->","yoast_head_json":{"title":"Constru\u00e7\u00f5es Interdisciplinares-2016: o que s\u00e3o direitos humanos? - 29, 30 e 31 de mar\u00e7o - Cl\u00ednica de Direitos Humanos da UFMG","robots":{"index":"index","follow":"follow","max-snippet":"max-snippet:-1","max-image-preview":"max-image-preview:large","max-video-preview":"max-video-preview:-1"},"canonical":"https:\/\/clinicadh.direito.ufmg.br\/index.php\/2016\/02\/24\/construcoes-interdisciplinares-2016\/","og_locale":"pt_BR","og_type":"article","og_title":"Constru\u00e7\u00f5es Interdisciplinares-2016: o que s\u00e3o direitos humanos? - 29, 30 e 31 de mar\u00e7o - Cl\u00ednica de Direitos Humanos da UFMG","og_description":"Com o objetivo de discutir o conceito de Direitos Humanos, a CdH ir\u00e1 promover, nos dias 29, 30 e 31 de mar\u00e7o,\u00a0um semin\u00e1rio interdisciplinar sobre o tema. O evento ser\u00e1 realizado na Faculdade de Direito e Ci\u00eancias do Estado da UFMG, na sala da Congrega\u00e7\u00e3o (2\u00baandar do Ed. Vilas Boas) e contar\u00e1 com a presen\u00e7a de professores, acad\u00eamicos, integrantes de movimento social e atores do sistema de justi\u00e7a de diversas \u00e1reas do conhecimento. Confira nossa programa\u00e7\u00e3o: 1\u00ba DIA (29 de mar\u00e7o \u2013 ter\u00e7a-feira) 11h \u00e0s 14h \u2013 Painel de abertura: O que s\u00e3o Direitos Humanos: vis\u00f5es da Antropologia e do Direito Internacional dos Direitos Humanos Palestrantes: Ana L\u00facia Pastore Schritzmeyer e\u00a0\u00c2ngela Pires Terto 17h \u00e0s 19h30 &#8211; 2\u00ba Painel: Pornografia n\u00e3o consensual como viola\u00e7\u00e3o a Direitos Humanos Palestrantes: Rose Leonel e Cl\u00e1udia Natividade 2\u00ba DIA (30 de mar\u00e7o \u2013 quarta-feira) 11h \u00e0s 14h \u2013 3\u00ba Painel: O que s\u00e3o Direitos Humanos? Vis\u00f5es do Direito Constitucional e da Psicologia Social Palestrantes: Ela Wiecko Volkmer de Castilho e Marco Aur\u00e9lio M\u00e1ximo Prado 17h \u00e0s 19h30 &#8211; 4\u00ba Painel: G\u00eanero e sexualidade na inf\u00e2ncia e adolesc\u00eancia: interfaces com o Sistema Socioeducativo Palestrantes: Tiago Duque e M\u00e1rcio Rog\u00e9rio 3\u00ba DIA (31 de mar\u00e7o \u2013 quinta-feira) 11h \u00e0s 14h \u2013 5\u00ba Painel: Direitos Humanos e a import\u00e2ncia das Cl\u00ednicas pelo Brasil Palestrantes: Janaina Dantas Germano, Valena Jacob e Diego Valadares. 17h \u00e0s 19h30 \u2013 Painel de encerramento: Das necessidades humanas aos direitos: vis\u00f5es de filosofia do direito e ci\u00eancia pol\u00edtica. Palestrante: Miracy Gustin Confirme sua presen\u00e7a no evento aqui!","og_url":"https:\/\/clinicadh.direito.ufmg.br\/index.php\/2016\/02\/24\/construcoes-interdisciplinares-2016\/","og_site_name":"Cl\u00ednica de Direitos Humanos da UFMG","article_publisher":"https:\/\/www.facebook.com\/cdhufmg\/?eid=ARBDSQLce69q0_8v--9A5W6uQzSMctjXi-aHCPLj-fZRI0TKZQaBy-H1YgM9D-FJc2tGPQyTyAg3EYce","article_published_time":"2016-02-24T22:20:39+00:00","article_modified_time":"2019-02-08T21:45:23+00:00","og_image":[{"url":"http:\/\/localhost\/cdh\/wp-content\/uploads\/2016\/02\/noticia-20160224.jpg","type":"","width":"","height":""}],"author":"ati","twitter_card":"summary_large_image","twitter_misc":{"Escrito por":"ati","Est. tempo de leitura":"1 minuto"},"schema":{"@context":"https:\/\/schema.org","@graph":[{"@type":"Article","@id":"https:\/\/clinicadh.direito.ufmg.br\/index.php\/2016\/02\/24\/construcoes-interdisciplinares-2016\/#article","isPartOf":{"@id":"https:\/\/clinicadh.direito.ufmg.br\/index.php\/2016\/02\/24\/construcoes-interdisciplinares-2016\/"},"author":{"name":"ati","@id":"https:\/\/clinicadh.direito.ufmg.br\/#\/schema\/person\/6ddb97cd27f7f33fa95646b26e43a114"},"headline":"Constru\u00e7\u00f5es Interdisciplinares-2016: o que s\u00e3o direitos humanos? &#8211; 29, 30 e 31 de mar\u00e7o","datePublished":"2016-02-24T22:20:39+00:00","dateModified":"2019-02-08T21:45:23+00:00","mainEntityOfPage":{"@id":"https:\/\/clinicadh.direito.ufmg.br\/index.php\/2016\/02\/24\/construcoes-interdisciplinares-2016\/"},"wordCount":283,"commentCount":0,"publisher":{"@id":"https:\/\/clinicadh.direito.ufmg.br\/#organization"},"image":{"@id":"https:\/\/clinicadh.direito.ufmg.br\/index.php\/2016\/02\/24\/construcoes-interdisciplinares-2016\/#primaryimage"},"thumbnailUrl":"http:\/\/localhost\/cdh\/wp-content\/uploads\/2016\/02\/noticia-20160224.jpg","keywords":["O que s\u00e3o direitos humanos?","Semin\u00e1rio"],"articleSection":["Not\u00edcias"],"inLanguage":"pt-BR","potentialAction":[{"@type":"CommentAction","name":"Comment","target":["https:\/\/clinicadh.direito.ufmg.br\/index.php\/2016\/02\/24\/construcoes-interdisciplinares-2016\/#respond"]}]},{"@type":"WebPage","@id":"https:\/\/clinicadh.direito.ufmg.br\/index.php\/2016\/02\/24\/construcoes-interdisciplinares-2016\/","url":"https:\/\/clinicadh.direito.ufmg.br\/index.php\/2016\/02\/24\/construcoes-interdisciplinares-2016\/","name":"Constru\u00e7\u00f5es Interdisciplinares-2016: o que s\u00e3o direitos humanos? - 29, 30 e 31 de mar\u00e7o - Cl\u00ednica de Direitos Humanos da UFMG","isPartOf":{"@id":"https:\/\/clinicadh.direito.ufmg.br\/#website"},"primaryImageOfPage":{"@id":"https:\/\/clinicadh.direito.ufmg.br\/index.php\/2016\/02\/24\/construcoes-interdisciplinares-2016\/#primaryimage"},"image":{"@id":"https:\/\/clinicadh.direito.ufmg.br\/index.php\/2016\/02\/24\/construcoes-interdisciplinares-2016\/#primaryimage"},"thumbnailUrl":"http:\/\/localhost\/cdh\/wp-content\/uploads\/2016\/02\/noticia-20160224.jpg","datePublished":"2016-02-24T22:20:39+00:00","dateModified":"2019-02-08T21:45:23+00:00","breadcrumb":{"@id":"https:\/\/clinicadh.direito.ufmg.br\/index.php\/2016\/02\/24\/construcoes-interdisciplinares-2016\/#breadcrumb"},"inLanguage":"pt-BR","potentialAction":[{"@type":"ReadAction","target":["https:\/\/clinicadh.direito.ufmg.br\/index.php\/2016\/02\/24\/construcoes-interdisciplinares-2016\/"]}]},{"@type":"ImageObject","inLanguage":"pt-BR","@id":"https:\/\/clinicadh.direito.ufmg.br\/index.php\/2016\/02\/24\/construcoes-interdisciplinares-2016\/#primaryimage","url":"http:\/\/localhost\/cdh\/wp-content\/uploads\/2016\/02\/noticia-20160224.jpg","contentUrl":"http:\/\/localhost\/cdh\/wp-content\/uploads\/2016\/02\/noticia-20160224.jpg"},{"@type":"BreadcrumbList","@id":"https:\/\/clinicadh.direito.ufmg.br\/index.php\/2016\/02\/24\/construcoes-interdisciplinares-2016\/#breadcrumb","itemListElement":[{"@type":"ListItem","position":1,"name":"In\u00edcio","item":"https:\/\/clinicadh.direito.ufmg.br\/"},{"@type":"ListItem","position":2,"name":"Constru\u00e7\u00f5es Interdisciplinares-2016: o que s\u00e3o direitos humanos? &#8211; 29, 30 e 31 de mar\u00e7o"}]},{"@type":"WebSite","@id":"https:\/\/clinicadh.direito.ufmg.br\/#website","url":"https:\/\/clinicadh.direito.ufmg.br\/","name":"Cl\u00ednica de Direitos Humanos da UFMG","description":"Cl\u00ednica de Direitos Humanos da Universidade Federal de Minas Gerais","publisher":{"@id":"https:\/\/clinicadh.direito.ufmg.br\/#organization"},"potentialAction":[{"@type":"SearchAction","target":{"@type":"EntryPoint","urlTemplate":"https:\/\/clinicadh.direito.ufmg.br\/?s={search_term_string}"},"query-input":{"@type":"PropertyValueSpecification","valueRequired":true,"valueName":"search_term_string"}}],"inLanguage":"pt-BR"},{"@type":"Organization","@id":"https:\/\/clinicadh.direito.ufmg.br\/#organization","name":"Cl\u00ednica de Direitos Humanos da UFMG","url":"https:\/\/clinicadh.direito.ufmg.br\/","logo":{"@type":"ImageObject","inLanguage":"pt-BR","@id":"https:\/\/clinicadh.direito.ufmg.br\/#\/schema\/logo\/image\/","url":"https:\/\/clinicadh.direito.ufmg.br\/wp-content\/uploads\/2015\/06\/c.jpg","contentUrl":"https:\/\/clinicadh.direito.ufmg.br\/wp-content\/uploads\/2015\/06\/c.jpg","width":1200,"height":500,"caption":"Cl\u00ednica de Direitos Humanos da UFMG"},"image":{"@id":"https:\/\/clinicadh.direito.ufmg.br\/#\/schema\/logo\/image\/"},"sameAs":["https:\/\/www.facebook.com\/cdhufmg\/?eid=ARBDSQLce69q0_8v--9A5W6uQzSMctjXi-aHCPLj-fZRI0TKZQaBy-H1YgM9D-FJc2tGPQyTyAg3EYce"]},{"@type":"Person","@id":"https:\/\/clinicadh.direito.ufmg.br\/#\/schema\/person\/6ddb97cd27f7f33fa95646b26e43a114","name":"ati","image":{"@type":"ImageObject","inLanguage":"pt-BR","@id":"https:\/\/clinicadh.direito.ufmg.br\/#\/schema\/person\/image\/","url":"https:\/\/secure.gravatar.com\/avatar\/be7ec997da34e438b220697afc2daf36f36424760fa31a1f87a4c437de558476?s=96&d=mm&r=g","contentUrl":"https:\/\/secure.gravatar.com\/avatar\/be7ec997da34e438b220697afc2daf36f36424760fa31a1f87a4c437de558476?s=96&d=mm&r=g","caption":"ati"}}]}},"_links":{"self":[{"href":"https:\/\/clinicadh.direito.ufmg.br\/index.php\/wp-json\/wp\/v2\/posts\/790","targetHints":{"allow":["GET"]}}],"collection":[{"href":"https:\/\/clinicadh.direito.ufmg.br\/index.php\/wp-json\/wp\/v2\/posts"}],"about":[{"href":"https:\/\/clinicadh.direito.ufmg.br\/index.php\/wp-json\/wp\/v2\/types\/post"}],"author":[{"embeddable":true,"href":"https:\/\/clinicadh.direito.ufmg.br\/index.php\/wp-json\/wp\/v2\/users\/1"}],"replies":[{"embeddable":true,"href":"https:\/\/clinicadh.direito.ufmg.br\/index.php\/wp-json\/wp\/v2\/comments?post=790"}],"version-history":[{"count":0,"href":"https:\/\/clinicadh.direito.ufmg.br\/index.php\/wp-json\/wp\/v2\/posts\/790\/revisions"}],"wp:attachment":[{"href":"https:\/\/clinicadh.direito.ufmg.br\/index.php\/wp-json\/wp\/v2\/media?parent=790"}],"wp:term":[{"taxonomy":"category","embeddable":true,"href":"https:\/\/clinicadh.direito.ufmg.br\/index.php\/wp-json\/wp\/v2\/categories?post=790"},{"taxonomy":"post_tag","embeddable":true,"href":"https:\/\/clinicadh.direito.ufmg.br\/index.php\/wp-json\/wp\/v2\/tags?post=790"}],"curies":[{"name":"wp","href":"https:\/\/api.w.org\/{rel}","templated":true}]}}