{"id":781,"date":"2016-02-17T19:07:03","date_gmt":"2016-02-17T21:07:03","guid":{"rendered":"http:\/\/localhost\/cdh\/?p=781"},"modified":"2019-04-14T14:47:55","modified_gmt":"2019-04-14T17:47:55","slug":"colabore-com-a-cdh","status":"publish","type":"post","link":"https:\/\/clinicadh.direito.ufmg.br\/index.php\/2016\/02\/17\/colabore-com-a-cdh\/","title":{"rendered":"Colabore com a CdH!"},"content":{"rendered":"<p>Colabore para que a equipe da Cl\u00ednica de Direitos Humanos da UFMG possa participar do Julgamento Simulado do Sistema Interamericano!<\/p>\n<p>O conhecimento acerca do Sistema Interamericano de Prote\u00e7\u00e3o aos Direitos Humanos que n\u00e3o \u00e9 oferecido pela grade do curso de Direito da UFMG, nem sequer por meio das disciplinas optativas. Esse conhecimento \u00e9 essencial para os membros da Cl\u00ednica de Direitos Humanos, pois poder\u00e1 ser compartilhado e utilizado para aprimorar suas a\u00e7\u00f5es na defesa e promo\u00e7\u00e3o desses direitos, e a participa\u00e7\u00e3o da nossa equipe no Julgamento Simulado seria uma forma de construirmos esse conhecimento. Confira o link e colabore!<\/p>\n<p>&nbsp;<\/p>\n<p>https:\/\/beta.benfeitoria.com\/equipecdhufmg<\/p>\n<p><iframe loading=\"lazy\" src=\"https:\/\/www.youtube.com\/embed\/W4EKUMlx3uw\" width=\"670\" height=\"377\" frameborder=\"0\" allowfullscreen=\"allowfullscreen\"><\/iframe><\/p>\n","protected":false},"excerpt":{"rendered":"<p>Colabore para que a equipe da Cl\u00ednica de Direitos Humanos da UFMG possa participar do Julgamento Simulado do Sistema Interamericano! O conhecimento acerca do Sistema Interamericano de Prote\u00e7\u00e3o aos Direitos Humanos que n\u00e3o \u00e9 oferecido pela grade do curso de Direito da UFMG, nem sequer por meio das disciplinas optativas. Esse conhecimento \u00e9 essencial para os membros da Cl\u00ednica de Direitos Humanos, pois poder\u00e1 ser compartilhado e utilizado para aprimorar suas a\u00e7\u00f5es na defesa e promo\u00e7\u00e3o desses direitos, e a participa\u00e7\u00e3o da nossa equipe no Julgamento Simulado seria uma forma de construirmos esse conhecimento. Confira o link e colabore! &nbsp; https:\/\/beta.benfeitoria.com\/equipecdhufmg<\/p>\n","protected":false},"author":1,"featured_media":0,"comment_status":"open","ping_status":"open","sticky":false,"template":"","format":"standard","meta":{"footnotes":""},"categories":[1],"tags":[],"class_list":["post-781","post","type-post","status-publish","format-standard","hentry","category-noticias"],"yoast_head":"<!-- This site is optimized with the Yoast SEO plugin v25.3 - https:\/\/yoast.com\/wordpress\/plugins\/seo\/ -->\n<title>Colabore com a CdH! - Cl\u00ednica de Direitos Humanos da UFMG<\/title>\n<meta name=\"robots\" content=\"index, follow, max-snippet:-1, max-image-preview:large, max-video-preview:-1\" \/>\n<link rel=\"canonical\" href=\"https:\/\/clinicadh.direito.ufmg.br\/index.php\/2016\/02\/17\/colabore-com-a-cdh\/\" \/>\n<meta property=\"og:locale\" content=\"pt_BR\" \/>\n<meta property=\"og:type\" content=\"article\" \/>\n<meta property=\"og:title\" content=\"Colabore com a CdH! - Cl\u00ednica de Direitos Humanos da UFMG\" \/>\n<meta property=\"og:description\" content=\"Colabore para que a equipe da Cl\u00ednica de Direitos Humanos da UFMG possa participar do Julgamento Simulado do Sistema Interamericano! O conhecimento acerca do Sistema Interamericano de Prote\u00e7\u00e3o aos Direitos Humanos que n\u00e3o \u00e9 oferecido pela grade do curso de Direito da UFMG, nem sequer por meio das disciplinas optativas. Esse conhecimento \u00e9 essencial para os membros da Cl\u00ednica de Direitos Humanos, pois poder\u00e1 ser compartilhado e utilizado para aprimorar suas a\u00e7\u00f5es na defesa e promo\u00e7\u00e3o desses direitos, e a participa\u00e7\u00e3o da nossa equipe no Julgamento Simulado seria uma forma de construirmos esse conhecimento. Confira o link e colabore! &nbsp; https:\/\/beta.benfeitoria.com\/equipecdhufmg\" \/>\n<meta property=\"og:url\" content=\"https:\/\/clinicadh.direito.ufmg.br\/index.php\/2016\/02\/17\/colabore-com-a-cdh\/\" \/>\n<meta property=\"og:site_name\" content=\"Cl\u00ednica de Direitos Humanos da UFMG\" \/>\n<meta property=\"article:publisher\" content=\"https:\/\/www.facebook.com\/cdhufmg\/?eid=ARBDSQLce69q0_8v--9A5W6uQzSMctjXi-aHCPLj-fZRI0TKZQaBy-H1YgM9D-FJc2tGPQyTyAg3EYce\" \/>\n<meta property=\"article:published_time\" content=\"2016-02-17T21:07:03+00:00\" \/>\n<meta property=\"article:modified_time\" content=\"2019-04-14T17:47:55+00:00\" \/>\n<meta name=\"author\" content=\"ati\" \/>\n<meta name=\"twitter:card\" content=\"summary_large_image\" \/>\n<meta name=\"twitter:label1\" content=\"Escrito por\" \/>\n\t<meta name=\"twitter:data1\" content=\"ati\" \/>\n\t<meta name=\"twitter:label2\" content=\"Est. tempo de leitura\" \/>\n\t<meta name=\"twitter:data2\" content=\"1 minuto\" \/>\n<script type=\"application\/ld+json\" class=\"yoast-schema-graph\">{\"@context\":\"https:\/\/schema.org\",\"@graph\":[{\"@type\":\"Article\",\"@id\":\"https:\/\/clinicadh.direito.ufmg.br\/index.php\/2016\/02\/17\/colabore-com-a-cdh\/#article\",\"isPartOf\":{\"@id\":\"https:\/\/clinicadh.direito.ufmg.br\/index.php\/2016\/02\/17\/colabore-com-a-cdh\/\"},\"author\":{\"name\":\"ati\",\"@id\":\"https:\/\/clinicadh.direito.ufmg.br\/#\/schema\/person\/6ddb97cd27f7f33fa95646b26e43a114\"},\"headline\":\"Colabore com a CdH!\",\"datePublished\":\"2016-02-17T21:07:03+00:00\",\"dateModified\":\"2019-04-14T17:47:55+00:00\",\"mainEntityOfPage\":{\"@id\":\"https:\/\/clinicadh.direito.ufmg.br\/index.php\/2016\/02\/17\/colabore-com-a-cdh\/\"},\"wordCount\":114,\"commentCount\":0,\"publisher\":{\"@id\":\"https:\/\/clinicadh.direito.ufmg.br\/#organization\"},\"articleSection\":[\"Not\u00edcias\"],\"inLanguage\":\"pt-BR\",\"potentialAction\":[{\"@type\":\"CommentAction\",\"name\":\"Comment\",\"target\":[\"https:\/\/clinicadh.direito.ufmg.br\/index.php\/2016\/02\/17\/colabore-com-a-cdh\/#respond\"]}]},{\"@type\":\"WebPage\",\"@id\":\"https:\/\/clinicadh.direito.ufmg.br\/index.php\/2016\/02\/17\/colabore-com-a-cdh\/\",\"url\":\"https:\/\/clinicadh.direito.ufmg.br\/index.php\/2016\/02\/17\/colabore-com-a-cdh\/\",\"name\":\"Colabore com a CdH! - Cl\u00ednica de Direitos Humanos da UFMG\",\"isPartOf\":{\"@id\":\"https:\/\/clinicadh.direito.ufmg.br\/#website\"},\"datePublished\":\"2016-02-17T21:07:03+00:00\",\"dateModified\":\"2019-04-14T17:47:55+00:00\",\"breadcrumb\":{\"@id\":\"https:\/\/clinicadh.direito.ufmg.br\/index.php\/2016\/02\/17\/colabore-com-a-cdh\/#breadcrumb\"},\"inLanguage\":\"pt-BR\",\"potentialAction\":[{\"@type\":\"ReadAction\",\"target\":[\"https:\/\/clinicadh.direito.ufmg.br\/index.php\/2016\/02\/17\/colabore-com-a-cdh\/\"]}]},{\"@type\":\"BreadcrumbList\",\"@id\":\"https:\/\/clinicadh.direito.ufmg.br\/index.php\/2016\/02\/17\/colabore-com-a-cdh\/#breadcrumb\",\"itemListElement\":[{\"@type\":\"ListItem\",\"position\":1,\"name\":\"In\u00edcio\",\"item\":\"https:\/\/clinicadh.direito.ufmg.br\/\"},{\"@type\":\"ListItem\",\"position\":2,\"name\":\"Colabore com a CdH!\"}]},{\"@type\":\"WebSite\",\"@id\":\"https:\/\/clinicadh.direito.ufmg.br\/#website\",\"url\":\"https:\/\/clinicadh.direito.ufmg.br\/\",\"name\":\"Cl\u00ednica de Direitos Humanos da UFMG\",\"description\":\"Cl\u00ednica de Direitos Humanos da Universidade Federal de Minas Gerais\",\"publisher\":{\"@id\":\"https:\/\/clinicadh.direito.ufmg.br\/#organization\"},\"potentialAction\":[{\"@type\":\"SearchAction\",\"target\":{\"@type\":\"EntryPoint\",\"urlTemplate\":\"https:\/\/clinicadh.direito.ufmg.br\/?s={search_term_string}\"},\"query-input\":{\"@type\":\"PropertyValueSpecification\",\"valueRequired\":true,\"valueName\":\"search_term_string\"}}],\"inLanguage\":\"pt-BR\"},{\"@type\":\"Organization\",\"@id\":\"https:\/\/clinicadh.direito.ufmg.br\/#organization\",\"name\":\"Cl\u00ednica de Direitos Humanos da UFMG\",\"url\":\"https:\/\/clinicadh.direito.ufmg.br\/\",\"logo\":{\"@type\":\"ImageObject\",\"inLanguage\":\"pt-BR\",\"@id\":\"https:\/\/clinicadh.direito.ufmg.br\/#\/schema\/logo\/image\/\",\"url\":\"https:\/\/clinicadh.direito.ufmg.br\/wp-content\/uploads\/2015\/06\/c.jpg\",\"contentUrl\":\"https:\/\/clinicadh.direito.ufmg.br\/wp-content\/uploads\/2015\/06\/c.jpg\",\"width\":1200,\"height\":500,\"caption\":\"Cl\u00ednica de Direitos Humanos da UFMG\"},\"image\":{\"@id\":\"https:\/\/clinicadh.direito.ufmg.br\/#\/schema\/logo\/image\/\"},\"sameAs\":[\"https:\/\/www.facebook.com\/cdhufmg\/?eid=ARBDSQLce69q0_8v--9A5W6uQzSMctjXi-aHCPLj-fZRI0TKZQaBy-H1YgM9D-FJc2tGPQyTyAg3EYce\"]},{\"@type\":\"Person\",\"@id\":\"https:\/\/clinicadh.direito.ufmg.br\/#\/schema\/person\/6ddb97cd27f7f33fa95646b26e43a114\",\"name\":\"ati\",\"image\":{\"@type\":\"ImageObject\",\"inLanguage\":\"pt-BR\",\"@id\":\"https:\/\/clinicadh.direito.ufmg.br\/#\/schema\/person\/image\/\",\"url\":\"https:\/\/secure.gravatar.com\/avatar\/be7ec997da34e438b220697afc2daf36f36424760fa31a1f87a4c437de558476?s=96&d=mm&r=g\",\"contentUrl\":\"https:\/\/secure.gravatar.com\/avatar\/be7ec997da34e438b220697afc2daf36f36424760fa31a1f87a4c437de558476?s=96&d=mm&r=g\",\"caption\":\"ati\"}}]}<\/script>\n<!-- \/ Yoast SEO plugin. -->","yoast_head_json":{"title":"Colabore com a CdH! - Cl\u00ednica de Direitos Humanos da UFMG","robots":{"index":"index","follow":"follow","max-snippet":"max-snippet:-1","max-image-preview":"max-image-preview:large","max-video-preview":"max-video-preview:-1"},"canonical":"https:\/\/clinicadh.direito.ufmg.br\/index.php\/2016\/02\/17\/colabore-com-a-cdh\/","og_locale":"pt_BR","og_type":"article","og_title":"Colabore com a CdH! - Cl\u00ednica de Direitos Humanos da UFMG","og_description":"Colabore para que a equipe da Cl\u00ednica de Direitos Humanos da UFMG possa participar do Julgamento Simulado do Sistema Interamericano! O conhecimento acerca do Sistema Interamericano de Prote\u00e7\u00e3o aos Direitos Humanos que n\u00e3o \u00e9 oferecido pela grade do curso de Direito da UFMG, nem sequer por meio das disciplinas optativas. Esse conhecimento \u00e9 essencial para os membros da Cl\u00ednica de Direitos Humanos, pois poder\u00e1 ser compartilhado e utilizado para aprimorar suas a\u00e7\u00f5es na defesa e promo\u00e7\u00e3o desses direitos, e a participa\u00e7\u00e3o da nossa equipe no Julgamento Simulado seria uma forma de construirmos esse conhecimento. Confira o link e colabore! &nbsp; https:\/\/beta.benfeitoria.com\/equipecdhufmg","og_url":"https:\/\/clinicadh.direito.ufmg.br\/index.php\/2016\/02\/17\/colabore-com-a-cdh\/","og_site_name":"Cl\u00ednica de Direitos Humanos da UFMG","article_publisher":"https:\/\/www.facebook.com\/cdhufmg\/?eid=ARBDSQLce69q0_8v--9A5W6uQzSMctjXi-aHCPLj-fZRI0TKZQaBy-H1YgM9D-FJc2tGPQyTyAg3EYce","article_published_time":"2016-02-17T21:07:03+00:00","article_modified_time":"2019-04-14T17:47:55+00:00","author":"ati","twitter_card":"summary_large_image","twitter_misc":{"Escrito por":"ati","Est. tempo de leitura":"1 minuto"},"schema":{"@context":"https:\/\/schema.org","@graph":[{"@type":"Article","@id":"https:\/\/clinicadh.direito.ufmg.br\/index.php\/2016\/02\/17\/colabore-com-a-cdh\/#article","isPartOf":{"@id":"https:\/\/clinicadh.direito.ufmg.br\/index.php\/2016\/02\/17\/colabore-com-a-cdh\/"},"author":{"name":"ati","@id":"https:\/\/clinicadh.direito.ufmg.br\/#\/schema\/person\/6ddb97cd27f7f33fa95646b26e43a114"},"headline":"Colabore com a CdH!","datePublished":"2016-02-17T21:07:03+00:00","dateModified":"2019-04-14T17:47:55+00:00","mainEntityOfPage":{"@id":"https:\/\/clinicadh.direito.ufmg.br\/index.php\/2016\/02\/17\/colabore-com-a-cdh\/"},"wordCount":114,"commentCount":0,"publisher":{"@id":"https:\/\/clinicadh.direito.ufmg.br\/#organization"},"articleSection":["Not\u00edcias"],"inLanguage":"pt-BR","potentialAction":[{"@type":"CommentAction","name":"Comment","target":["https:\/\/clinicadh.direito.ufmg.br\/index.php\/2016\/02\/17\/colabore-com-a-cdh\/#respond"]}]},{"@type":"WebPage","@id":"https:\/\/clinicadh.direito.ufmg.br\/index.php\/2016\/02\/17\/colabore-com-a-cdh\/","url":"https:\/\/clinicadh.direito.ufmg.br\/index.php\/2016\/02\/17\/colabore-com-a-cdh\/","name":"Colabore com a CdH! - Cl\u00ednica de Direitos Humanos da UFMG","isPartOf":{"@id":"https:\/\/clinicadh.direito.ufmg.br\/#website"},"datePublished":"2016-02-17T21:07:03+00:00","dateModified":"2019-04-14T17:47:55+00:00","breadcrumb":{"@id":"https:\/\/clinicadh.direito.ufmg.br\/index.php\/2016\/02\/17\/colabore-com-a-cdh\/#breadcrumb"},"inLanguage":"pt-BR","potentialAction":[{"@type":"ReadAction","target":["https:\/\/clinicadh.direito.ufmg.br\/index.php\/2016\/02\/17\/colabore-com-a-cdh\/"]}]},{"@type":"BreadcrumbList","@id":"https:\/\/clinicadh.direito.ufmg.br\/index.php\/2016\/02\/17\/colabore-com-a-cdh\/#breadcrumb","itemListElement":[{"@type":"ListItem","position":1,"name":"In\u00edcio","item":"https:\/\/clinicadh.direito.ufmg.br\/"},{"@type":"ListItem","position":2,"name":"Colabore com a CdH!"}]},{"@type":"WebSite","@id":"https:\/\/clinicadh.direito.ufmg.br\/#website","url":"https:\/\/clinicadh.direito.ufmg.br\/","name":"Cl\u00ednica de Direitos Humanos da UFMG","description":"Cl\u00ednica de Direitos Humanos da Universidade Federal de Minas Gerais","publisher":{"@id":"https:\/\/clinicadh.direito.ufmg.br\/#organization"},"potentialAction":[{"@type":"SearchAction","target":{"@type":"EntryPoint","urlTemplate":"https:\/\/clinicadh.direito.ufmg.br\/?s={search_term_string}"},"query-input":{"@type":"PropertyValueSpecification","valueRequired":true,"valueName":"search_term_string"}}],"inLanguage":"pt-BR"},{"@type":"Organization","@id":"https:\/\/clinicadh.direito.ufmg.br\/#organization","name":"Cl\u00ednica de Direitos Humanos da UFMG","url":"https:\/\/clinicadh.direito.ufmg.br\/","logo":{"@type":"ImageObject","inLanguage":"pt-BR","@id":"https:\/\/clinicadh.direito.ufmg.br\/#\/schema\/logo\/image\/","url":"https:\/\/clinicadh.direito.ufmg.br\/wp-content\/uploads\/2015\/06\/c.jpg","contentUrl":"https:\/\/clinicadh.direito.ufmg.br\/wp-content\/uploads\/2015\/06\/c.jpg","width":1200,"height":500,"caption":"Cl\u00ednica de Direitos Humanos da UFMG"},"image":{"@id":"https:\/\/clinicadh.direito.ufmg.br\/#\/schema\/logo\/image\/"},"sameAs":["https:\/\/www.facebook.com\/cdhufmg\/?eid=ARBDSQLce69q0_8v--9A5W6uQzSMctjXi-aHCPLj-fZRI0TKZQaBy-H1YgM9D-FJc2tGPQyTyAg3EYce"]},{"@type":"Person","@id":"https:\/\/clinicadh.direito.ufmg.br\/#\/schema\/person\/6ddb97cd27f7f33fa95646b26e43a114","name":"ati","image":{"@type":"ImageObject","inLanguage":"pt-BR","@id":"https:\/\/clinicadh.direito.ufmg.br\/#\/schema\/person\/image\/","url":"https:\/\/secure.gravatar.com\/avatar\/be7ec997da34e438b220697afc2daf36f36424760fa31a1f87a4c437de558476?s=96&d=mm&r=g","contentUrl":"https:\/\/secure.gravatar.com\/avatar\/be7ec997da34e438b220697afc2daf36f36424760fa31a1f87a4c437de558476?s=96&d=mm&r=g","caption":"ati"}}]}},"_links":{"self":[{"href":"https:\/\/clinicadh.direito.ufmg.br\/index.php\/wp-json\/wp\/v2\/posts\/781","targetHints":{"allow":["GET"]}}],"collection":[{"href":"https:\/\/clinicadh.direito.ufmg.br\/index.php\/wp-json\/wp\/v2\/posts"}],"about":[{"href":"https:\/\/clinicadh.direito.ufmg.br\/index.php\/wp-json\/wp\/v2\/types\/post"}],"author":[{"embeddable":true,"href":"https:\/\/clinicadh.direito.ufmg.br\/index.php\/wp-json\/wp\/v2\/users\/1"}],"replies":[{"embeddable":true,"href":"https:\/\/clinicadh.direito.ufmg.br\/index.php\/wp-json\/wp\/v2\/comments?post=781"}],"version-history":[{"count":0,"href":"https:\/\/clinicadh.direito.ufmg.br\/index.php\/wp-json\/wp\/v2\/posts\/781\/revisions"}],"wp:attachment":[{"href":"https:\/\/clinicadh.direito.ufmg.br\/index.php\/wp-json\/wp\/v2\/media?parent=781"}],"wp:term":[{"taxonomy":"category","embeddable":true,"href":"https:\/\/clinicadh.direito.ufmg.br\/index.php\/wp-json\/wp\/v2\/categories?post=781"},{"taxonomy":"post_tag","embeddable":true,"href":"https:\/\/clinicadh.direito.ufmg.br\/index.php\/wp-json\/wp\/v2\/tags?post=781"}],"curies":[{"name":"wp","href":"https:\/\/api.w.org\/{rel}","templated":true}]}}