{"id":775,"date":"2015-12-01T18:27:29","date_gmt":"2015-12-01T20:27:29","guid":{"rendered":"http:\/\/localhost\/cdh\/?p=775"},"modified":"2019-06-30T13:21:01","modified_gmt":"2019-06-30T16:21:01","slug":"apresentacao-cdh-dialogos-interdisciplinares","status":"publish","type":"post","link":"https:\/\/clinicadh.direito.ufmg.br\/index.php\/2015\/12\/01\/apresentacao-cdh-dialogos-interdisciplinares\/","title":{"rendered":"Apresenta\u00e7\u00e3o da Cl\u00ednica de Direitos Humanos da UFMG &#8211; Di\u00e1logos Interdisciplinares"},"content":{"rendered":"<p>Estavam presentes na mesa de debates a Profa. Dra. Camila Nic\u00e1cio, o Prof. Dr. Marcelo Maciel, o Prof. Dr. Felipe Martins, a Profa. Dra. Tereza Cristina Thibau, o Prof. Dr. Fernando Jayme e a Profa. Dra. Fabiana de Menezes, todos da UFMG.<\/p>\n<p>Tamb\u00e9m estava presente o professor Antonio Gim\u00e9nez da Universidade de Barcelona, que na ocasi\u00e3o, compartilhou sua experi\u00eancia com Cl\u00ednicas que atuam em diferentes frentes com\u00a0\u00a0interface em Direitos Humanos na Espanha.<\/p>\n<p>Os convidados elogiaram a iniciativa e atua\u00e7\u00e3o da Cl\u00ednica destacando a import\u00e2ncia do projeto na forma\u00e7\u00e3o dos estudantes, a contribui\u00e7\u00e3o para a comunidade externa e a promo\u00e7\u00e3o dos Direitos Humanos no campo jur\u00eddico.<\/p>\n","protected":false},"excerpt":{"rendered":"<p>Estavam presentes na mesa de debates a Profa. Dra. Camila Nic\u00e1cio, o Prof. Dr. Marcelo Maciel, o Prof. Dr. Felipe Martins, a Profa. Dra. Tereza Cristina Thibau, o Prof. Dr. Fernando Jayme e a Profa. Dra. Fabiana de Menezes, todos da UFMG. Tamb\u00e9m estava presente o professor Antonio Gim\u00e9nez da Universidade de Barcelona, que na ocasi\u00e3o, compartilhou sua experi\u00eancia com Cl\u00ednicas que atuam em diferentes frentes com\u00a0\u00a0interface em Direitos Humanos na Espanha. Os convidados elogiaram a iniciativa e atua\u00e7\u00e3o da Cl\u00ednica destacando a import\u00e2ncia do projeto na forma\u00e7\u00e3o dos estudantes, a contribui\u00e7\u00e3o para a comunidade externa e a promo\u00e7\u00e3o dos Direitos Humanos no campo jur\u00eddico.<\/p>\n","protected":false},"author":1,"featured_media":1188,"comment_status":"open","ping_status":"open","sticky":false,"template":"","format":"standard","meta":{"footnotes":""},"categories":[1],"tags":[18,17,4,12],"class_list":["post-775","post","type-post","status-publish","format-standard","has-post-thumbnail","hentry","category-noticias","tag-debate","tag-dialogos-interdisciplinares","tag-eventos","tag-ufmg"],"yoast_head":"<!-- This site is optimized with the Yoast SEO plugin v25.3 - https:\/\/yoast.com\/wordpress\/plugins\/seo\/ -->\n<title>Apresenta\u00e7\u00e3o da Cl\u00ednica de Direitos Humanos da UFMG - Di\u00e1logos Interdisciplinares - Cl\u00ednica de Direitos Humanos da UFMG<\/title>\n<meta name=\"robots\" content=\"index, follow, max-snippet:-1, max-image-preview:large, max-video-preview:-1\" \/>\n<link rel=\"canonical\" href=\"https:\/\/clinicadh.direito.ufmg.br\/index.php\/2015\/12\/01\/apresentacao-cdh-dialogos-interdisciplinares\/\" \/>\n<meta property=\"og:locale\" content=\"pt_BR\" \/>\n<meta property=\"og:type\" content=\"article\" \/>\n<meta property=\"og:title\" content=\"Apresenta\u00e7\u00e3o da Cl\u00ednica de Direitos Humanos da UFMG - Di\u00e1logos Interdisciplinares - Cl\u00ednica de Direitos Humanos da UFMG\" \/>\n<meta property=\"og:description\" content=\"Estavam presentes na mesa de debates a Profa. Dra. Camila Nic\u00e1cio, o Prof. Dr. Marcelo Maciel, o Prof. Dr. Felipe Martins, a Profa. Dra. Tereza Cristina Thibau, o Prof. Dr. Fernando Jayme e a Profa. Dra. Fabiana de Menezes, todos da UFMG. Tamb\u00e9m estava presente o professor Antonio Gim\u00e9nez da Universidade de Barcelona, que na ocasi\u00e3o, compartilhou sua experi\u00eancia com Cl\u00ednicas que atuam em diferentes frentes com\u00a0\u00a0interface em Direitos Humanos na Espanha. Os convidados elogiaram a iniciativa e atua\u00e7\u00e3o da Cl\u00ednica destacando a import\u00e2ncia do projeto na forma\u00e7\u00e3o dos estudantes, a contribui\u00e7\u00e3o para a comunidade externa e a promo\u00e7\u00e3o dos Direitos Humanos no campo jur\u00eddico.\" \/>\n<meta property=\"og:url\" content=\"https:\/\/clinicadh.direito.ufmg.br\/index.php\/2015\/12\/01\/apresentacao-cdh-dialogos-interdisciplinares\/\" \/>\n<meta property=\"og:site_name\" content=\"Cl\u00ednica de Direitos Humanos da UFMG\" \/>\n<meta property=\"article:publisher\" content=\"https:\/\/www.facebook.com\/cdhufmg\/?eid=ARBDSQLce69q0_8v--9A5W6uQzSMctjXi-aHCPLj-fZRI0TKZQaBy-H1YgM9D-FJc2tGPQyTyAg3EYce\" \/>\n<meta property=\"article:published_time\" content=\"2015-12-01T20:27:29+00:00\" \/>\n<meta property=\"article:modified_time\" content=\"2019-06-30T16:21:01+00:00\" \/>\n<meta property=\"og:image\" content=\"https:\/\/clinicadh.direito.ufmg.br\/wp-content\/uploads\/2015\/06\/c.jpg\" \/>\n\t<meta property=\"og:image:width\" content=\"1200\" \/>\n\t<meta property=\"og:image:height\" content=\"500\" \/>\n\t<meta property=\"og:image:type\" content=\"image\/jpeg\" \/>\n<meta name=\"author\" content=\"ati\" \/>\n<meta name=\"twitter:card\" content=\"summary_large_image\" \/>\n<meta name=\"twitter:label1\" content=\"Escrito por\" \/>\n\t<meta name=\"twitter:data1\" content=\"ati\" \/>\n\t<meta name=\"twitter:label2\" content=\"Est. tempo de leitura\" \/>\n\t<meta name=\"twitter:data2\" content=\"1 minuto\" \/>\n<script type=\"application\/ld+json\" class=\"yoast-schema-graph\">{\"@context\":\"https:\/\/schema.org\",\"@graph\":[{\"@type\":\"Article\",\"@id\":\"https:\/\/clinicadh.direito.ufmg.br\/index.php\/2015\/12\/01\/apresentacao-cdh-dialogos-interdisciplinares\/#article\",\"isPartOf\":{\"@id\":\"https:\/\/clinicadh.direito.ufmg.br\/index.php\/2015\/12\/01\/apresentacao-cdh-dialogos-interdisciplinares\/\"},\"author\":{\"name\":\"ati\",\"@id\":\"https:\/\/clinicadh.direito.ufmg.br\/#\/schema\/person\/6ddb97cd27f7f33fa95646b26e43a114\"},\"headline\":\"Apresenta\u00e7\u00e3o da Cl\u00ednica de Direitos Humanos da UFMG &#8211; Di\u00e1logos Interdisciplinares\",\"datePublished\":\"2015-12-01T20:27:29+00:00\",\"dateModified\":\"2019-06-30T16:21:01+00:00\",\"mainEntityOfPage\":{\"@id\":\"https:\/\/clinicadh.direito.ufmg.br\/index.php\/2015\/12\/01\/apresentacao-cdh-dialogos-interdisciplinares\/\"},\"wordCount\":133,\"commentCount\":0,\"publisher\":{\"@id\":\"https:\/\/clinicadh.direito.ufmg.br\/#organization\"},\"image\":{\"@id\":\"https:\/\/clinicadh.direito.ufmg.br\/index.php\/2015\/12\/01\/apresentacao-cdh-dialogos-interdisciplinares\/#primaryimage\"},\"thumbnailUrl\":\"https:\/\/clinicadh.direito.ufmg.br\/wp-content\/uploads\/2015\/06\/c.jpg\",\"keywords\":[\"Debate\",\"Di\u00e1logos Interdisciplinares\",\"Eventos\",\"UFMG\"],\"articleSection\":[\"Not\u00edcias\"],\"inLanguage\":\"pt-BR\",\"potentialAction\":[{\"@type\":\"CommentAction\",\"name\":\"Comment\",\"target\":[\"https:\/\/clinicadh.direito.ufmg.br\/index.php\/2015\/12\/01\/apresentacao-cdh-dialogos-interdisciplinares\/#respond\"]}]},{\"@type\":\"WebPage\",\"@id\":\"https:\/\/clinicadh.direito.ufmg.br\/index.php\/2015\/12\/01\/apresentacao-cdh-dialogos-interdisciplinares\/\",\"url\":\"https:\/\/clinicadh.direito.ufmg.br\/index.php\/2015\/12\/01\/apresentacao-cdh-dialogos-interdisciplinares\/\",\"name\":\"Apresenta\u00e7\u00e3o da Cl\u00ednica de Direitos Humanos da UFMG - Di\u00e1logos Interdisciplinares - Cl\u00ednica de Direitos Humanos da UFMG\",\"isPartOf\":{\"@id\":\"https:\/\/clinicadh.direito.ufmg.br\/#website\"},\"primaryImageOfPage\":{\"@id\":\"https:\/\/clinicadh.direito.ufmg.br\/index.php\/2015\/12\/01\/apresentacao-cdh-dialogos-interdisciplinares\/#primaryimage\"},\"image\":{\"@id\":\"https:\/\/clinicadh.direito.ufmg.br\/index.php\/2015\/12\/01\/apresentacao-cdh-dialogos-interdisciplinares\/#primaryimage\"},\"thumbnailUrl\":\"https:\/\/clinicadh.direito.ufmg.br\/wp-content\/uploads\/2015\/06\/c.jpg\",\"datePublished\":\"2015-12-01T20:27:29+00:00\",\"dateModified\":\"2019-06-30T16:21:01+00:00\",\"breadcrumb\":{\"@id\":\"https:\/\/clinicadh.direito.ufmg.br\/index.php\/2015\/12\/01\/apresentacao-cdh-dialogos-interdisciplinares\/#breadcrumb\"},\"inLanguage\":\"pt-BR\",\"potentialAction\":[{\"@type\":\"ReadAction\",\"target\":[\"https:\/\/clinicadh.direito.ufmg.br\/index.php\/2015\/12\/01\/apresentacao-cdh-dialogos-interdisciplinares\/\"]}]},{\"@type\":\"ImageObject\",\"inLanguage\":\"pt-BR\",\"@id\":\"https:\/\/clinicadh.direito.ufmg.br\/index.php\/2015\/12\/01\/apresentacao-cdh-dialogos-interdisciplinares\/#primaryimage\",\"url\":\"https:\/\/clinicadh.direito.ufmg.br\/wp-content\/uploads\/2015\/06\/c.jpg\",\"contentUrl\":\"https:\/\/clinicadh.direito.ufmg.br\/wp-content\/uploads\/2015\/06\/c.jpg\",\"width\":1200,\"height\":500},{\"@type\":\"BreadcrumbList\",\"@id\":\"https:\/\/clinicadh.direito.ufmg.br\/index.php\/2015\/12\/01\/apresentacao-cdh-dialogos-interdisciplinares\/#breadcrumb\",\"itemListElement\":[{\"@type\":\"ListItem\",\"position\":1,\"name\":\"In\u00edcio\",\"item\":\"https:\/\/clinicadh.direito.ufmg.br\/\"},{\"@type\":\"ListItem\",\"position\":2,\"name\":\"Apresenta\u00e7\u00e3o da Cl\u00ednica de Direitos Humanos da UFMG &#8211; Di\u00e1logos Interdisciplinares\"}]},{\"@type\":\"WebSite\",\"@id\":\"https:\/\/clinicadh.direito.ufmg.br\/#website\",\"url\":\"https:\/\/clinicadh.direito.ufmg.br\/\",\"name\":\"Cl\u00ednica de Direitos Humanos da UFMG\",\"description\":\"Cl\u00ednica de Direitos Humanos da Universidade Federal de Minas Gerais\",\"publisher\":{\"@id\":\"https:\/\/clinicadh.direito.ufmg.br\/#organization\"},\"potentialAction\":[{\"@type\":\"SearchAction\",\"target\":{\"@type\":\"EntryPoint\",\"urlTemplate\":\"https:\/\/clinicadh.direito.ufmg.br\/?s={search_term_string}\"},\"query-input\":{\"@type\":\"PropertyValueSpecification\",\"valueRequired\":true,\"valueName\":\"search_term_string\"}}],\"inLanguage\":\"pt-BR\"},{\"@type\":\"Organization\",\"@id\":\"https:\/\/clinicadh.direito.ufmg.br\/#organization\",\"name\":\"Cl\u00ednica de Direitos Humanos da UFMG\",\"url\":\"https:\/\/clinicadh.direito.ufmg.br\/\",\"logo\":{\"@type\":\"ImageObject\",\"inLanguage\":\"pt-BR\",\"@id\":\"https:\/\/clinicadh.direito.ufmg.br\/#\/schema\/logo\/image\/\",\"url\":\"https:\/\/clinicadh.direito.ufmg.br\/wp-content\/uploads\/2015\/06\/c.jpg\",\"contentUrl\":\"https:\/\/clinicadh.direito.ufmg.br\/wp-content\/uploads\/2015\/06\/c.jpg\",\"width\":1200,\"height\":500,\"caption\":\"Cl\u00ednica de Direitos Humanos da UFMG\"},\"image\":{\"@id\":\"https:\/\/clinicadh.direito.ufmg.br\/#\/schema\/logo\/image\/\"},\"sameAs\":[\"https:\/\/www.facebook.com\/cdhufmg\/?eid=ARBDSQLce69q0_8v--9A5W6uQzSMctjXi-aHCPLj-fZRI0TKZQaBy-H1YgM9D-FJc2tGPQyTyAg3EYce\"]},{\"@type\":\"Person\",\"@id\":\"https:\/\/clinicadh.direito.ufmg.br\/#\/schema\/person\/6ddb97cd27f7f33fa95646b26e43a114\",\"name\":\"ati\",\"image\":{\"@type\":\"ImageObject\",\"inLanguage\":\"pt-BR\",\"@id\":\"https:\/\/clinicadh.direito.ufmg.br\/#\/schema\/person\/image\/\",\"url\":\"https:\/\/secure.gravatar.com\/avatar\/be7ec997da34e438b220697afc2daf36f36424760fa31a1f87a4c437de558476?s=96&d=mm&r=g\",\"contentUrl\":\"https:\/\/secure.gravatar.com\/avatar\/be7ec997da34e438b220697afc2daf36f36424760fa31a1f87a4c437de558476?s=96&d=mm&r=g\",\"caption\":\"ati\"}}]}<\/script>\n<!-- \/ Yoast SEO plugin. -->","yoast_head_json":{"title":"Apresenta\u00e7\u00e3o da Cl\u00ednica de Direitos Humanos da UFMG - Di\u00e1logos Interdisciplinares - Cl\u00ednica de Direitos Humanos da UFMG","robots":{"index":"index","follow":"follow","max-snippet":"max-snippet:-1","max-image-preview":"max-image-preview:large","max-video-preview":"max-video-preview:-1"},"canonical":"https:\/\/clinicadh.direito.ufmg.br\/index.php\/2015\/12\/01\/apresentacao-cdh-dialogos-interdisciplinares\/","og_locale":"pt_BR","og_type":"article","og_title":"Apresenta\u00e7\u00e3o da Cl\u00ednica de Direitos Humanos da UFMG - Di\u00e1logos Interdisciplinares - Cl\u00ednica de Direitos Humanos da UFMG","og_description":"Estavam presentes na mesa de debates a Profa. Dra. Camila Nic\u00e1cio, o Prof. Dr. Marcelo Maciel, o Prof. Dr. Felipe Martins, a Profa. Dra. Tereza Cristina Thibau, o Prof. Dr. Fernando Jayme e a Profa. Dra. Fabiana de Menezes, todos da UFMG. Tamb\u00e9m estava presente o professor Antonio Gim\u00e9nez da Universidade de Barcelona, que na ocasi\u00e3o, compartilhou sua experi\u00eancia com Cl\u00ednicas que atuam em diferentes frentes com\u00a0\u00a0interface em Direitos Humanos na Espanha. Os convidados elogiaram a iniciativa e atua\u00e7\u00e3o da Cl\u00ednica destacando a import\u00e2ncia do projeto na forma\u00e7\u00e3o dos estudantes, a contribui\u00e7\u00e3o para a comunidade externa e a promo\u00e7\u00e3o dos Direitos Humanos no campo jur\u00eddico.","og_url":"https:\/\/clinicadh.direito.ufmg.br\/index.php\/2015\/12\/01\/apresentacao-cdh-dialogos-interdisciplinares\/","og_site_name":"Cl\u00ednica de Direitos Humanos da UFMG","article_publisher":"https:\/\/www.facebook.com\/cdhufmg\/?eid=ARBDSQLce69q0_8v--9A5W6uQzSMctjXi-aHCPLj-fZRI0TKZQaBy-H1YgM9D-FJc2tGPQyTyAg3EYce","article_published_time":"2015-12-01T20:27:29+00:00","article_modified_time":"2019-06-30T16:21:01+00:00","og_image":[{"width":1200,"height":500,"url":"https:\/\/clinicadh.direito.ufmg.br\/wp-content\/uploads\/2015\/06\/c.jpg","type":"image\/jpeg"}],"author":"ati","twitter_card":"summary_large_image","twitter_misc":{"Escrito por":"ati","Est. tempo de leitura":"1 minuto"},"schema":{"@context":"https:\/\/schema.org","@graph":[{"@type":"Article","@id":"https:\/\/clinicadh.direito.ufmg.br\/index.php\/2015\/12\/01\/apresentacao-cdh-dialogos-interdisciplinares\/#article","isPartOf":{"@id":"https:\/\/clinicadh.direito.ufmg.br\/index.php\/2015\/12\/01\/apresentacao-cdh-dialogos-interdisciplinares\/"},"author":{"name":"ati","@id":"https:\/\/clinicadh.direito.ufmg.br\/#\/schema\/person\/6ddb97cd27f7f33fa95646b26e43a114"},"headline":"Apresenta\u00e7\u00e3o da Cl\u00ednica de Direitos Humanos da UFMG &#8211; Di\u00e1logos Interdisciplinares","datePublished":"2015-12-01T20:27:29+00:00","dateModified":"2019-06-30T16:21:01+00:00","mainEntityOfPage":{"@id":"https:\/\/clinicadh.direito.ufmg.br\/index.php\/2015\/12\/01\/apresentacao-cdh-dialogos-interdisciplinares\/"},"wordCount":133,"commentCount":0,"publisher":{"@id":"https:\/\/clinicadh.direito.ufmg.br\/#organization"},"image":{"@id":"https:\/\/clinicadh.direito.ufmg.br\/index.php\/2015\/12\/01\/apresentacao-cdh-dialogos-interdisciplinares\/#primaryimage"},"thumbnailUrl":"https:\/\/clinicadh.direito.ufmg.br\/wp-content\/uploads\/2015\/06\/c.jpg","keywords":["Debate","Di\u00e1logos Interdisciplinares","Eventos","UFMG"],"articleSection":["Not\u00edcias"],"inLanguage":"pt-BR","potentialAction":[{"@type":"CommentAction","name":"Comment","target":["https:\/\/clinicadh.direito.ufmg.br\/index.php\/2015\/12\/01\/apresentacao-cdh-dialogos-interdisciplinares\/#respond"]}]},{"@type":"WebPage","@id":"https:\/\/clinicadh.direito.ufmg.br\/index.php\/2015\/12\/01\/apresentacao-cdh-dialogos-interdisciplinares\/","url":"https:\/\/clinicadh.direito.ufmg.br\/index.php\/2015\/12\/01\/apresentacao-cdh-dialogos-interdisciplinares\/","name":"Apresenta\u00e7\u00e3o da Cl\u00ednica de Direitos Humanos da UFMG - Di\u00e1logos Interdisciplinares - Cl\u00ednica de Direitos Humanos da UFMG","isPartOf":{"@id":"https:\/\/clinicadh.direito.ufmg.br\/#website"},"primaryImageOfPage":{"@id":"https:\/\/clinicadh.direito.ufmg.br\/index.php\/2015\/12\/01\/apresentacao-cdh-dialogos-interdisciplinares\/#primaryimage"},"image":{"@id":"https:\/\/clinicadh.direito.ufmg.br\/index.php\/2015\/12\/01\/apresentacao-cdh-dialogos-interdisciplinares\/#primaryimage"},"thumbnailUrl":"https:\/\/clinicadh.direito.ufmg.br\/wp-content\/uploads\/2015\/06\/c.jpg","datePublished":"2015-12-01T20:27:29+00:00","dateModified":"2019-06-30T16:21:01+00:00","breadcrumb":{"@id":"https:\/\/clinicadh.direito.ufmg.br\/index.php\/2015\/12\/01\/apresentacao-cdh-dialogos-interdisciplinares\/#breadcrumb"},"inLanguage":"pt-BR","potentialAction":[{"@type":"ReadAction","target":["https:\/\/clinicadh.direito.ufmg.br\/index.php\/2015\/12\/01\/apresentacao-cdh-dialogos-interdisciplinares\/"]}]},{"@type":"ImageObject","inLanguage":"pt-BR","@id":"https:\/\/clinicadh.direito.ufmg.br\/index.php\/2015\/12\/01\/apresentacao-cdh-dialogos-interdisciplinares\/#primaryimage","url":"https:\/\/clinicadh.direito.ufmg.br\/wp-content\/uploads\/2015\/06\/c.jpg","contentUrl":"https:\/\/clinicadh.direito.ufmg.br\/wp-content\/uploads\/2015\/06\/c.jpg","width":1200,"height":500},{"@type":"BreadcrumbList","@id":"https:\/\/clinicadh.direito.ufmg.br\/index.php\/2015\/12\/01\/apresentacao-cdh-dialogos-interdisciplinares\/#breadcrumb","itemListElement":[{"@type":"ListItem","position":1,"name":"In\u00edcio","item":"https:\/\/clinicadh.direito.ufmg.br\/"},{"@type":"ListItem","position":2,"name":"Apresenta\u00e7\u00e3o da Cl\u00ednica de Direitos Humanos da UFMG &#8211; Di\u00e1logos Interdisciplinares"}]},{"@type":"WebSite","@id":"https:\/\/clinicadh.direito.ufmg.br\/#website","url":"https:\/\/clinicadh.direito.ufmg.br\/","name":"Cl\u00ednica de Direitos Humanos da UFMG","description":"Cl\u00ednica de Direitos Humanos da Universidade Federal de Minas Gerais","publisher":{"@id":"https:\/\/clinicadh.direito.ufmg.br\/#organization"},"potentialAction":[{"@type":"SearchAction","target":{"@type":"EntryPoint","urlTemplate":"https:\/\/clinicadh.direito.ufmg.br\/?s={search_term_string}"},"query-input":{"@type":"PropertyValueSpecification","valueRequired":true,"valueName":"search_term_string"}}],"inLanguage":"pt-BR"},{"@type":"Organization","@id":"https:\/\/clinicadh.direito.ufmg.br\/#organization","name":"Cl\u00ednica de Direitos Humanos da UFMG","url":"https:\/\/clinicadh.direito.ufmg.br\/","logo":{"@type":"ImageObject","inLanguage":"pt-BR","@id":"https:\/\/clinicadh.direito.ufmg.br\/#\/schema\/logo\/image\/","url":"https:\/\/clinicadh.direito.ufmg.br\/wp-content\/uploads\/2015\/06\/c.jpg","contentUrl":"https:\/\/clinicadh.direito.ufmg.br\/wp-content\/uploads\/2015\/06\/c.jpg","width":1200,"height":500,"caption":"Cl\u00ednica de Direitos Humanos da UFMG"},"image":{"@id":"https:\/\/clinicadh.direito.ufmg.br\/#\/schema\/logo\/image\/"},"sameAs":["https:\/\/www.facebook.com\/cdhufmg\/?eid=ARBDSQLce69q0_8v--9A5W6uQzSMctjXi-aHCPLj-fZRI0TKZQaBy-H1YgM9D-FJc2tGPQyTyAg3EYce"]},{"@type":"Person","@id":"https:\/\/clinicadh.direito.ufmg.br\/#\/schema\/person\/6ddb97cd27f7f33fa95646b26e43a114","name":"ati","image":{"@type":"ImageObject","inLanguage":"pt-BR","@id":"https:\/\/clinicadh.direito.ufmg.br\/#\/schema\/person\/image\/","url":"https:\/\/secure.gravatar.com\/avatar\/be7ec997da34e438b220697afc2daf36f36424760fa31a1f87a4c437de558476?s=96&d=mm&r=g","contentUrl":"https:\/\/secure.gravatar.com\/avatar\/be7ec997da34e438b220697afc2daf36f36424760fa31a1f87a4c437de558476?s=96&d=mm&r=g","caption":"ati"}}]}},"_links":{"self":[{"href":"https:\/\/clinicadh.direito.ufmg.br\/index.php\/wp-json\/wp\/v2\/posts\/775","targetHints":{"allow":["GET"]}}],"collection":[{"href":"https:\/\/clinicadh.direito.ufmg.br\/index.php\/wp-json\/wp\/v2\/posts"}],"about":[{"href":"https:\/\/clinicadh.direito.ufmg.br\/index.php\/wp-json\/wp\/v2\/types\/post"}],"author":[{"embeddable":true,"href":"https:\/\/clinicadh.direito.ufmg.br\/index.php\/wp-json\/wp\/v2\/users\/1"}],"replies":[{"embeddable":true,"href":"https:\/\/clinicadh.direito.ufmg.br\/index.php\/wp-json\/wp\/v2\/comments?post=775"}],"version-history":[{"count":0,"href":"https:\/\/clinicadh.direito.ufmg.br\/index.php\/wp-json\/wp\/v2\/posts\/775\/revisions"}],"wp:featuredmedia":[{"embeddable":true,"href":"https:\/\/clinicadh.direito.ufmg.br\/index.php\/wp-json\/wp\/v2\/media\/1188"}],"wp:attachment":[{"href":"https:\/\/clinicadh.direito.ufmg.br\/index.php\/wp-json\/wp\/v2\/media?parent=775"}],"wp:term":[{"taxonomy":"category","embeddable":true,"href":"https:\/\/clinicadh.direito.ufmg.br\/index.php\/wp-json\/wp\/v2\/categories?post=775"},{"taxonomy":"post_tag","embeddable":true,"href":"https:\/\/clinicadh.direito.ufmg.br\/index.php\/wp-json\/wp\/v2\/tags?post=775"}],"curies":[{"name":"wp","href":"https:\/\/api.w.org\/{rel}","templated":true}]}}