{"id":737,"date":"2015-10-01T17:30:35","date_gmt":"2015-10-01T20:30:35","guid":{"rendered":"http:\/\/localhost\/cdh\/?p=737"},"modified":"2019-04-14T14:39:26","modified_gmt":"2019-04-14T17:39:26","slug":"manifestacao-de-apoio","status":"publish","type":"post","link":"https:\/\/clinicadh.direito.ufmg.br\/index.php\/2015\/10\/01\/manifestacao-de-apoio\/","title":{"rendered":"Manifesta\u00e7\u00e3o de apoio \u00e0 Ocupa\u00e7\u00e3o Vit\u00f3ria de Campo Florido\u200a- Minas Gerais"},"content":{"rendered":"<div id=\"ppPrt7-3lx_SinglePostMediaTop_MediaPost__0_0__type_MediaPost\" class=\" flex_vbox\">\n<div id=\"569974aa0cf2103831954e9appPrt7-3lx_SinglePostMediaTop_MediaPost__0_0_mediaText\" class=\"s_usaAWRichTextClickableSkin\" data-packed=\"false\" data-proxy-name=\"MediaLabel\" data-width=\"548\">\n<div id=\"569974aa0cf2103831954e9appPrt7-3lx_SinglePostMediaTop_MediaPost__0_0_mediaTextrichTextContainer\" class=\"s_usaAWRichTextClickableSkin_richTextContainer s_usaAWRichTextClickableSkinrichTextContainer\">\n<p class=\"font_8\">Em nota, a Cl\u00ednica de Direitos Humanos da UFMG torna p\u00fablico seu posicionamento diante da situa\u00e7\u00e3o de v\u00e1rias fam\u00edlias da Ocupa\u00e7\u00e3o Vit\u00f3ria, no munic\u00edpio de Campo Florido &#8211; MG.<br \/>\nAcreditamos que o acesso a moradia adequada \u00e9 ponto de partida indispens\u00e1vel para a manuten\u00e7\u00e3o de outros direitos, como sa\u00fade e educa\u00e7\u00e3o.<\/p>\n<p class=\"font_8\">Confira a nota a integra:<\/p>\n<h4 class=\"font_8\" style=\"text-align: center;\"><em>Manifesta\u00e7\u00e3o de apoio \u00e0 Ocupa\u00e7\u00e3o Vit\u00f3ria de Campo Florido\u200a\u2014\u200aMinas Gerais<\/em><\/h4>\n<p class=\"font_9\" style=\"text-align: center;\"><em>A Cl\u00ednica de Direitos Humanos da UFMG vem, por meio deste documento,<br \/>\nmanifestar o seu apoio aos moradores da Ocupa\u00e7\u00e3o Vit\u00f3ria, de Campo Florido,<br \/>\n<\/em><em>em seu clamor por uma habita\u00e7\u00e3o adequada.<\/em><\/p>\n<p class=\"font_9\" style=\"text-align: center;\"><em>A legisla\u00e7\u00e3o internacional reconhece a moradia como um direito humano,<br \/>\ncomo se pode observar no artigo 11 do Pacto Internacional sobre Direitos Econ\u00f4micos, Sociais e Culturais,<br \/>\nassim como no artigo XXV da Declara\u00e7\u00e3o Universal dos Direitos Humanos.<br \/>\nNa Constitui\u00e7\u00e3o Federal de 1988 este direito tamb\u00e9m est\u00e1 previsto no cap\u00edtulo dos direitos sociais.<br \/>\nConsiderando o car\u00e1ter de interdepend\u00eancia dos direitos humanos,<br \/>\n\u00e9 essencial que cada um deles seja respeitado pelo Estado para que se possa vivenciar os demais em sua plenitude.<br \/>\nNesse ponto a moradia se destaca por proporcionar um ponto de partida indispens\u00e1vel<br \/>\na toda uma gama de direitos, como a sa\u00fade e a vida privada.<\/em><\/p>\n<p class=\"font_9\" style=\"text-align: center;\"><em>Desse modo, a Cl\u00ednica vem declarar o seu apoio \u00e0 decis\u00e3o do Senhor Desembargador Caetano Levi Lopes<br \/>\nque determinou a suspens\u00e3o da opera\u00e7\u00e3o de reintegra\u00e7\u00e3o de posse na referida ocupa\u00e7\u00e3o,<br \/>\nat\u00e9 que sejam satisfeitas as medidas previstas no ordenamento internacional e na Diretriz 3.01.02\/2011-CG,<br \/>\nda Pol\u00edcia Militar do Estado de Minas Gerais.<br \/>\nAl\u00e9m disso, vem expressar o seu rep\u00fadio \u00e0 qualquer ato das autoridades que desrespeite essa determina\u00e7\u00e3o.<\/em><\/p>\n<p class=\"font_9\" style=\"text-align: center;\"><em>Belo Horizonte, 01 de outubro de 2015.<\/em><\/p>\n<\/div>\n<\/div>\n<\/div>\n<div id=\"ppPrt7-3lx_SinglePostMediaTop_MediaPost__0_0_def_22_true\" class=\" flex_vbox\">\n<div id=\"ppPrt7-3lx_SinglePostMediaTop_MediaPost__0_0_def_30_child\"><\/div>\n<\/div>\n","protected":false},"excerpt":{"rendered":"<p>Em nota, a Cl\u00ednica de Direitos Humanos da UFMG torna p\u00fablico seu posicionamento diante da situa\u00e7\u00e3o de v\u00e1rias fam\u00edlias da Ocupa\u00e7\u00e3o Vit\u00f3ria, no munic\u00edpio de Campo Florido &#8211; MG. Acreditamos que o acesso a moradia adequada \u00e9 ponto de partida indispens\u00e1vel para a manuten\u00e7\u00e3o de outros direitos, como sa\u00fade e educa\u00e7\u00e3o. Confira a nota a integra: Manifesta\u00e7\u00e3o de apoio \u00e0 Ocupa\u00e7\u00e3o Vit\u00f3ria de Campo Florido\u200a\u2014\u200aMinas Gerais A Cl\u00ednica de Direitos Humanos da UFMG vem, por meio deste documento, manifestar o seu apoio aos moradores da Ocupa\u00e7\u00e3o Vit\u00f3ria, de Campo Florido, em seu clamor por uma habita\u00e7\u00e3o adequada. A legisla\u00e7\u00e3o internacional reconhece a moradia como um direito humano, como se pode observar no artigo 11 do Pacto Internacional sobre Direitos Econ\u00f4micos, Sociais e Culturais, assim como no artigo XXV da Declara\u00e7\u00e3o Universal dos Direitos Humanos. Na Constitui\u00e7\u00e3o Federal de 1988 este direito tamb\u00e9m est\u00e1 previsto no cap\u00edtulo dos direitos sociais. Considerando o car\u00e1ter de interdepend\u00eancia dos direitos humanos, \u00e9 essencial que cada um deles seja respeitado pelo Estado para que se possa vivenciar os demais em sua plenitude. Nesse ponto a moradia se destaca por proporcionar um ponto de partida indispens\u00e1vel a toda uma gama de direitos, como a sa\u00fade e a vida privada. Desse modo, a Cl\u00ednica vem declarar o seu apoio \u00e0 decis\u00e3o do Senhor Desembargador Caetano Levi Lopes que determinou a suspens\u00e3o da opera\u00e7\u00e3o de reintegra\u00e7\u00e3o de posse na referida ocupa\u00e7\u00e3o, at\u00e9 que sejam satisfeitas as medidas previstas no ordenamento internacional e na Diretriz 3.01.02\/2011-CG, da Pol\u00edcia Militar do Estado de Minas Gerais. Al\u00e9m disso, vem expressar o seu rep\u00fadio \u00e0 qualquer ato das autoridades que desrespeite essa determina\u00e7\u00e3o. Belo Horizonte, 01 de outubro de 2015.<\/p>\n","protected":false},"author":1,"featured_media":1188,"comment_status":"open","ping_status":"open","sticky":false,"template":"","format":"standard","meta":{"footnotes":""},"categories":[1],"tags":[],"class_list":["post-737","post","type-post","status-publish","format-standard","has-post-thumbnail","hentry","category-noticias"],"yoast_head":"<!-- This site is optimized with the Yoast SEO plugin v25.3 - https:\/\/yoast.com\/wordpress\/plugins\/seo\/ -->\n<title>Manifesta\u00e7\u00e3o de apoio \u00e0 Ocupa\u00e7\u00e3o Vit\u00f3ria de Campo Florido\u200a- Minas Gerais - Cl\u00ednica de Direitos Humanos da UFMG<\/title>\n<meta name=\"robots\" content=\"index, follow, max-snippet:-1, max-image-preview:large, max-video-preview:-1\" \/>\n<link rel=\"canonical\" href=\"https:\/\/clinicadh.direito.ufmg.br\/index.php\/2015\/10\/01\/manifestacao-de-apoio\/\" \/>\n<meta property=\"og:locale\" content=\"pt_BR\" \/>\n<meta property=\"og:type\" content=\"article\" \/>\n<meta property=\"og:title\" content=\"Manifesta\u00e7\u00e3o de apoio \u00e0 Ocupa\u00e7\u00e3o Vit\u00f3ria de Campo Florido\u200a- Minas Gerais - Cl\u00ednica de Direitos Humanos da UFMG\" \/>\n<meta property=\"og:description\" content=\"Em nota, a Cl\u00ednica de Direitos Humanos da UFMG torna p\u00fablico seu posicionamento diante da situa\u00e7\u00e3o de v\u00e1rias fam\u00edlias da Ocupa\u00e7\u00e3o Vit\u00f3ria, no munic\u00edpio de Campo Florido &#8211; MG. Acreditamos que o acesso a moradia adequada \u00e9 ponto de partida indispens\u00e1vel para a manuten\u00e7\u00e3o de outros direitos, como sa\u00fade e educa\u00e7\u00e3o. Confira a nota a integra: Manifesta\u00e7\u00e3o de apoio \u00e0 Ocupa\u00e7\u00e3o Vit\u00f3ria de Campo Florido\u200a\u2014\u200aMinas Gerais A Cl\u00ednica de Direitos Humanos da UFMG vem, por meio deste documento, manifestar o seu apoio aos moradores da Ocupa\u00e7\u00e3o Vit\u00f3ria, de Campo Florido, em seu clamor por uma habita\u00e7\u00e3o adequada. A legisla\u00e7\u00e3o internacional reconhece a moradia como um direito humano, como se pode observar no artigo 11 do Pacto Internacional sobre Direitos Econ\u00f4micos, Sociais e Culturais, assim como no artigo XXV da Declara\u00e7\u00e3o Universal dos Direitos Humanos. Na Constitui\u00e7\u00e3o Federal de 1988 este direito tamb\u00e9m est\u00e1 previsto no cap\u00edtulo dos direitos sociais. Considerando o car\u00e1ter de interdepend\u00eancia dos direitos humanos, \u00e9 essencial que cada um deles seja respeitado pelo Estado para que se possa vivenciar os demais em sua plenitude. Nesse ponto a moradia se destaca por proporcionar um ponto de partida indispens\u00e1vel a toda uma gama de direitos, como a sa\u00fade e a vida privada. Desse modo, a Cl\u00ednica vem declarar o seu apoio \u00e0 decis\u00e3o do Senhor Desembargador Caetano Levi Lopes que determinou a suspens\u00e3o da opera\u00e7\u00e3o de reintegra\u00e7\u00e3o de posse na referida ocupa\u00e7\u00e3o, at\u00e9 que sejam satisfeitas as medidas previstas no ordenamento internacional e na Diretriz 3.01.02\/2011-CG, da Pol\u00edcia Militar do Estado de Minas Gerais. Al\u00e9m disso, vem expressar o seu rep\u00fadio \u00e0 qualquer ato das autoridades que desrespeite essa determina\u00e7\u00e3o. Belo Horizonte, 01 de outubro de 2015.\" \/>\n<meta property=\"og:url\" content=\"https:\/\/clinicadh.direito.ufmg.br\/index.php\/2015\/10\/01\/manifestacao-de-apoio\/\" \/>\n<meta property=\"og:site_name\" content=\"Cl\u00ednica de Direitos Humanos da UFMG\" \/>\n<meta property=\"article:publisher\" content=\"https:\/\/www.facebook.com\/cdhufmg\/?eid=ARBDSQLce69q0_8v--9A5W6uQzSMctjXi-aHCPLj-fZRI0TKZQaBy-H1YgM9D-FJc2tGPQyTyAg3EYce\" \/>\n<meta property=\"article:published_time\" content=\"2015-10-01T20:30:35+00:00\" \/>\n<meta property=\"article:modified_time\" content=\"2019-04-14T17:39:26+00:00\" \/>\n<meta property=\"og:image\" content=\"https:\/\/clinicadh.direito.ufmg.br\/wp-content\/uploads\/2015\/06\/c.jpg\" \/>\n\t<meta property=\"og:image:width\" content=\"1200\" \/>\n\t<meta property=\"og:image:height\" content=\"500\" \/>\n\t<meta property=\"og:image:type\" content=\"image\/jpeg\" \/>\n<meta name=\"author\" content=\"ati\" \/>\n<meta name=\"twitter:card\" content=\"summary_large_image\" \/>\n<meta name=\"twitter:label1\" content=\"Escrito por\" \/>\n\t<meta name=\"twitter:data1\" content=\"ati\" \/>\n\t<meta name=\"twitter:label2\" content=\"Est. tempo de leitura\" \/>\n\t<meta name=\"twitter:data2\" content=\"2 minutos\" \/>\n<script type=\"application\/ld+json\" class=\"yoast-schema-graph\">{\"@context\":\"https:\/\/schema.org\",\"@graph\":[{\"@type\":\"Article\",\"@id\":\"https:\/\/clinicadh.direito.ufmg.br\/index.php\/2015\/10\/01\/manifestacao-de-apoio\/#article\",\"isPartOf\":{\"@id\":\"https:\/\/clinicadh.direito.ufmg.br\/index.php\/2015\/10\/01\/manifestacao-de-apoio\/\"},\"author\":{\"name\":\"ati\",\"@id\":\"https:\/\/clinicadh.direito.ufmg.br\/#\/schema\/person\/6ddb97cd27f7f33fa95646b26e43a114\"},\"headline\":\"Manifesta\u00e7\u00e3o de apoio \u00e0 Ocupa\u00e7\u00e3o Vit\u00f3ria de Campo Florido\u200a- Minas Gerais\",\"datePublished\":\"2015-10-01T20:30:35+00:00\",\"dateModified\":\"2019-04-14T17:39:26+00:00\",\"mainEntityOfPage\":{\"@id\":\"https:\/\/clinicadh.direito.ufmg.br\/index.php\/2015\/10\/01\/manifestacao-de-apoio\/\"},\"wordCount\":323,\"commentCount\":0,\"publisher\":{\"@id\":\"https:\/\/clinicadh.direito.ufmg.br\/#organization\"},\"image\":{\"@id\":\"https:\/\/clinicadh.direito.ufmg.br\/index.php\/2015\/10\/01\/manifestacao-de-apoio\/#primaryimage\"},\"thumbnailUrl\":\"https:\/\/clinicadh.direito.ufmg.br\/wp-content\/uploads\/2015\/06\/c.jpg\",\"articleSection\":[\"Not\u00edcias\"],\"inLanguage\":\"pt-BR\",\"potentialAction\":[{\"@type\":\"CommentAction\",\"name\":\"Comment\",\"target\":[\"https:\/\/clinicadh.direito.ufmg.br\/index.php\/2015\/10\/01\/manifestacao-de-apoio\/#respond\"]}]},{\"@type\":\"WebPage\",\"@id\":\"https:\/\/clinicadh.direito.ufmg.br\/index.php\/2015\/10\/01\/manifestacao-de-apoio\/\",\"url\":\"https:\/\/clinicadh.direito.ufmg.br\/index.php\/2015\/10\/01\/manifestacao-de-apoio\/\",\"name\":\"Manifesta\u00e7\u00e3o de apoio \u00e0 Ocupa\u00e7\u00e3o Vit\u00f3ria de Campo Florido\u200a- Minas Gerais - Cl\u00ednica de Direitos Humanos da UFMG\",\"isPartOf\":{\"@id\":\"https:\/\/clinicadh.direito.ufmg.br\/#website\"},\"primaryImageOfPage\":{\"@id\":\"https:\/\/clinicadh.direito.ufmg.br\/index.php\/2015\/10\/01\/manifestacao-de-apoio\/#primaryimage\"},\"image\":{\"@id\":\"https:\/\/clinicadh.direito.ufmg.br\/index.php\/2015\/10\/01\/manifestacao-de-apoio\/#primaryimage\"},\"thumbnailUrl\":\"https:\/\/clinicadh.direito.ufmg.br\/wp-content\/uploads\/2015\/06\/c.jpg\",\"datePublished\":\"2015-10-01T20:30:35+00:00\",\"dateModified\":\"2019-04-14T17:39:26+00:00\",\"breadcrumb\":{\"@id\":\"https:\/\/clinicadh.direito.ufmg.br\/index.php\/2015\/10\/01\/manifestacao-de-apoio\/#breadcrumb\"},\"inLanguage\":\"pt-BR\",\"potentialAction\":[{\"@type\":\"ReadAction\",\"target\":[\"https:\/\/clinicadh.direito.ufmg.br\/index.php\/2015\/10\/01\/manifestacao-de-apoio\/\"]}]},{\"@type\":\"ImageObject\",\"inLanguage\":\"pt-BR\",\"@id\":\"https:\/\/clinicadh.direito.ufmg.br\/index.php\/2015\/10\/01\/manifestacao-de-apoio\/#primaryimage\",\"url\":\"https:\/\/clinicadh.direito.ufmg.br\/wp-content\/uploads\/2015\/06\/c.jpg\",\"contentUrl\":\"https:\/\/clinicadh.direito.ufmg.br\/wp-content\/uploads\/2015\/06\/c.jpg\",\"width\":1200,\"height\":500},{\"@type\":\"BreadcrumbList\",\"@id\":\"https:\/\/clinicadh.direito.ufmg.br\/index.php\/2015\/10\/01\/manifestacao-de-apoio\/#breadcrumb\",\"itemListElement\":[{\"@type\":\"ListItem\",\"position\":1,\"name\":\"In\u00edcio\",\"item\":\"https:\/\/clinicadh.direito.ufmg.br\/\"},{\"@type\":\"ListItem\",\"position\":2,\"name\":\"Manifesta\u00e7\u00e3o de apoio \u00e0 Ocupa\u00e7\u00e3o Vit\u00f3ria de Campo Florido\u200a- Minas Gerais\"}]},{\"@type\":\"WebSite\",\"@id\":\"https:\/\/clinicadh.direito.ufmg.br\/#website\",\"url\":\"https:\/\/clinicadh.direito.ufmg.br\/\",\"name\":\"Cl\u00ednica de Direitos Humanos da UFMG\",\"description\":\"Cl\u00ednica de Direitos Humanos da Universidade Federal de Minas Gerais\",\"publisher\":{\"@id\":\"https:\/\/clinicadh.direito.ufmg.br\/#organization\"},\"potentialAction\":[{\"@type\":\"SearchAction\",\"target\":{\"@type\":\"EntryPoint\",\"urlTemplate\":\"https:\/\/clinicadh.direito.ufmg.br\/?s={search_term_string}\"},\"query-input\":{\"@type\":\"PropertyValueSpecification\",\"valueRequired\":true,\"valueName\":\"search_term_string\"}}],\"inLanguage\":\"pt-BR\"},{\"@type\":\"Organization\",\"@id\":\"https:\/\/clinicadh.direito.ufmg.br\/#organization\",\"name\":\"Cl\u00ednica de Direitos Humanos da UFMG\",\"url\":\"https:\/\/clinicadh.direito.ufmg.br\/\",\"logo\":{\"@type\":\"ImageObject\",\"inLanguage\":\"pt-BR\",\"@id\":\"https:\/\/clinicadh.direito.ufmg.br\/#\/schema\/logo\/image\/\",\"url\":\"https:\/\/clinicadh.direito.ufmg.br\/wp-content\/uploads\/2015\/06\/c.jpg\",\"contentUrl\":\"https:\/\/clinicadh.direito.ufmg.br\/wp-content\/uploads\/2015\/06\/c.jpg\",\"width\":1200,\"height\":500,\"caption\":\"Cl\u00ednica de Direitos Humanos da UFMG\"},\"image\":{\"@id\":\"https:\/\/clinicadh.direito.ufmg.br\/#\/schema\/logo\/image\/\"},\"sameAs\":[\"https:\/\/www.facebook.com\/cdhufmg\/?eid=ARBDSQLce69q0_8v--9A5W6uQzSMctjXi-aHCPLj-fZRI0TKZQaBy-H1YgM9D-FJc2tGPQyTyAg3EYce\"]},{\"@type\":\"Person\",\"@id\":\"https:\/\/clinicadh.direito.ufmg.br\/#\/schema\/person\/6ddb97cd27f7f33fa95646b26e43a114\",\"name\":\"ati\",\"image\":{\"@type\":\"ImageObject\",\"inLanguage\":\"pt-BR\",\"@id\":\"https:\/\/clinicadh.direito.ufmg.br\/#\/schema\/person\/image\/\",\"url\":\"https:\/\/secure.gravatar.com\/avatar\/be7ec997da34e438b220697afc2daf36f36424760fa31a1f87a4c437de558476?s=96&d=mm&r=g\",\"contentUrl\":\"https:\/\/secure.gravatar.com\/avatar\/be7ec997da34e438b220697afc2daf36f36424760fa31a1f87a4c437de558476?s=96&d=mm&r=g\",\"caption\":\"ati\"}}]}<\/script>\n<!-- \/ Yoast SEO plugin. -->","yoast_head_json":{"title":"Manifesta\u00e7\u00e3o de apoio \u00e0 Ocupa\u00e7\u00e3o Vit\u00f3ria de Campo Florido\u200a- Minas Gerais - Cl\u00ednica de Direitos Humanos da UFMG","robots":{"index":"index","follow":"follow","max-snippet":"max-snippet:-1","max-image-preview":"max-image-preview:large","max-video-preview":"max-video-preview:-1"},"canonical":"https:\/\/clinicadh.direito.ufmg.br\/index.php\/2015\/10\/01\/manifestacao-de-apoio\/","og_locale":"pt_BR","og_type":"article","og_title":"Manifesta\u00e7\u00e3o de apoio \u00e0 Ocupa\u00e7\u00e3o Vit\u00f3ria de Campo Florido\u200a- Minas Gerais - Cl\u00ednica de Direitos Humanos da UFMG","og_description":"Em nota, a Cl\u00ednica de Direitos Humanos da UFMG torna p\u00fablico seu posicionamento diante da situa\u00e7\u00e3o de v\u00e1rias fam\u00edlias da Ocupa\u00e7\u00e3o Vit\u00f3ria, no munic\u00edpio de Campo Florido &#8211; MG. Acreditamos que o acesso a moradia adequada \u00e9 ponto de partida indispens\u00e1vel para a manuten\u00e7\u00e3o de outros direitos, como sa\u00fade e educa\u00e7\u00e3o. Confira a nota a integra: Manifesta\u00e7\u00e3o de apoio \u00e0 Ocupa\u00e7\u00e3o Vit\u00f3ria de Campo Florido\u200a\u2014\u200aMinas Gerais A Cl\u00ednica de Direitos Humanos da UFMG vem, por meio deste documento, manifestar o seu apoio aos moradores da Ocupa\u00e7\u00e3o Vit\u00f3ria, de Campo Florido, em seu clamor por uma habita\u00e7\u00e3o adequada. A legisla\u00e7\u00e3o internacional reconhece a moradia como um direito humano, como se pode observar no artigo 11 do Pacto Internacional sobre Direitos Econ\u00f4micos, Sociais e Culturais, assim como no artigo XXV da Declara\u00e7\u00e3o Universal dos Direitos Humanos. Na Constitui\u00e7\u00e3o Federal de 1988 este direito tamb\u00e9m est\u00e1 previsto no cap\u00edtulo dos direitos sociais. Considerando o car\u00e1ter de interdepend\u00eancia dos direitos humanos, \u00e9 essencial que cada um deles seja respeitado pelo Estado para que se possa vivenciar os demais em sua plenitude. Nesse ponto a moradia se destaca por proporcionar um ponto de partida indispens\u00e1vel a toda uma gama de direitos, como a sa\u00fade e a vida privada. Desse modo, a Cl\u00ednica vem declarar o seu apoio \u00e0 decis\u00e3o do Senhor Desembargador Caetano Levi Lopes que determinou a suspens\u00e3o da opera\u00e7\u00e3o de reintegra\u00e7\u00e3o de posse na referida ocupa\u00e7\u00e3o, at\u00e9 que sejam satisfeitas as medidas previstas no ordenamento internacional e na Diretriz 3.01.02\/2011-CG, da Pol\u00edcia Militar do Estado de Minas Gerais. Al\u00e9m disso, vem expressar o seu rep\u00fadio \u00e0 qualquer ato das autoridades que desrespeite essa determina\u00e7\u00e3o. Belo Horizonte, 01 de outubro de 2015.","og_url":"https:\/\/clinicadh.direito.ufmg.br\/index.php\/2015\/10\/01\/manifestacao-de-apoio\/","og_site_name":"Cl\u00ednica de Direitos Humanos da UFMG","article_publisher":"https:\/\/www.facebook.com\/cdhufmg\/?eid=ARBDSQLce69q0_8v--9A5W6uQzSMctjXi-aHCPLj-fZRI0TKZQaBy-H1YgM9D-FJc2tGPQyTyAg3EYce","article_published_time":"2015-10-01T20:30:35+00:00","article_modified_time":"2019-04-14T17:39:26+00:00","og_image":[{"width":1200,"height":500,"url":"https:\/\/clinicadh.direito.ufmg.br\/wp-content\/uploads\/2015\/06\/c.jpg","type":"image\/jpeg"}],"author":"ati","twitter_card":"summary_large_image","twitter_misc":{"Escrito por":"ati","Est. tempo de leitura":"2 minutos"},"schema":{"@context":"https:\/\/schema.org","@graph":[{"@type":"Article","@id":"https:\/\/clinicadh.direito.ufmg.br\/index.php\/2015\/10\/01\/manifestacao-de-apoio\/#article","isPartOf":{"@id":"https:\/\/clinicadh.direito.ufmg.br\/index.php\/2015\/10\/01\/manifestacao-de-apoio\/"},"author":{"name":"ati","@id":"https:\/\/clinicadh.direito.ufmg.br\/#\/schema\/person\/6ddb97cd27f7f33fa95646b26e43a114"},"headline":"Manifesta\u00e7\u00e3o de apoio \u00e0 Ocupa\u00e7\u00e3o Vit\u00f3ria de Campo Florido\u200a- Minas Gerais","datePublished":"2015-10-01T20:30:35+00:00","dateModified":"2019-04-14T17:39:26+00:00","mainEntityOfPage":{"@id":"https:\/\/clinicadh.direito.ufmg.br\/index.php\/2015\/10\/01\/manifestacao-de-apoio\/"},"wordCount":323,"commentCount":0,"publisher":{"@id":"https:\/\/clinicadh.direito.ufmg.br\/#organization"},"image":{"@id":"https:\/\/clinicadh.direito.ufmg.br\/index.php\/2015\/10\/01\/manifestacao-de-apoio\/#primaryimage"},"thumbnailUrl":"https:\/\/clinicadh.direito.ufmg.br\/wp-content\/uploads\/2015\/06\/c.jpg","articleSection":["Not\u00edcias"],"inLanguage":"pt-BR","potentialAction":[{"@type":"CommentAction","name":"Comment","target":["https:\/\/clinicadh.direito.ufmg.br\/index.php\/2015\/10\/01\/manifestacao-de-apoio\/#respond"]}]},{"@type":"WebPage","@id":"https:\/\/clinicadh.direito.ufmg.br\/index.php\/2015\/10\/01\/manifestacao-de-apoio\/","url":"https:\/\/clinicadh.direito.ufmg.br\/index.php\/2015\/10\/01\/manifestacao-de-apoio\/","name":"Manifesta\u00e7\u00e3o de apoio \u00e0 Ocupa\u00e7\u00e3o Vit\u00f3ria de Campo Florido\u200a- Minas Gerais - Cl\u00ednica de Direitos Humanos da UFMG","isPartOf":{"@id":"https:\/\/clinicadh.direito.ufmg.br\/#website"},"primaryImageOfPage":{"@id":"https:\/\/clinicadh.direito.ufmg.br\/index.php\/2015\/10\/01\/manifestacao-de-apoio\/#primaryimage"},"image":{"@id":"https:\/\/clinicadh.direito.ufmg.br\/index.php\/2015\/10\/01\/manifestacao-de-apoio\/#primaryimage"},"thumbnailUrl":"https:\/\/clinicadh.direito.ufmg.br\/wp-content\/uploads\/2015\/06\/c.jpg","datePublished":"2015-10-01T20:30:35+00:00","dateModified":"2019-04-14T17:39:26+00:00","breadcrumb":{"@id":"https:\/\/clinicadh.direito.ufmg.br\/index.php\/2015\/10\/01\/manifestacao-de-apoio\/#breadcrumb"},"inLanguage":"pt-BR","potentialAction":[{"@type":"ReadAction","target":["https:\/\/clinicadh.direito.ufmg.br\/index.php\/2015\/10\/01\/manifestacao-de-apoio\/"]}]},{"@type":"ImageObject","inLanguage":"pt-BR","@id":"https:\/\/clinicadh.direito.ufmg.br\/index.php\/2015\/10\/01\/manifestacao-de-apoio\/#primaryimage","url":"https:\/\/clinicadh.direito.ufmg.br\/wp-content\/uploads\/2015\/06\/c.jpg","contentUrl":"https:\/\/clinicadh.direito.ufmg.br\/wp-content\/uploads\/2015\/06\/c.jpg","width":1200,"height":500},{"@type":"BreadcrumbList","@id":"https:\/\/clinicadh.direito.ufmg.br\/index.php\/2015\/10\/01\/manifestacao-de-apoio\/#breadcrumb","itemListElement":[{"@type":"ListItem","position":1,"name":"In\u00edcio","item":"https:\/\/clinicadh.direito.ufmg.br\/"},{"@type":"ListItem","position":2,"name":"Manifesta\u00e7\u00e3o de apoio \u00e0 Ocupa\u00e7\u00e3o Vit\u00f3ria de Campo Florido\u200a- Minas Gerais"}]},{"@type":"WebSite","@id":"https:\/\/clinicadh.direito.ufmg.br\/#website","url":"https:\/\/clinicadh.direito.ufmg.br\/","name":"Cl\u00ednica de Direitos Humanos da UFMG","description":"Cl\u00ednica de Direitos Humanos da Universidade Federal de Minas Gerais","publisher":{"@id":"https:\/\/clinicadh.direito.ufmg.br\/#organization"},"potentialAction":[{"@type":"SearchAction","target":{"@type":"EntryPoint","urlTemplate":"https:\/\/clinicadh.direito.ufmg.br\/?s={search_term_string}"},"query-input":{"@type":"PropertyValueSpecification","valueRequired":true,"valueName":"search_term_string"}}],"inLanguage":"pt-BR"},{"@type":"Organization","@id":"https:\/\/clinicadh.direito.ufmg.br\/#organization","name":"Cl\u00ednica de Direitos Humanos da UFMG","url":"https:\/\/clinicadh.direito.ufmg.br\/","logo":{"@type":"ImageObject","inLanguage":"pt-BR","@id":"https:\/\/clinicadh.direito.ufmg.br\/#\/schema\/logo\/image\/","url":"https:\/\/clinicadh.direito.ufmg.br\/wp-content\/uploads\/2015\/06\/c.jpg","contentUrl":"https:\/\/clinicadh.direito.ufmg.br\/wp-content\/uploads\/2015\/06\/c.jpg","width":1200,"height":500,"caption":"Cl\u00ednica de Direitos Humanos da UFMG"},"image":{"@id":"https:\/\/clinicadh.direito.ufmg.br\/#\/schema\/logo\/image\/"},"sameAs":["https:\/\/www.facebook.com\/cdhufmg\/?eid=ARBDSQLce69q0_8v--9A5W6uQzSMctjXi-aHCPLj-fZRI0TKZQaBy-H1YgM9D-FJc2tGPQyTyAg3EYce"]},{"@type":"Person","@id":"https:\/\/clinicadh.direito.ufmg.br\/#\/schema\/person\/6ddb97cd27f7f33fa95646b26e43a114","name":"ati","image":{"@type":"ImageObject","inLanguage":"pt-BR","@id":"https:\/\/clinicadh.direito.ufmg.br\/#\/schema\/person\/image\/","url":"https:\/\/secure.gravatar.com\/avatar\/be7ec997da34e438b220697afc2daf36f36424760fa31a1f87a4c437de558476?s=96&d=mm&r=g","contentUrl":"https:\/\/secure.gravatar.com\/avatar\/be7ec997da34e438b220697afc2daf36f36424760fa31a1f87a4c437de558476?s=96&d=mm&r=g","caption":"ati"}}]}},"_links":{"self":[{"href":"https:\/\/clinicadh.direito.ufmg.br\/index.php\/wp-json\/wp\/v2\/posts\/737","targetHints":{"allow":["GET"]}}],"collection":[{"href":"https:\/\/clinicadh.direito.ufmg.br\/index.php\/wp-json\/wp\/v2\/posts"}],"about":[{"href":"https:\/\/clinicadh.direito.ufmg.br\/index.php\/wp-json\/wp\/v2\/types\/post"}],"author":[{"embeddable":true,"href":"https:\/\/clinicadh.direito.ufmg.br\/index.php\/wp-json\/wp\/v2\/users\/1"}],"replies":[{"embeddable":true,"href":"https:\/\/clinicadh.direito.ufmg.br\/index.php\/wp-json\/wp\/v2\/comments?post=737"}],"version-history":[{"count":0,"href":"https:\/\/clinicadh.direito.ufmg.br\/index.php\/wp-json\/wp\/v2\/posts\/737\/revisions"}],"wp:featuredmedia":[{"embeddable":true,"href":"https:\/\/clinicadh.direito.ufmg.br\/index.php\/wp-json\/wp\/v2\/media\/1188"}],"wp:attachment":[{"href":"https:\/\/clinicadh.direito.ufmg.br\/index.php\/wp-json\/wp\/v2\/media?parent=737"}],"wp:term":[{"taxonomy":"category","embeddable":true,"href":"https:\/\/clinicadh.direito.ufmg.br\/index.php\/wp-json\/wp\/v2\/categories?post=737"},{"taxonomy":"post_tag","embeddable":true,"href":"https:\/\/clinicadh.direito.ufmg.br\/index.php\/wp-json\/wp\/v2\/tags?post=737"}],"curies":[{"name":"wp","href":"https:\/\/api.w.org\/{rel}","templated":true}]}}