{"id":1908,"date":"2025-01-28T17:16:15","date_gmt":"2025-01-28T20:16:15","guid":{"rendered":"https:\/\/clinicadh.direito.ufmg.br\/?p=1908"},"modified":"2025-01-28T18:21:56","modified_gmt":"2025-01-28T21:21:56","slug":"1908","status":"publish","type":"post","link":"https:\/\/clinicadh.direito.ufmg.br\/index.php\/2025\/01\/28\/1908\/","title":{"rendered":"Sele\u00e7\u00e3o de pessoas Advogadas e Psic\u00f3logas Volunt\u00e1rias para a Cl\u00ednica de Direitos Humanos e Conex\u00f5es de Saberes da UFMG"},"content":{"rendered":"<p>Est\u00e3o abertas as inscri\u00e7\u00f5es para vagas de processo seletivo de orienta\u00e7\u00e3o, na modalidade volunt\u00e1ria, para pessoas formadas em Direito e Psicologia, nos projetos de atua\u00e7\u00e3o conjunta Eixo de Direitos Reprodutivos e Sexuais (Eixo DRS), da Cl\u00ednica de Direitos Humanos\/UFMG, e Direitos Reprodutivos: A\u00e7\u00f5es Interdisciplinares (DRAI), do N\u00facleo Conex\u00f5es de Saberes\/UFMG, entre <strong>24 de janeiro a 14 de fevereiro de 2025, at\u00e9 \u00e0s 23h59<\/strong>!<\/p>\n<p>Requisitos:<br \/>\n&#8211; Ter disponibilidade de 12h semanais de trabalho, em formato h\u00edbrido<br \/>\n&#8211; Participar das reuni\u00f5es semanais da atua\u00e7\u00e3o conjunta dos projetos, \u00e0s quartas-feiras, das 16h30 \u00e0s 18h30, na Fafich\/Campus Pampulha da UFMG<br \/>\n&#8211; Possuir inscri\u00e7\u00e3o ativa e regular na OAB ou CRP<\/p>\n<p>Confira o edital completo neste <a href=\"https:\/\/drive.google.com\/file\/d\/1X9iAS2MeO04bcGx3uYnOykJ9rirI6vlP\/view?usp=sharing\">link<\/a>.<\/p>\n","protected":false},"excerpt":{"rendered":"<p>Est\u00e3o abertas as inscri\u00e7\u00f5es para vagas de processo seletivo de orienta\u00e7\u00e3o, na modalidade volunt\u00e1ria, para pessoas formadas em Direito e Psicologia, nos projetos de atua\u00e7\u00e3o conjunta Eixo de Direitos Reprodutivos e Sexuais (Eixo DRS), da Cl\u00ednica de Direitos Humanos\/UFMG, e Direitos Reprodutivos: A\u00e7\u00f5es Interdisciplinares (DRAI), do N\u00facleo Conex\u00f5es de Saberes\/UFMG, entre 24 de janeiro a 14 de fevereiro de 2025, at\u00e9 \u00e0s 23h59! Requisitos: &#8211; Ter disponibilidade de 12h semanais de trabalho, em formato h\u00edbrido &#8211; Participar das reuni\u00f5es semanais da atua\u00e7\u00e3o conjunta dos projetos, \u00e0s quartas-feiras, das 16h30 \u00e0s 18h30, na Fafich\/Campus Pampulha da UFMG &#8211; Possuir inscri\u00e7\u00e3o ativa e regular na OAB ou CRP Confira o edital completo neste link.<\/p>\n","protected":false},"author":2,"featured_media":0,"comment_status":"closed","ping_status":"closed","sticky":false,"template":"","format":"standard","meta":{"footnotes":""},"categories":[1],"tags":[],"class_list":["post-1908","post","type-post","status-publish","format-standard","hentry","category-noticias"],"yoast_head":"<!-- This site is optimized with the Yoast SEO plugin v25.3 - https:\/\/yoast.com\/wordpress\/plugins\/seo\/ -->\n<title>Sele\u00e7\u00e3o de pessoas Advogadas e Psic\u00f3logas Volunt\u00e1rias para a Cl\u00ednica de Direitos Humanos e Conex\u00f5es de Saberes da UFMG - Cl\u00ednica de Direitos Humanos da UFMG<\/title>\n<meta name=\"robots\" content=\"index, follow, max-snippet:-1, max-image-preview:large, max-video-preview:-1\" \/>\n<link rel=\"canonical\" href=\"https:\/\/clinicadh.direito.ufmg.br\/index.php\/2025\/01\/28\/1908\/\" \/>\n<meta property=\"og:locale\" content=\"pt_BR\" \/>\n<meta property=\"og:type\" content=\"article\" \/>\n<meta property=\"og:title\" content=\"Sele\u00e7\u00e3o de pessoas Advogadas e Psic\u00f3logas Volunt\u00e1rias para a Cl\u00ednica de Direitos Humanos e Conex\u00f5es de Saberes da UFMG - Cl\u00ednica de Direitos Humanos da UFMG\" \/>\n<meta property=\"og:description\" content=\"Est\u00e3o abertas as inscri\u00e7\u00f5es para vagas de processo seletivo de orienta\u00e7\u00e3o, na modalidade volunt\u00e1ria, para pessoas formadas em Direito e Psicologia, nos projetos de atua\u00e7\u00e3o conjunta Eixo de Direitos Reprodutivos e Sexuais (Eixo DRS), da Cl\u00ednica de Direitos Humanos\/UFMG, e Direitos Reprodutivos: A\u00e7\u00f5es Interdisciplinares (DRAI), do N\u00facleo Conex\u00f5es de Saberes\/UFMG, entre 24 de janeiro a 14 de fevereiro de 2025, at\u00e9 \u00e0s 23h59! Requisitos: &#8211; Ter disponibilidade de 12h semanais de trabalho, em formato h\u00edbrido &#8211; Participar das reuni\u00f5es semanais da atua\u00e7\u00e3o conjunta dos projetos, \u00e0s quartas-feiras, das 16h30 \u00e0s 18h30, na Fafich\/Campus Pampulha da UFMG &#8211; Possuir inscri\u00e7\u00e3o ativa e regular na OAB ou CRP Confira o edital completo neste link.\" \/>\n<meta property=\"og:url\" content=\"https:\/\/clinicadh.direito.ufmg.br\/index.php\/2025\/01\/28\/1908\/\" \/>\n<meta property=\"og:site_name\" content=\"Cl\u00ednica de Direitos Humanos da UFMG\" \/>\n<meta property=\"article:publisher\" content=\"https:\/\/www.facebook.com\/cdhufmg\/?eid=ARBDSQLce69q0_8v--9A5W6uQzSMctjXi-aHCPLj-fZRI0TKZQaBy-H1YgM9D-FJc2tGPQyTyAg3EYce\" \/>\n<meta property=\"article:published_time\" content=\"2025-01-28T20:16:15+00:00\" \/>\n<meta property=\"article:modified_time\" content=\"2025-01-28T21:21:56+00:00\" \/>\n<meta name=\"author\" content=\"clinicadh\" \/>\n<meta name=\"twitter:card\" content=\"summary_large_image\" \/>\n<meta name=\"twitter:label1\" content=\"Escrito por\" \/>\n\t<meta name=\"twitter:data1\" content=\"clinicadh\" \/>\n\t<meta name=\"twitter:label2\" content=\"Est. tempo de leitura\" \/>\n\t<meta name=\"twitter:data2\" content=\"1 minuto\" \/>\n<script type=\"application\/ld+json\" class=\"yoast-schema-graph\">{\"@context\":\"https:\/\/schema.org\",\"@graph\":[{\"@type\":\"Article\",\"@id\":\"https:\/\/clinicadh.direito.ufmg.br\/index.php\/2025\/01\/28\/1908\/#article\",\"isPartOf\":{\"@id\":\"https:\/\/clinicadh.direito.ufmg.br\/index.php\/2025\/01\/28\/1908\/\"},\"author\":{\"name\":\"clinicadh\",\"@id\":\"https:\/\/clinicadh.direito.ufmg.br\/#\/schema\/person\/199b61834219660e4124c6c6d42d70ef\"},\"headline\":\"Sele\u00e7\u00e3o de pessoas Advogadas e Psic\u00f3logas Volunt\u00e1rias para a Cl\u00ednica de Direitos Humanos e Conex\u00f5es de Saberes da UFMG\",\"datePublished\":\"2025-01-28T20:16:15+00:00\",\"dateModified\":\"2025-01-28T21:21:56+00:00\",\"mainEntityOfPage\":{\"@id\":\"https:\/\/clinicadh.direito.ufmg.br\/index.php\/2025\/01\/28\/1908\/\"},\"wordCount\":149,\"publisher\":{\"@id\":\"https:\/\/clinicadh.direito.ufmg.br\/#organization\"},\"articleSection\":[\"Not\u00edcias\"],\"inLanguage\":\"pt-BR\"},{\"@type\":\"WebPage\",\"@id\":\"https:\/\/clinicadh.direito.ufmg.br\/index.php\/2025\/01\/28\/1908\/\",\"url\":\"https:\/\/clinicadh.direito.ufmg.br\/index.php\/2025\/01\/28\/1908\/\",\"name\":\"Sele\u00e7\u00e3o de pessoas Advogadas e Psic\u00f3logas Volunt\u00e1rias para a Cl\u00ednica de Direitos Humanos e Conex\u00f5es de Saberes da UFMG - Cl\u00ednica de Direitos Humanos da UFMG\",\"isPartOf\":{\"@id\":\"https:\/\/clinicadh.direito.ufmg.br\/#website\"},\"datePublished\":\"2025-01-28T20:16:15+00:00\",\"dateModified\":\"2025-01-28T21:21:56+00:00\",\"breadcrumb\":{\"@id\":\"https:\/\/clinicadh.direito.ufmg.br\/index.php\/2025\/01\/28\/1908\/#breadcrumb\"},\"inLanguage\":\"pt-BR\",\"potentialAction\":[{\"@type\":\"ReadAction\",\"target\":[\"https:\/\/clinicadh.direito.ufmg.br\/index.php\/2025\/01\/28\/1908\/\"]}]},{\"@type\":\"BreadcrumbList\",\"@id\":\"https:\/\/clinicadh.direito.ufmg.br\/index.php\/2025\/01\/28\/1908\/#breadcrumb\",\"itemListElement\":[{\"@type\":\"ListItem\",\"position\":1,\"name\":\"In\u00edcio\",\"item\":\"https:\/\/clinicadh.direito.ufmg.br\/\"},{\"@type\":\"ListItem\",\"position\":2,\"name\":\"Sele\u00e7\u00e3o de pessoas Advogadas e Psic\u00f3logas Volunt\u00e1rias para a Cl\u00ednica de Direitos Humanos e Conex\u00f5es de Saberes da UFMG\"}]},{\"@type\":\"WebSite\",\"@id\":\"https:\/\/clinicadh.direito.ufmg.br\/#website\",\"url\":\"https:\/\/clinicadh.direito.ufmg.br\/\",\"name\":\"Cl\u00ednica de Direitos Humanos da UFMG\",\"description\":\"Cl\u00ednica de Direitos Humanos da Universidade Federal de Minas Gerais\",\"publisher\":{\"@id\":\"https:\/\/clinicadh.direito.ufmg.br\/#organization\"},\"potentialAction\":[{\"@type\":\"SearchAction\",\"target\":{\"@type\":\"EntryPoint\",\"urlTemplate\":\"https:\/\/clinicadh.direito.ufmg.br\/?s={search_term_string}\"},\"query-input\":{\"@type\":\"PropertyValueSpecification\",\"valueRequired\":true,\"valueName\":\"search_term_string\"}}],\"inLanguage\":\"pt-BR\"},{\"@type\":\"Organization\",\"@id\":\"https:\/\/clinicadh.direito.ufmg.br\/#organization\",\"name\":\"Cl\u00ednica de Direitos Humanos da UFMG\",\"url\":\"https:\/\/clinicadh.direito.ufmg.br\/\",\"logo\":{\"@type\":\"ImageObject\",\"inLanguage\":\"pt-BR\",\"@id\":\"https:\/\/clinicadh.direito.ufmg.br\/#\/schema\/logo\/image\/\",\"url\":\"https:\/\/clinicadh.direito.ufmg.br\/wp-content\/uploads\/2015\/06\/c.jpg\",\"contentUrl\":\"https:\/\/clinicadh.direito.ufmg.br\/wp-content\/uploads\/2015\/06\/c.jpg\",\"width\":1200,\"height\":500,\"caption\":\"Cl\u00ednica de Direitos Humanos da UFMG\"},\"image\":{\"@id\":\"https:\/\/clinicadh.direito.ufmg.br\/#\/schema\/logo\/image\/\"},\"sameAs\":[\"https:\/\/www.facebook.com\/cdhufmg\/?eid=ARBDSQLce69q0_8v--9A5W6uQzSMctjXi-aHCPLj-fZRI0TKZQaBy-H1YgM9D-FJc2tGPQyTyAg3EYce\"]},{\"@type\":\"Person\",\"@id\":\"https:\/\/clinicadh.direito.ufmg.br\/#\/schema\/person\/199b61834219660e4124c6c6d42d70ef\",\"name\":\"clinicadh\",\"image\":{\"@type\":\"ImageObject\",\"inLanguage\":\"pt-BR\",\"@id\":\"https:\/\/clinicadh.direito.ufmg.br\/#\/schema\/person\/image\/\",\"url\":\"https:\/\/secure.gravatar.com\/avatar\/16bc1198b987032b17958ebcf9e07bb521ed2431022e3e5b1944820cd5bb431f?s=96&d=mm&r=g\",\"contentUrl\":\"https:\/\/secure.gravatar.com\/avatar\/16bc1198b987032b17958ebcf9e07bb521ed2431022e3e5b1944820cd5bb431f?s=96&d=mm&r=g\",\"caption\":\"clinicadh\"}}]}<\/script>\n<!-- \/ Yoast SEO plugin. -->","yoast_head_json":{"title":"Sele\u00e7\u00e3o de pessoas Advogadas e Psic\u00f3logas Volunt\u00e1rias para a Cl\u00ednica de Direitos Humanos e Conex\u00f5es de Saberes da UFMG - Cl\u00ednica de Direitos Humanos da UFMG","robots":{"index":"index","follow":"follow","max-snippet":"max-snippet:-1","max-image-preview":"max-image-preview:large","max-video-preview":"max-video-preview:-1"},"canonical":"https:\/\/clinicadh.direito.ufmg.br\/index.php\/2025\/01\/28\/1908\/","og_locale":"pt_BR","og_type":"article","og_title":"Sele\u00e7\u00e3o de pessoas Advogadas e Psic\u00f3logas Volunt\u00e1rias para a Cl\u00ednica de Direitos Humanos e Conex\u00f5es de Saberes da UFMG - Cl\u00ednica de Direitos Humanos da UFMG","og_description":"Est\u00e3o abertas as inscri\u00e7\u00f5es para vagas de processo seletivo de orienta\u00e7\u00e3o, na modalidade volunt\u00e1ria, para pessoas formadas em Direito e Psicologia, nos projetos de atua\u00e7\u00e3o conjunta Eixo de Direitos Reprodutivos e Sexuais (Eixo DRS), da Cl\u00ednica de Direitos Humanos\/UFMG, e Direitos Reprodutivos: A\u00e7\u00f5es Interdisciplinares (DRAI), do N\u00facleo Conex\u00f5es de Saberes\/UFMG, entre 24 de janeiro a 14 de fevereiro de 2025, at\u00e9 \u00e0s 23h59! Requisitos: &#8211; Ter disponibilidade de 12h semanais de trabalho, em formato h\u00edbrido &#8211; Participar das reuni\u00f5es semanais da atua\u00e7\u00e3o conjunta dos projetos, \u00e0s quartas-feiras, das 16h30 \u00e0s 18h30, na Fafich\/Campus Pampulha da UFMG &#8211; Possuir inscri\u00e7\u00e3o ativa e regular na OAB ou CRP Confira o edital completo neste link.","og_url":"https:\/\/clinicadh.direito.ufmg.br\/index.php\/2025\/01\/28\/1908\/","og_site_name":"Cl\u00ednica de Direitos Humanos da UFMG","article_publisher":"https:\/\/www.facebook.com\/cdhufmg\/?eid=ARBDSQLce69q0_8v--9A5W6uQzSMctjXi-aHCPLj-fZRI0TKZQaBy-H1YgM9D-FJc2tGPQyTyAg3EYce","article_published_time":"2025-01-28T20:16:15+00:00","article_modified_time":"2025-01-28T21:21:56+00:00","author":"clinicadh","twitter_card":"summary_large_image","twitter_misc":{"Escrito por":"clinicadh","Est. tempo de leitura":"1 minuto"},"schema":{"@context":"https:\/\/schema.org","@graph":[{"@type":"Article","@id":"https:\/\/clinicadh.direito.ufmg.br\/index.php\/2025\/01\/28\/1908\/#article","isPartOf":{"@id":"https:\/\/clinicadh.direito.ufmg.br\/index.php\/2025\/01\/28\/1908\/"},"author":{"name":"clinicadh","@id":"https:\/\/clinicadh.direito.ufmg.br\/#\/schema\/person\/199b61834219660e4124c6c6d42d70ef"},"headline":"Sele\u00e7\u00e3o de pessoas Advogadas e Psic\u00f3logas Volunt\u00e1rias para a Cl\u00ednica de Direitos Humanos e Conex\u00f5es de Saberes da UFMG","datePublished":"2025-01-28T20:16:15+00:00","dateModified":"2025-01-28T21:21:56+00:00","mainEntityOfPage":{"@id":"https:\/\/clinicadh.direito.ufmg.br\/index.php\/2025\/01\/28\/1908\/"},"wordCount":149,"publisher":{"@id":"https:\/\/clinicadh.direito.ufmg.br\/#organization"},"articleSection":["Not\u00edcias"],"inLanguage":"pt-BR"},{"@type":"WebPage","@id":"https:\/\/clinicadh.direito.ufmg.br\/index.php\/2025\/01\/28\/1908\/","url":"https:\/\/clinicadh.direito.ufmg.br\/index.php\/2025\/01\/28\/1908\/","name":"Sele\u00e7\u00e3o de pessoas Advogadas e Psic\u00f3logas Volunt\u00e1rias para a Cl\u00ednica de Direitos Humanos e Conex\u00f5es de Saberes da UFMG - Cl\u00ednica de Direitos Humanos da UFMG","isPartOf":{"@id":"https:\/\/clinicadh.direito.ufmg.br\/#website"},"datePublished":"2025-01-28T20:16:15+00:00","dateModified":"2025-01-28T21:21:56+00:00","breadcrumb":{"@id":"https:\/\/clinicadh.direito.ufmg.br\/index.php\/2025\/01\/28\/1908\/#breadcrumb"},"inLanguage":"pt-BR","potentialAction":[{"@type":"ReadAction","target":["https:\/\/clinicadh.direito.ufmg.br\/index.php\/2025\/01\/28\/1908\/"]}]},{"@type":"BreadcrumbList","@id":"https:\/\/clinicadh.direito.ufmg.br\/index.php\/2025\/01\/28\/1908\/#breadcrumb","itemListElement":[{"@type":"ListItem","position":1,"name":"In\u00edcio","item":"https:\/\/clinicadh.direito.ufmg.br\/"},{"@type":"ListItem","position":2,"name":"Sele\u00e7\u00e3o de pessoas Advogadas e Psic\u00f3logas Volunt\u00e1rias para a Cl\u00ednica de Direitos Humanos e Conex\u00f5es de Saberes da UFMG"}]},{"@type":"WebSite","@id":"https:\/\/clinicadh.direito.ufmg.br\/#website","url":"https:\/\/clinicadh.direito.ufmg.br\/","name":"Cl\u00ednica de Direitos Humanos da UFMG","description":"Cl\u00ednica de Direitos Humanos da Universidade Federal de Minas Gerais","publisher":{"@id":"https:\/\/clinicadh.direito.ufmg.br\/#organization"},"potentialAction":[{"@type":"SearchAction","target":{"@type":"EntryPoint","urlTemplate":"https:\/\/clinicadh.direito.ufmg.br\/?s={search_term_string}"},"query-input":{"@type":"PropertyValueSpecification","valueRequired":true,"valueName":"search_term_string"}}],"inLanguage":"pt-BR"},{"@type":"Organization","@id":"https:\/\/clinicadh.direito.ufmg.br\/#organization","name":"Cl\u00ednica de Direitos Humanos da UFMG","url":"https:\/\/clinicadh.direito.ufmg.br\/","logo":{"@type":"ImageObject","inLanguage":"pt-BR","@id":"https:\/\/clinicadh.direito.ufmg.br\/#\/schema\/logo\/image\/","url":"https:\/\/clinicadh.direito.ufmg.br\/wp-content\/uploads\/2015\/06\/c.jpg","contentUrl":"https:\/\/clinicadh.direito.ufmg.br\/wp-content\/uploads\/2015\/06\/c.jpg","width":1200,"height":500,"caption":"Cl\u00ednica de Direitos Humanos da UFMG"},"image":{"@id":"https:\/\/clinicadh.direito.ufmg.br\/#\/schema\/logo\/image\/"},"sameAs":["https:\/\/www.facebook.com\/cdhufmg\/?eid=ARBDSQLce69q0_8v--9A5W6uQzSMctjXi-aHCPLj-fZRI0TKZQaBy-H1YgM9D-FJc2tGPQyTyAg3EYce"]},{"@type":"Person","@id":"https:\/\/clinicadh.direito.ufmg.br\/#\/schema\/person\/199b61834219660e4124c6c6d42d70ef","name":"clinicadh","image":{"@type":"ImageObject","inLanguage":"pt-BR","@id":"https:\/\/clinicadh.direito.ufmg.br\/#\/schema\/person\/image\/","url":"https:\/\/secure.gravatar.com\/avatar\/16bc1198b987032b17958ebcf9e07bb521ed2431022e3e5b1944820cd5bb431f?s=96&d=mm&r=g","contentUrl":"https:\/\/secure.gravatar.com\/avatar\/16bc1198b987032b17958ebcf9e07bb521ed2431022e3e5b1944820cd5bb431f?s=96&d=mm&r=g","caption":"clinicadh"}}]}},"_links":{"self":[{"href":"https:\/\/clinicadh.direito.ufmg.br\/index.php\/wp-json\/wp\/v2\/posts\/1908","targetHints":{"allow":["GET"]}}],"collection":[{"href":"https:\/\/clinicadh.direito.ufmg.br\/index.php\/wp-json\/wp\/v2\/posts"}],"about":[{"href":"https:\/\/clinicadh.direito.ufmg.br\/index.php\/wp-json\/wp\/v2\/types\/post"}],"author":[{"embeddable":true,"href":"https:\/\/clinicadh.direito.ufmg.br\/index.php\/wp-json\/wp\/v2\/users\/2"}],"replies":[{"embeddable":true,"href":"https:\/\/clinicadh.direito.ufmg.br\/index.php\/wp-json\/wp\/v2\/comments?post=1908"}],"version-history":[{"count":4,"href":"https:\/\/clinicadh.direito.ufmg.br\/index.php\/wp-json\/wp\/v2\/posts\/1908\/revisions"}],"predecessor-version":[{"id":1910,"href":"https:\/\/clinicadh.direito.ufmg.br\/index.php\/wp-json\/wp\/v2\/posts\/1908\/revisions\/1910"}],"wp:attachment":[{"href":"https:\/\/clinicadh.direito.ufmg.br\/index.php\/wp-json\/wp\/v2\/media?parent=1908"}],"wp:term":[{"taxonomy":"category","embeddable":true,"href":"https:\/\/clinicadh.direito.ufmg.br\/index.php\/wp-json\/wp\/v2\/categories?post=1908"},{"taxonomy":"post_tag","embeddable":true,"href":"https:\/\/clinicadh.direito.ufmg.br\/index.php\/wp-json\/wp\/v2\/tags?post=1908"}],"curies":[{"name":"wp","href":"https:\/\/api.w.org\/{rel}","templated":true}]}}