{"id":1902,"date":"2024-12-04T13:01:15","date_gmt":"2024-12-04T16:01:15","guid":{"rendered":"https:\/\/clinicadh.direito.ufmg.br\/?p=1902"},"modified":"2024-12-04T13:01:15","modified_gmt":"2024-12-04T16:01:15","slug":"protegendo-as-criancas-10-anos-do-tratado-da-onu-sobre-empresas-e-direitos-humanos","status":"publish","type":"post","link":"https:\/\/clinicadh.direito.ufmg.br\/index.php\/2024\/12\/04\/protegendo-as-criancas-10-anos-do-tratado-da-onu-sobre-empresas-e-direitos-humanos\/","title":{"rendered":"Protegendo as Crian\u00e7as: 10 Anos do Tratado da ONU sobre Empresas e Direitos Humanos"},"content":{"rendered":"<p>As atividades empresariais t\u00eam um impacto profundo nos direitos das crian\u00e7as, e este evento busca refletir sobre os avan\u00e7os conquistados ao longo de uma d\u00e9cada de negocia\u00e7\u00f5es do tratado vinculante da ONU sobre empresas e direitos humanos. Trata-se de uma oportunidade para aprofundar o debate sobre essa tem\u00e1tica essencial, com foco em experi\u00eancias pr\u00e1ticas e recomenda\u00e7\u00f5es para o futuro.<\/p>\n<p>A <strong>Cl\u00ednica de Direitos Humanos da UFMG<\/strong>, em parceria com a <strong>DKA \u00c1ustria<\/strong>, <strong>ECPAT<\/strong>, <strong>Down to Zero<\/strong> e a <strong>Cl\u00ednica de Direitos Humanos da PUC\/PR<\/strong>, convida voc\u00ea para um evento especial, realizado como parte da <strong>10\u00aa Sess\u00e3o do Tratado Vinculante da ONU sobre Empresas e Direitos Humanos<\/strong>.<\/p>\n<h3><strong>Detalhes do Evento<\/strong><\/h3>\n<p>? <strong>Data:<\/strong> 11 de dezembro de 2024<br \/>\n\u23f0 <strong>Hor\u00e1rio:<\/strong> 10h (hor\u00e1rio de Bras\u00edlia)<br \/>\n? <strong>Plataforma:<\/strong> Online, via Zoom<br \/>\n? <strong>Tradu\u00e7\u00e3o simult\u00e2nea:<\/strong> Ingl\u00eas-Portugu\u00eas dispon\u00edvel<\/p>\n<h3><strong>Inscri\u00e7\u00f5es<\/strong><\/h3>\n<p>Para participar, registre-se atrav\u00e9s do link:<br \/>\n<a href=\"https:\/\/ceu-edu.zoom.us\/meeting\/register\/tJwtdequrT4tHNI37EuCiOvQyGcS5hTcD3Cq\" target=\"_new\" rel=\"noopener\"><strong>Inscreva-se aqui<\/strong><\/a><\/p>\n<p>Ap\u00f3s a inscri\u00e7\u00e3o, voc\u00ea receber\u00e1 um e-mail de confirma\u00e7\u00e3o com todas as informa\u00e7\u00f5es necess\u00e1rias para acessar a reuni\u00e3o.<\/p>\n<p>Participe e ajude a construir um futuro mais justo e inclusivo para as crian\u00e7as em todo o mundo!<\/p>\n","protected":false},"excerpt":{"rendered":"<p>As atividades empresariais t\u00eam um impacto profundo nos direitos das crian\u00e7as, e este evento busca refletir sobre os avan\u00e7os conquistados ao longo de uma d\u00e9cada de negocia\u00e7\u00f5es do tratado vinculante da ONU sobre empresas e direitos humanos. Trata-se de uma oportunidade para aprofundar o debate sobre essa tem\u00e1tica essencial, com foco em experi\u00eancias pr\u00e1ticas e recomenda\u00e7\u00f5es para o futuro. A Cl\u00ednica de Direitos Humanos da UFMG, em parceria com a DKA \u00c1ustria, ECPAT, Down to Zero e a Cl\u00ednica de Direitos Humanos da PUC\/PR, convida voc\u00ea para um evento especial, realizado como parte da 10\u00aa Sess\u00e3o do Tratado Vinculante da ONU sobre Empresas e Direitos Humanos. Detalhes do Evento ? Data: 11 de dezembro de 2024 \u23f0 Hor\u00e1rio: 10h (hor\u00e1rio de Bras\u00edlia) ? Plataforma: Online, via Zoom ? Tradu\u00e7\u00e3o simult\u00e2nea: Ingl\u00eas-Portugu\u00eas dispon\u00edvel Inscri\u00e7\u00f5es Para participar, registre-se atrav\u00e9s do link: Inscreva-se aqui Ap\u00f3s a inscri\u00e7\u00e3o, voc\u00ea receber\u00e1 um e-mail de confirma\u00e7\u00e3o com todas as informa\u00e7\u00f5es necess\u00e1rias para acessar a reuni\u00e3o. Participe e ajude a construir um futuro mais justo e inclusivo para as crian\u00e7as em todo o mundo!<\/p>\n","protected":false},"author":2,"featured_media":1903,"comment_status":"closed","ping_status":"closed","sticky":false,"template":"","format":"standard","meta":{"footnotes":""},"categories":[1],"tags":[],"class_list":["post-1902","post","type-post","status-publish","format-standard","has-post-thumbnail","hentry","category-noticias"],"yoast_head":"<!-- This site is optimized with the Yoast SEO plugin v25.3 - https:\/\/yoast.com\/wordpress\/plugins\/seo\/ -->\n<title>Protegendo as Crian\u00e7as: 10 Anos do Tratado da ONU sobre Empresas e Direitos Humanos - Cl\u00ednica de Direitos Humanos da UFMG<\/title>\n<meta name=\"robots\" content=\"index, follow, max-snippet:-1, max-image-preview:large, max-video-preview:-1\" \/>\n<link rel=\"canonical\" href=\"https:\/\/clinicadh.direito.ufmg.br\/index.php\/2024\/12\/04\/protegendo-as-criancas-10-anos-do-tratado-da-onu-sobre-empresas-e-direitos-humanos\/\" \/>\n<meta property=\"og:locale\" content=\"pt_BR\" \/>\n<meta property=\"og:type\" content=\"article\" \/>\n<meta property=\"og:title\" content=\"Protegendo as Crian\u00e7as: 10 Anos do Tratado da ONU sobre Empresas e Direitos Humanos - Cl\u00ednica de Direitos Humanos da UFMG\" \/>\n<meta property=\"og:description\" content=\"As atividades empresariais t\u00eam um impacto profundo nos direitos das crian\u00e7as, e este evento busca refletir sobre os avan\u00e7os conquistados ao longo de uma d\u00e9cada de negocia\u00e7\u00f5es do tratado vinculante da ONU sobre empresas e direitos humanos. Trata-se de uma oportunidade para aprofundar o debate sobre essa tem\u00e1tica essencial, com foco em experi\u00eancias pr\u00e1ticas e recomenda\u00e7\u00f5es para o futuro. A Cl\u00ednica de Direitos Humanos da UFMG, em parceria com a DKA \u00c1ustria, ECPAT, Down to Zero e a Cl\u00ednica de Direitos Humanos da PUC\/PR, convida voc\u00ea para um evento especial, realizado como parte da 10\u00aa Sess\u00e3o do Tratado Vinculante da ONU sobre Empresas e Direitos Humanos. Detalhes do Evento ? Data: 11 de dezembro de 2024 \u23f0 Hor\u00e1rio: 10h (hor\u00e1rio de Bras\u00edlia) ? Plataforma: Online, via Zoom ? Tradu\u00e7\u00e3o simult\u00e2nea: Ingl\u00eas-Portugu\u00eas dispon\u00edvel Inscri\u00e7\u00f5es Para participar, registre-se atrav\u00e9s do link: Inscreva-se aqui Ap\u00f3s a inscri\u00e7\u00e3o, voc\u00ea receber\u00e1 um e-mail de confirma\u00e7\u00e3o com todas as informa\u00e7\u00f5es necess\u00e1rias para acessar a reuni\u00e3o. Participe e ajude a construir um futuro mais justo e inclusivo para as crian\u00e7as em todo o mundo!\" \/>\n<meta property=\"og:url\" content=\"https:\/\/clinicadh.direito.ufmg.br\/index.php\/2024\/12\/04\/protegendo-as-criancas-10-anos-do-tratado-da-onu-sobre-empresas-e-direitos-humanos\/\" \/>\n<meta property=\"og:site_name\" content=\"Cl\u00ednica de Direitos Humanos da UFMG\" \/>\n<meta property=\"article:publisher\" content=\"https:\/\/www.facebook.com\/cdhufmg\/?eid=ARBDSQLce69q0_8v--9A5W6uQzSMctjXi-aHCPLj-fZRI0TKZQaBy-H1YgM9D-FJc2tGPQyTyAg3EYce\" \/>\n<meta property=\"article:published_time\" content=\"2024-12-04T16:01:15+00:00\" \/>\n<meta property=\"og:image\" content=\"https:\/\/clinicadh.direito.ufmg.br\/wp-content\/uploads\/2024\/12\/Save-the-date-Side-Event-2024-EN.png\" \/>\n\t<meta property=\"og:image:width\" content=\"1366\" \/>\n\t<meta property=\"og:image:height\" content=\"768\" \/>\n\t<meta property=\"og:image:type\" content=\"image\/png\" \/>\n<meta name=\"author\" content=\"clinicadh\" \/>\n<meta name=\"twitter:card\" content=\"summary_large_image\" \/>\n<meta name=\"twitter:label1\" content=\"Escrito por\" \/>\n\t<meta name=\"twitter:data1\" content=\"clinicadh\" \/>\n\t<meta name=\"twitter:label2\" content=\"Est. tempo de leitura\" \/>\n\t<meta name=\"twitter:data2\" content=\"2 minutos\" \/>\n<script type=\"application\/ld+json\" class=\"yoast-schema-graph\">{\"@context\":\"https:\/\/schema.org\",\"@graph\":[{\"@type\":\"Article\",\"@id\":\"https:\/\/clinicadh.direito.ufmg.br\/index.php\/2024\/12\/04\/protegendo-as-criancas-10-anos-do-tratado-da-onu-sobre-empresas-e-direitos-humanos\/#article\",\"isPartOf\":{\"@id\":\"https:\/\/clinicadh.direito.ufmg.br\/index.php\/2024\/12\/04\/protegendo-as-criancas-10-anos-do-tratado-da-onu-sobre-empresas-e-direitos-humanos\/\"},\"author\":{\"name\":\"clinicadh\",\"@id\":\"https:\/\/clinicadh.direito.ufmg.br\/#\/schema\/person\/199b61834219660e4124c6c6d42d70ef\"},\"headline\":\"Protegendo as Crian\u00e7as: 10 Anos do Tratado da ONU sobre Empresas e Direitos Humanos\",\"datePublished\":\"2024-12-04T16:01:15+00:00\",\"mainEntityOfPage\":{\"@id\":\"https:\/\/clinicadh.direito.ufmg.br\/index.php\/2024\/12\/04\/protegendo-as-criancas-10-anos-do-tratado-da-onu-sobre-empresas-e-direitos-humanos\/\"},\"wordCount\":214,\"publisher\":{\"@id\":\"https:\/\/clinicadh.direito.ufmg.br\/#organization\"},\"image\":{\"@id\":\"https:\/\/clinicadh.direito.ufmg.br\/index.php\/2024\/12\/04\/protegendo-as-criancas-10-anos-do-tratado-da-onu-sobre-empresas-e-direitos-humanos\/#primaryimage\"},\"thumbnailUrl\":\"https:\/\/clinicadh.direito.ufmg.br\/wp-content\/uploads\/2024\/12\/Save-the-date-Side-Event-2024-EN.png\",\"articleSection\":[\"Not\u00edcias\"],\"inLanguage\":\"pt-BR\"},{\"@type\":\"WebPage\",\"@id\":\"https:\/\/clinicadh.direito.ufmg.br\/index.php\/2024\/12\/04\/protegendo-as-criancas-10-anos-do-tratado-da-onu-sobre-empresas-e-direitos-humanos\/\",\"url\":\"https:\/\/clinicadh.direito.ufmg.br\/index.php\/2024\/12\/04\/protegendo-as-criancas-10-anos-do-tratado-da-onu-sobre-empresas-e-direitos-humanos\/\",\"name\":\"Protegendo as Crian\u00e7as: 10 Anos do Tratado da ONU sobre Empresas e Direitos Humanos - Cl\u00ednica de Direitos Humanos da UFMG\",\"isPartOf\":{\"@id\":\"https:\/\/clinicadh.direito.ufmg.br\/#website\"},\"primaryImageOfPage\":{\"@id\":\"https:\/\/clinicadh.direito.ufmg.br\/index.php\/2024\/12\/04\/protegendo-as-criancas-10-anos-do-tratado-da-onu-sobre-empresas-e-direitos-humanos\/#primaryimage\"},\"image\":{\"@id\":\"https:\/\/clinicadh.direito.ufmg.br\/index.php\/2024\/12\/04\/protegendo-as-criancas-10-anos-do-tratado-da-onu-sobre-empresas-e-direitos-humanos\/#primaryimage\"},\"thumbnailUrl\":\"https:\/\/clinicadh.direito.ufmg.br\/wp-content\/uploads\/2024\/12\/Save-the-date-Side-Event-2024-EN.png\",\"datePublished\":\"2024-12-04T16:01:15+00:00\",\"breadcrumb\":{\"@id\":\"https:\/\/clinicadh.direito.ufmg.br\/index.php\/2024\/12\/04\/protegendo-as-criancas-10-anos-do-tratado-da-onu-sobre-empresas-e-direitos-humanos\/#breadcrumb\"},\"inLanguage\":\"pt-BR\",\"potentialAction\":[{\"@type\":\"ReadAction\",\"target\":[\"https:\/\/clinicadh.direito.ufmg.br\/index.php\/2024\/12\/04\/protegendo-as-criancas-10-anos-do-tratado-da-onu-sobre-empresas-e-direitos-humanos\/\"]}]},{\"@type\":\"ImageObject\",\"inLanguage\":\"pt-BR\",\"@id\":\"https:\/\/clinicadh.direito.ufmg.br\/index.php\/2024\/12\/04\/protegendo-as-criancas-10-anos-do-tratado-da-onu-sobre-empresas-e-direitos-humanos\/#primaryimage\",\"url\":\"https:\/\/clinicadh.direito.ufmg.br\/wp-content\/uploads\/2024\/12\/Save-the-date-Side-Event-2024-EN.png\",\"contentUrl\":\"https:\/\/clinicadh.direito.ufmg.br\/wp-content\/uploads\/2024\/12\/Save-the-date-Side-Event-2024-EN.png\",\"width\":1366,\"height\":768},{\"@type\":\"BreadcrumbList\",\"@id\":\"https:\/\/clinicadh.direito.ufmg.br\/index.php\/2024\/12\/04\/protegendo-as-criancas-10-anos-do-tratado-da-onu-sobre-empresas-e-direitos-humanos\/#breadcrumb\",\"itemListElement\":[{\"@type\":\"ListItem\",\"position\":1,\"name\":\"In\u00edcio\",\"item\":\"https:\/\/clinicadh.direito.ufmg.br\/\"},{\"@type\":\"ListItem\",\"position\":2,\"name\":\"Protegendo as Crian\u00e7as: 10 Anos do Tratado da ONU sobre Empresas e Direitos Humanos\"}]},{\"@type\":\"WebSite\",\"@id\":\"https:\/\/clinicadh.direito.ufmg.br\/#website\",\"url\":\"https:\/\/clinicadh.direito.ufmg.br\/\",\"name\":\"Cl\u00ednica de Direitos Humanos da UFMG\",\"description\":\"Cl\u00ednica de Direitos Humanos da Universidade Federal de Minas Gerais\",\"publisher\":{\"@id\":\"https:\/\/clinicadh.direito.ufmg.br\/#organization\"},\"potentialAction\":[{\"@type\":\"SearchAction\",\"target\":{\"@type\":\"EntryPoint\",\"urlTemplate\":\"https:\/\/clinicadh.direito.ufmg.br\/?s={search_term_string}\"},\"query-input\":{\"@type\":\"PropertyValueSpecification\",\"valueRequired\":true,\"valueName\":\"search_term_string\"}}],\"inLanguage\":\"pt-BR\"},{\"@type\":\"Organization\",\"@id\":\"https:\/\/clinicadh.direito.ufmg.br\/#organization\",\"name\":\"Cl\u00ednica de Direitos Humanos da UFMG\",\"url\":\"https:\/\/clinicadh.direito.ufmg.br\/\",\"logo\":{\"@type\":\"ImageObject\",\"inLanguage\":\"pt-BR\",\"@id\":\"https:\/\/clinicadh.direito.ufmg.br\/#\/schema\/logo\/image\/\",\"url\":\"https:\/\/clinicadh.direito.ufmg.br\/wp-content\/uploads\/2015\/06\/c.jpg\",\"contentUrl\":\"https:\/\/clinicadh.direito.ufmg.br\/wp-content\/uploads\/2015\/06\/c.jpg\",\"width\":1200,\"height\":500,\"caption\":\"Cl\u00ednica de Direitos Humanos da UFMG\"},\"image\":{\"@id\":\"https:\/\/clinicadh.direito.ufmg.br\/#\/schema\/logo\/image\/\"},\"sameAs\":[\"https:\/\/www.facebook.com\/cdhufmg\/?eid=ARBDSQLce69q0_8v--9A5W6uQzSMctjXi-aHCPLj-fZRI0TKZQaBy-H1YgM9D-FJc2tGPQyTyAg3EYce\"]},{\"@type\":\"Person\",\"@id\":\"https:\/\/clinicadh.direito.ufmg.br\/#\/schema\/person\/199b61834219660e4124c6c6d42d70ef\",\"name\":\"clinicadh\",\"image\":{\"@type\":\"ImageObject\",\"inLanguage\":\"pt-BR\",\"@id\":\"https:\/\/clinicadh.direito.ufmg.br\/#\/schema\/person\/image\/\",\"url\":\"https:\/\/secure.gravatar.com\/avatar\/16bc1198b987032b17958ebcf9e07bb521ed2431022e3e5b1944820cd5bb431f?s=96&d=mm&r=g\",\"contentUrl\":\"https:\/\/secure.gravatar.com\/avatar\/16bc1198b987032b17958ebcf9e07bb521ed2431022e3e5b1944820cd5bb431f?s=96&d=mm&r=g\",\"caption\":\"clinicadh\"}}]}<\/script>\n<!-- \/ Yoast SEO plugin. -->","yoast_head_json":{"title":"Protegendo as Crian\u00e7as: 10 Anos do Tratado da ONU sobre Empresas e Direitos Humanos - Cl\u00ednica de Direitos Humanos da UFMG","robots":{"index":"index","follow":"follow","max-snippet":"max-snippet:-1","max-image-preview":"max-image-preview:large","max-video-preview":"max-video-preview:-1"},"canonical":"https:\/\/clinicadh.direito.ufmg.br\/index.php\/2024\/12\/04\/protegendo-as-criancas-10-anos-do-tratado-da-onu-sobre-empresas-e-direitos-humanos\/","og_locale":"pt_BR","og_type":"article","og_title":"Protegendo as Crian\u00e7as: 10 Anos do Tratado da ONU sobre Empresas e Direitos Humanos - Cl\u00ednica de Direitos Humanos da UFMG","og_description":"As atividades empresariais t\u00eam um impacto profundo nos direitos das crian\u00e7as, e este evento busca refletir sobre os avan\u00e7os conquistados ao longo de uma d\u00e9cada de negocia\u00e7\u00f5es do tratado vinculante da ONU sobre empresas e direitos humanos. Trata-se de uma oportunidade para aprofundar o debate sobre essa tem\u00e1tica essencial, com foco em experi\u00eancias pr\u00e1ticas e recomenda\u00e7\u00f5es para o futuro. A Cl\u00ednica de Direitos Humanos da UFMG, em parceria com a DKA \u00c1ustria, ECPAT, Down to Zero e a Cl\u00ednica de Direitos Humanos da PUC\/PR, convida voc\u00ea para um evento especial, realizado como parte da 10\u00aa Sess\u00e3o do Tratado Vinculante da ONU sobre Empresas e Direitos Humanos. Detalhes do Evento ? Data: 11 de dezembro de 2024 \u23f0 Hor\u00e1rio: 10h (hor\u00e1rio de Bras\u00edlia) ? Plataforma: Online, via Zoom ? Tradu\u00e7\u00e3o simult\u00e2nea: Ingl\u00eas-Portugu\u00eas dispon\u00edvel Inscri\u00e7\u00f5es Para participar, registre-se atrav\u00e9s do link: Inscreva-se aqui Ap\u00f3s a inscri\u00e7\u00e3o, voc\u00ea receber\u00e1 um e-mail de confirma\u00e7\u00e3o com todas as informa\u00e7\u00f5es necess\u00e1rias para acessar a reuni\u00e3o. Participe e ajude a construir um futuro mais justo e inclusivo para as crian\u00e7as em todo o mundo!","og_url":"https:\/\/clinicadh.direito.ufmg.br\/index.php\/2024\/12\/04\/protegendo-as-criancas-10-anos-do-tratado-da-onu-sobre-empresas-e-direitos-humanos\/","og_site_name":"Cl\u00ednica de Direitos Humanos da UFMG","article_publisher":"https:\/\/www.facebook.com\/cdhufmg\/?eid=ARBDSQLce69q0_8v--9A5W6uQzSMctjXi-aHCPLj-fZRI0TKZQaBy-H1YgM9D-FJc2tGPQyTyAg3EYce","article_published_time":"2024-12-04T16:01:15+00:00","og_image":[{"width":1366,"height":768,"url":"https:\/\/clinicadh.direito.ufmg.br\/wp-content\/uploads\/2024\/12\/Save-the-date-Side-Event-2024-EN.png","type":"image\/png"}],"author":"clinicadh","twitter_card":"summary_large_image","twitter_misc":{"Escrito por":"clinicadh","Est. tempo de leitura":"2 minutos"},"schema":{"@context":"https:\/\/schema.org","@graph":[{"@type":"Article","@id":"https:\/\/clinicadh.direito.ufmg.br\/index.php\/2024\/12\/04\/protegendo-as-criancas-10-anos-do-tratado-da-onu-sobre-empresas-e-direitos-humanos\/#article","isPartOf":{"@id":"https:\/\/clinicadh.direito.ufmg.br\/index.php\/2024\/12\/04\/protegendo-as-criancas-10-anos-do-tratado-da-onu-sobre-empresas-e-direitos-humanos\/"},"author":{"name":"clinicadh","@id":"https:\/\/clinicadh.direito.ufmg.br\/#\/schema\/person\/199b61834219660e4124c6c6d42d70ef"},"headline":"Protegendo as Crian\u00e7as: 10 Anos do Tratado da ONU sobre Empresas e Direitos Humanos","datePublished":"2024-12-04T16:01:15+00:00","mainEntityOfPage":{"@id":"https:\/\/clinicadh.direito.ufmg.br\/index.php\/2024\/12\/04\/protegendo-as-criancas-10-anos-do-tratado-da-onu-sobre-empresas-e-direitos-humanos\/"},"wordCount":214,"publisher":{"@id":"https:\/\/clinicadh.direito.ufmg.br\/#organization"},"image":{"@id":"https:\/\/clinicadh.direito.ufmg.br\/index.php\/2024\/12\/04\/protegendo-as-criancas-10-anos-do-tratado-da-onu-sobre-empresas-e-direitos-humanos\/#primaryimage"},"thumbnailUrl":"https:\/\/clinicadh.direito.ufmg.br\/wp-content\/uploads\/2024\/12\/Save-the-date-Side-Event-2024-EN.png","articleSection":["Not\u00edcias"],"inLanguage":"pt-BR"},{"@type":"WebPage","@id":"https:\/\/clinicadh.direito.ufmg.br\/index.php\/2024\/12\/04\/protegendo-as-criancas-10-anos-do-tratado-da-onu-sobre-empresas-e-direitos-humanos\/","url":"https:\/\/clinicadh.direito.ufmg.br\/index.php\/2024\/12\/04\/protegendo-as-criancas-10-anos-do-tratado-da-onu-sobre-empresas-e-direitos-humanos\/","name":"Protegendo as Crian\u00e7as: 10 Anos do Tratado da ONU sobre Empresas e Direitos Humanos - Cl\u00ednica de Direitos Humanos da UFMG","isPartOf":{"@id":"https:\/\/clinicadh.direito.ufmg.br\/#website"},"primaryImageOfPage":{"@id":"https:\/\/clinicadh.direito.ufmg.br\/index.php\/2024\/12\/04\/protegendo-as-criancas-10-anos-do-tratado-da-onu-sobre-empresas-e-direitos-humanos\/#primaryimage"},"image":{"@id":"https:\/\/clinicadh.direito.ufmg.br\/index.php\/2024\/12\/04\/protegendo-as-criancas-10-anos-do-tratado-da-onu-sobre-empresas-e-direitos-humanos\/#primaryimage"},"thumbnailUrl":"https:\/\/clinicadh.direito.ufmg.br\/wp-content\/uploads\/2024\/12\/Save-the-date-Side-Event-2024-EN.png","datePublished":"2024-12-04T16:01:15+00:00","breadcrumb":{"@id":"https:\/\/clinicadh.direito.ufmg.br\/index.php\/2024\/12\/04\/protegendo-as-criancas-10-anos-do-tratado-da-onu-sobre-empresas-e-direitos-humanos\/#breadcrumb"},"inLanguage":"pt-BR","potentialAction":[{"@type":"ReadAction","target":["https:\/\/clinicadh.direito.ufmg.br\/index.php\/2024\/12\/04\/protegendo-as-criancas-10-anos-do-tratado-da-onu-sobre-empresas-e-direitos-humanos\/"]}]},{"@type":"ImageObject","inLanguage":"pt-BR","@id":"https:\/\/clinicadh.direito.ufmg.br\/index.php\/2024\/12\/04\/protegendo-as-criancas-10-anos-do-tratado-da-onu-sobre-empresas-e-direitos-humanos\/#primaryimage","url":"https:\/\/clinicadh.direito.ufmg.br\/wp-content\/uploads\/2024\/12\/Save-the-date-Side-Event-2024-EN.png","contentUrl":"https:\/\/clinicadh.direito.ufmg.br\/wp-content\/uploads\/2024\/12\/Save-the-date-Side-Event-2024-EN.png","width":1366,"height":768},{"@type":"BreadcrumbList","@id":"https:\/\/clinicadh.direito.ufmg.br\/index.php\/2024\/12\/04\/protegendo-as-criancas-10-anos-do-tratado-da-onu-sobre-empresas-e-direitos-humanos\/#breadcrumb","itemListElement":[{"@type":"ListItem","position":1,"name":"In\u00edcio","item":"https:\/\/clinicadh.direito.ufmg.br\/"},{"@type":"ListItem","position":2,"name":"Protegendo as Crian\u00e7as: 10 Anos do Tratado da ONU sobre Empresas e Direitos Humanos"}]},{"@type":"WebSite","@id":"https:\/\/clinicadh.direito.ufmg.br\/#website","url":"https:\/\/clinicadh.direito.ufmg.br\/","name":"Cl\u00ednica de Direitos Humanos da UFMG","description":"Cl\u00ednica de Direitos Humanos da Universidade Federal de Minas Gerais","publisher":{"@id":"https:\/\/clinicadh.direito.ufmg.br\/#organization"},"potentialAction":[{"@type":"SearchAction","target":{"@type":"EntryPoint","urlTemplate":"https:\/\/clinicadh.direito.ufmg.br\/?s={search_term_string}"},"query-input":{"@type":"PropertyValueSpecification","valueRequired":true,"valueName":"search_term_string"}}],"inLanguage":"pt-BR"},{"@type":"Organization","@id":"https:\/\/clinicadh.direito.ufmg.br\/#organization","name":"Cl\u00ednica de Direitos Humanos da UFMG","url":"https:\/\/clinicadh.direito.ufmg.br\/","logo":{"@type":"ImageObject","inLanguage":"pt-BR","@id":"https:\/\/clinicadh.direito.ufmg.br\/#\/schema\/logo\/image\/","url":"https:\/\/clinicadh.direito.ufmg.br\/wp-content\/uploads\/2015\/06\/c.jpg","contentUrl":"https:\/\/clinicadh.direito.ufmg.br\/wp-content\/uploads\/2015\/06\/c.jpg","width":1200,"height":500,"caption":"Cl\u00ednica de Direitos Humanos da UFMG"},"image":{"@id":"https:\/\/clinicadh.direito.ufmg.br\/#\/schema\/logo\/image\/"},"sameAs":["https:\/\/www.facebook.com\/cdhufmg\/?eid=ARBDSQLce69q0_8v--9A5W6uQzSMctjXi-aHCPLj-fZRI0TKZQaBy-H1YgM9D-FJc2tGPQyTyAg3EYce"]},{"@type":"Person","@id":"https:\/\/clinicadh.direito.ufmg.br\/#\/schema\/person\/199b61834219660e4124c6c6d42d70ef","name":"clinicadh","image":{"@type":"ImageObject","inLanguage":"pt-BR","@id":"https:\/\/clinicadh.direito.ufmg.br\/#\/schema\/person\/image\/","url":"https:\/\/secure.gravatar.com\/avatar\/16bc1198b987032b17958ebcf9e07bb521ed2431022e3e5b1944820cd5bb431f?s=96&d=mm&r=g","contentUrl":"https:\/\/secure.gravatar.com\/avatar\/16bc1198b987032b17958ebcf9e07bb521ed2431022e3e5b1944820cd5bb431f?s=96&d=mm&r=g","caption":"clinicadh"}}]}},"_links":{"self":[{"href":"https:\/\/clinicadh.direito.ufmg.br\/index.php\/wp-json\/wp\/v2\/posts\/1902","targetHints":{"allow":["GET"]}}],"collection":[{"href":"https:\/\/clinicadh.direito.ufmg.br\/index.php\/wp-json\/wp\/v2\/posts"}],"about":[{"href":"https:\/\/clinicadh.direito.ufmg.br\/index.php\/wp-json\/wp\/v2\/types\/post"}],"author":[{"embeddable":true,"href":"https:\/\/clinicadh.direito.ufmg.br\/index.php\/wp-json\/wp\/v2\/users\/2"}],"replies":[{"embeddable":true,"href":"https:\/\/clinicadh.direito.ufmg.br\/index.php\/wp-json\/wp\/v2\/comments?post=1902"}],"version-history":[{"count":1,"href":"https:\/\/clinicadh.direito.ufmg.br\/index.php\/wp-json\/wp\/v2\/posts\/1902\/revisions"}],"predecessor-version":[{"id":1904,"href":"https:\/\/clinicadh.direito.ufmg.br\/index.php\/wp-json\/wp\/v2\/posts\/1902\/revisions\/1904"}],"wp:featuredmedia":[{"embeddable":true,"href":"https:\/\/clinicadh.direito.ufmg.br\/index.php\/wp-json\/wp\/v2\/media\/1903"}],"wp:attachment":[{"href":"https:\/\/clinicadh.direito.ufmg.br\/index.php\/wp-json\/wp\/v2\/media?parent=1902"}],"wp:term":[{"taxonomy":"category","embeddable":true,"href":"https:\/\/clinicadh.direito.ufmg.br\/index.php\/wp-json\/wp\/v2\/categories?post=1902"},{"taxonomy":"post_tag","embeddable":true,"href":"https:\/\/clinicadh.direito.ufmg.br\/index.php\/wp-json\/wp\/v2\/tags?post=1902"}],"curies":[{"name":"wp","href":"https:\/\/api.w.org\/{rel}","templated":true}]}}