{"id":1830,"date":"2023-10-20T16:20:29","date_gmt":"2023-10-20T19:20:29","guid":{"rendered":"https:\/\/clinicadh.direito.ufmg.br\/?p=1830"},"modified":"2023-10-20T16:20:29","modified_gmt":"2023-10-20T19:20:29","slug":"anais-do-vi-forum-nacional-de-clinicas-juridicas-publicados","status":"publish","type":"post","link":"https:\/\/clinicadh.direito.ufmg.br\/index.php\/2023\/10\/20\/anais-do-vi-forum-nacional-de-clinicas-juridicas-publicados\/","title":{"rendered":"Anais do VI F\u00f3rum Nacional de Cl\u00ednicas Jur\u00eddicas publicados!"},"content":{"rendered":"<p>Entre os dias 31 de agosto a 02 de setembro de 2022, na Faculdade de Direito da Universidade Federal de Minas Gerais, ocorreu, presencialmente, ap\u00f3s anos de isolamento social em virtude da pandemia do Covid-19, o VI F\u00f3rum Nacional de Cl\u00ednicas Jur\u00eddicas.<\/p>\n<p>Durante o evento, buscou-se, dentre pain\u00e9is, minicursos e sess\u00f5es tem\u00e1ticas, dar seguimento aos desenvolvimentos dos anos anteriores, por meio da capacita\u00e7\u00e3o, da discuss\u00e3o e do est\u00edmulo ao compartilhamento de experi\u00eancias e ferramentas para ampliar a concretiza\u00e7\u00e3o de direitos humanos, assegurar o acesso \u00e0 justi\u00e7a social e efetiva e fortalecer a democracia, sobretudo por meio das cl\u00ednicas jur\u00eddicas e do m\u00e9todo cl\u00ednico.<\/p>\n<p>Dentre essas atividades, destacam-se as Sess\u00f5es Tem\u00e1ticas, que tinham como objetivo a troca de saberes e a apresenta\u00e7\u00e3o de trabalhos. Muitos desses trabalhos deram origem a artigos que, hoje, comp\u00f5em os Anais do Evento, dividindo-se em quatro grandes temas que foram apresentados naquela oportunidade:<\/p>\n<p>&#8211; Mapeamento da situa\u00e7\u00e3o dos defensores de direitos humanos no Brasil durante a pandemia de COVID-19<br \/>\n&#8211; Educa\u00e7\u00e3o em direitos humanos na inf\u00e2ncia e adolesc\u00eancia: Narrativas e experi\u00eancias concretas<br \/>\n&#8211; Di\u00e1logos interinstitucionais e direitos humanos<br \/>\n&#8211; Metodologias cl\u00ednicas de ensino do Direito: entre impactos pedag\u00f3gicos e sociais<\/p>\n<p>Confira na \u00edntegra os <a href=\"https:\/\/drive.google.com\/file\/u\/1\/d\/1DDWiWEBUoJxOJFTsEzPgrp4G8jZbx7NO\/view?usp=share_linkk\">Anais do VI F\u00f3rum Nacional de Cl\u00ednicas Jur\u00eddicas!<\/a><\/p>\n","protected":false},"excerpt":{"rendered":"<p>Entre os dias 31 de agosto a 02 de setembro de 2022, na Faculdade de Direito da Universidade Federal de Minas Gerais, ocorreu, presencialmente, ap\u00f3s anos de isolamento social em virtude da pandemia do Covid-19, o VI F\u00f3rum Nacional de Cl\u00ednicas Jur\u00eddicas. Durante o evento, buscou-se, dentre pain\u00e9is, minicursos e sess\u00f5es tem\u00e1ticas, dar seguimento aos desenvolvimentos dos anos anteriores, por meio da capacita\u00e7\u00e3o, da discuss\u00e3o e do est\u00edmulo ao compartilhamento de experi\u00eancias e ferramentas para ampliar a concretiza\u00e7\u00e3o de direitos humanos, assegurar o acesso \u00e0 justi\u00e7a social e efetiva e fortalecer a democracia, sobretudo por meio das cl\u00ednicas jur\u00eddicas e do m\u00e9todo cl\u00ednico. Dentre essas atividades, destacam-se as Sess\u00f5es Tem\u00e1ticas, que tinham como objetivo a troca de saberes e a apresenta\u00e7\u00e3o de trabalhos. Muitos desses trabalhos deram origem a artigos que, hoje, comp\u00f5em os Anais do Evento, dividindo-se em quatro grandes temas que foram apresentados naquela oportunidade: &#8211; Mapeamento da situa\u00e7\u00e3o dos defensores de direitos humanos no Brasil durante a pandemia de COVID-19 &#8211; Educa\u00e7\u00e3o em direitos humanos na inf\u00e2ncia e adolesc\u00eancia: Narrativas e experi\u00eancias concretas &#8211; Di\u00e1logos interinstitucionais e direitos humanos &#8211; Metodologias cl\u00ednicas de ensino do Direito: entre impactos pedag\u00f3gicos e sociais Confira na \u00edntegra os Anais do VI F\u00f3rum Nacional de Cl\u00ednicas Jur\u00eddicas!<\/p>\n","protected":false},"author":2,"featured_media":1728,"comment_status":"closed","ping_status":"closed","sticky":false,"template":"","format":"standard","meta":{"footnotes":""},"categories":[1],"tags":[],"class_list":["post-1830","post","type-post","status-publish","format-standard","has-post-thumbnail","hentry","category-noticias"],"yoast_head":"<!-- This site is optimized with the Yoast SEO plugin v25.3 - https:\/\/yoast.com\/wordpress\/plugins\/seo\/ -->\n<title>Anais do VI F\u00f3rum Nacional de Cl\u00ednicas Jur\u00eddicas publicados! - Cl\u00ednica de Direitos Humanos da UFMG<\/title>\n<meta name=\"robots\" content=\"index, follow, max-snippet:-1, max-image-preview:large, max-video-preview:-1\" \/>\n<link rel=\"canonical\" href=\"https:\/\/clinicadh.direito.ufmg.br\/index.php\/2023\/10\/20\/anais-do-vi-forum-nacional-de-clinicas-juridicas-publicados\/\" \/>\n<meta property=\"og:locale\" content=\"pt_BR\" \/>\n<meta property=\"og:type\" content=\"article\" \/>\n<meta property=\"og:title\" content=\"Anais do VI F\u00f3rum Nacional de Cl\u00ednicas Jur\u00eddicas publicados! - Cl\u00ednica de Direitos Humanos da UFMG\" \/>\n<meta property=\"og:description\" content=\"Entre os dias 31 de agosto a 02 de setembro de 2022, na Faculdade de Direito da Universidade Federal de Minas Gerais, ocorreu, presencialmente, ap\u00f3s anos de isolamento social em virtude da pandemia do Covid-19, o VI F\u00f3rum Nacional de Cl\u00ednicas Jur\u00eddicas. Durante o evento, buscou-se, dentre pain\u00e9is, minicursos e sess\u00f5es tem\u00e1ticas, dar seguimento aos desenvolvimentos dos anos anteriores, por meio da capacita\u00e7\u00e3o, da discuss\u00e3o e do est\u00edmulo ao compartilhamento de experi\u00eancias e ferramentas para ampliar a concretiza\u00e7\u00e3o de direitos humanos, assegurar o acesso \u00e0 justi\u00e7a social e efetiva e fortalecer a democracia, sobretudo por meio das cl\u00ednicas jur\u00eddicas e do m\u00e9todo cl\u00ednico. Dentre essas atividades, destacam-se as Sess\u00f5es Tem\u00e1ticas, que tinham como objetivo a troca de saberes e a apresenta\u00e7\u00e3o de trabalhos. Muitos desses trabalhos deram origem a artigos que, hoje, comp\u00f5em os Anais do Evento, dividindo-se em quatro grandes temas que foram apresentados naquela oportunidade: &#8211; Mapeamento da situa\u00e7\u00e3o dos defensores de direitos humanos no Brasil durante a pandemia de COVID-19 &#8211; Educa\u00e7\u00e3o em direitos humanos na inf\u00e2ncia e adolesc\u00eancia: Narrativas e experi\u00eancias concretas &#8211; Di\u00e1logos interinstitucionais e direitos humanos &#8211; Metodologias cl\u00ednicas de ensino do Direito: entre impactos pedag\u00f3gicos e sociais Confira na \u00edntegra os Anais do VI F\u00f3rum Nacional de Cl\u00ednicas Jur\u00eddicas!\" \/>\n<meta property=\"og:url\" content=\"https:\/\/clinicadh.direito.ufmg.br\/index.php\/2023\/10\/20\/anais-do-vi-forum-nacional-de-clinicas-juridicas-publicados\/\" \/>\n<meta property=\"og:site_name\" content=\"Cl\u00ednica de Direitos Humanos da UFMG\" \/>\n<meta property=\"article:publisher\" content=\"https:\/\/www.facebook.com\/cdhufmg\/?eid=ARBDSQLce69q0_8v--9A5W6uQzSMctjXi-aHCPLj-fZRI0TKZQaBy-H1YgM9D-FJc2tGPQyTyAg3EYce\" \/>\n<meta property=\"article:published_time\" content=\"2023-10-20T19:20:29+00:00\" \/>\n<meta property=\"og:image\" content=\"https:\/\/clinicadh.direito.ufmg.br\/wp-content\/uploads\/2022\/05\/vifncj-logo.png\" \/>\n\t<meta property=\"og:image:width\" content=\"6467\" \/>\n\t<meta property=\"og:image:height\" content=\"4168\" \/>\n\t<meta property=\"og:image:type\" content=\"image\/png\" \/>\n<meta name=\"author\" content=\"clinicadh\" \/>\n<meta name=\"twitter:card\" content=\"summary_large_image\" \/>\n<meta name=\"twitter:label1\" content=\"Escrito por\" \/>\n\t<meta name=\"twitter:data1\" content=\"clinicadh\" \/>\n\t<meta name=\"twitter:label2\" content=\"Est. tempo de leitura\" \/>\n\t<meta name=\"twitter:data2\" content=\"2 minutos\" \/>\n<script type=\"application\/ld+json\" class=\"yoast-schema-graph\">{\"@context\":\"https:\/\/schema.org\",\"@graph\":[{\"@type\":\"Article\",\"@id\":\"https:\/\/clinicadh.direito.ufmg.br\/index.php\/2023\/10\/20\/anais-do-vi-forum-nacional-de-clinicas-juridicas-publicados\/#article\",\"isPartOf\":{\"@id\":\"https:\/\/clinicadh.direito.ufmg.br\/index.php\/2023\/10\/20\/anais-do-vi-forum-nacional-de-clinicas-juridicas-publicados\/\"},\"author\":{\"name\":\"clinicadh\",\"@id\":\"https:\/\/clinicadh.direito.ufmg.br\/#\/schema\/person\/199b61834219660e4124c6c6d42d70ef\"},\"headline\":\"Anais do VI F\u00f3rum Nacional de Cl\u00ednicas Jur\u00eddicas publicados!\",\"datePublished\":\"2023-10-20T19:20:29+00:00\",\"mainEntityOfPage\":{\"@id\":\"https:\/\/clinicadh.direito.ufmg.br\/index.php\/2023\/10\/20\/anais-do-vi-forum-nacional-de-clinicas-juridicas-publicados\/\"},\"wordCount\":246,\"publisher\":{\"@id\":\"https:\/\/clinicadh.direito.ufmg.br\/#organization\"},\"image\":{\"@id\":\"https:\/\/clinicadh.direito.ufmg.br\/index.php\/2023\/10\/20\/anais-do-vi-forum-nacional-de-clinicas-juridicas-publicados\/#primaryimage\"},\"thumbnailUrl\":\"https:\/\/clinicadh.direito.ufmg.br\/wp-content\/uploads\/2022\/05\/vifncj-logo.png\",\"articleSection\":[\"Not\u00edcias\"],\"inLanguage\":\"pt-BR\"},{\"@type\":\"WebPage\",\"@id\":\"https:\/\/clinicadh.direito.ufmg.br\/index.php\/2023\/10\/20\/anais-do-vi-forum-nacional-de-clinicas-juridicas-publicados\/\",\"url\":\"https:\/\/clinicadh.direito.ufmg.br\/index.php\/2023\/10\/20\/anais-do-vi-forum-nacional-de-clinicas-juridicas-publicados\/\",\"name\":\"Anais do VI F\u00f3rum Nacional de Cl\u00ednicas Jur\u00eddicas publicados! - Cl\u00ednica de Direitos Humanos da UFMG\",\"isPartOf\":{\"@id\":\"https:\/\/clinicadh.direito.ufmg.br\/#website\"},\"primaryImageOfPage\":{\"@id\":\"https:\/\/clinicadh.direito.ufmg.br\/index.php\/2023\/10\/20\/anais-do-vi-forum-nacional-de-clinicas-juridicas-publicados\/#primaryimage\"},\"image\":{\"@id\":\"https:\/\/clinicadh.direito.ufmg.br\/index.php\/2023\/10\/20\/anais-do-vi-forum-nacional-de-clinicas-juridicas-publicados\/#primaryimage\"},\"thumbnailUrl\":\"https:\/\/clinicadh.direito.ufmg.br\/wp-content\/uploads\/2022\/05\/vifncj-logo.png\",\"datePublished\":\"2023-10-20T19:20:29+00:00\",\"breadcrumb\":{\"@id\":\"https:\/\/clinicadh.direito.ufmg.br\/index.php\/2023\/10\/20\/anais-do-vi-forum-nacional-de-clinicas-juridicas-publicados\/#breadcrumb\"},\"inLanguage\":\"pt-BR\",\"potentialAction\":[{\"@type\":\"ReadAction\",\"target\":[\"https:\/\/clinicadh.direito.ufmg.br\/index.php\/2023\/10\/20\/anais-do-vi-forum-nacional-de-clinicas-juridicas-publicados\/\"]}]},{\"@type\":\"ImageObject\",\"inLanguage\":\"pt-BR\",\"@id\":\"https:\/\/clinicadh.direito.ufmg.br\/index.php\/2023\/10\/20\/anais-do-vi-forum-nacional-de-clinicas-juridicas-publicados\/#primaryimage\",\"url\":\"https:\/\/clinicadh.direito.ufmg.br\/wp-content\/uploads\/2022\/05\/vifncj-logo.png\",\"contentUrl\":\"https:\/\/clinicadh.direito.ufmg.br\/wp-content\/uploads\/2022\/05\/vifncj-logo.png\",\"width\":6467,\"height\":4168},{\"@type\":\"BreadcrumbList\",\"@id\":\"https:\/\/clinicadh.direito.ufmg.br\/index.php\/2023\/10\/20\/anais-do-vi-forum-nacional-de-clinicas-juridicas-publicados\/#breadcrumb\",\"itemListElement\":[{\"@type\":\"ListItem\",\"position\":1,\"name\":\"In\u00edcio\",\"item\":\"https:\/\/clinicadh.direito.ufmg.br\/\"},{\"@type\":\"ListItem\",\"position\":2,\"name\":\"Anais do VI F\u00f3rum Nacional de Cl\u00ednicas Jur\u00eddicas publicados!\"}]},{\"@type\":\"WebSite\",\"@id\":\"https:\/\/clinicadh.direito.ufmg.br\/#website\",\"url\":\"https:\/\/clinicadh.direito.ufmg.br\/\",\"name\":\"Cl\u00ednica de Direitos Humanos da UFMG\",\"description\":\"Cl\u00ednica de Direitos Humanos da Universidade Federal de Minas Gerais\",\"publisher\":{\"@id\":\"https:\/\/clinicadh.direito.ufmg.br\/#organization\"},\"potentialAction\":[{\"@type\":\"SearchAction\",\"target\":{\"@type\":\"EntryPoint\",\"urlTemplate\":\"https:\/\/clinicadh.direito.ufmg.br\/?s={search_term_string}\"},\"query-input\":{\"@type\":\"PropertyValueSpecification\",\"valueRequired\":true,\"valueName\":\"search_term_string\"}}],\"inLanguage\":\"pt-BR\"},{\"@type\":\"Organization\",\"@id\":\"https:\/\/clinicadh.direito.ufmg.br\/#organization\",\"name\":\"Cl\u00ednica de Direitos Humanos da UFMG\",\"url\":\"https:\/\/clinicadh.direito.ufmg.br\/\",\"logo\":{\"@type\":\"ImageObject\",\"inLanguage\":\"pt-BR\",\"@id\":\"https:\/\/clinicadh.direito.ufmg.br\/#\/schema\/logo\/image\/\",\"url\":\"https:\/\/clinicadh.direito.ufmg.br\/wp-content\/uploads\/2015\/06\/c.jpg\",\"contentUrl\":\"https:\/\/clinicadh.direito.ufmg.br\/wp-content\/uploads\/2015\/06\/c.jpg\",\"width\":1200,\"height\":500,\"caption\":\"Cl\u00ednica de Direitos Humanos da UFMG\"},\"image\":{\"@id\":\"https:\/\/clinicadh.direito.ufmg.br\/#\/schema\/logo\/image\/\"},\"sameAs\":[\"https:\/\/www.facebook.com\/cdhufmg\/?eid=ARBDSQLce69q0_8v--9A5W6uQzSMctjXi-aHCPLj-fZRI0TKZQaBy-H1YgM9D-FJc2tGPQyTyAg3EYce\"]},{\"@type\":\"Person\",\"@id\":\"https:\/\/clinicadh.direito.ufmg.br\/#\/schema\/person\/199b61834219660e4124c6c6d42d70ef\",\"name\":\"clinicadh\",\"image\":{\"@type\":\"ImageObject\",\"inLanguage\":\"pt-BR\",\"@id\":\"https:\/\/clinicadh.direito.ufmg.br\/#\/schema\/person\/image\/\",\"url\":\"https:\/\/secure.gravatar.com\/avatar\/16bc1198b987032b17958ebcf9e07bb521ed2431022e3e5b1944820cd5bb431f?s=96&d=mm&r=g\",\"contentUrl\":\"https:\/\/secure.gravatar.com\/avatar\/16bc1198b987032b17958ebcf9e07bb521ed2431022e3e5b1944820cd5bb431f?s=96&d=mm&r=g\",\"caption\":\"clinicadh\"}}]}<\/script>\n<!-- \/ Yoast SEO plugin. -->","yoast_head_json":{"title":"Anais do VI F\u00f3rum Nacional de Cl\u00ednicas Jur\u00eddicas publicados! - Cl\u00ednica de Direitos Humanos da UFMG","robots":{"index":"index","follow":"follow","max-snippet":"max-snippet:-1","max-image-preview":"max-image-preview:large","max-video-preview":"max-video-preview:-1"},"canonical":"https:\/\/clinicadh.direito.ufmg.br\/index.php\/2023\/10\/20\/anais-do-vi-forum-nacional-de-clinicas-juridicas-publicados\/","og_locale":"pt_BR","og_type":"article","og_title":"Anais do VI F\u00f3rum Nacional de Cl\u00ednicas Jur\u00eddicas publicados! - Cl\u00ednica de Direitos Humanos da UFMG","og_description":"Entre os dias 31 de agosto a 02 de setembro de 2022, na Faculdade de Direito da Universidade Federal de Minas Gerais, ocorreu, presencialmente, ap\u00f3s anos de isolamento social em virtude da pandemia do Covid-19, o VI F\u00f3rum Nacional de Cl\u00ednicas Jur\u00eddicas. Durante o evento, buscou-se, dentre pain\u00e9is, minicursos e sess\u00f5es tem\u00e1ticas, dar seguimento aos desenvolvimentos dos anos anteriores, por meio da capacita\u00e7\u00e3o, da discuss\u00e3o e do est\u00edmulo ao compartilhamento de experi\u00eancias e ferramentas para ampliar a concretiza\u00e7\u00e3o de direitos humanos, assegurar o acesso \u00e0 justi\u00e7a social e efetiva e fortalecer a democracia, sobretudo por meio das cl\u00ednicas jur\u00eddicas e do m\u00e9todo cl\u00ednico. Dentre essas atividades, destacam-se as Sess\u00f5es Tem\u00e1ticas, que tinham como objetivo a troca de saberes e a apresenta\u00e7\u00e3o de trabalhos. Muitos desses trabalhos deram origem a artigos que, hoje, comp\u00f5em os Anais do Evento, dividindo-se em quatro grandes temas que foram apresentados naquela oportunidade: &#8211; Mapeamento da situa\u00e7\u00e3o dos defensores de direitos humanos no Brasil durante a pandemia de COVID-19 &#8211; Educa\u00e7\u00e3o em direitos humanos na inf\u00e2ncia e adolesc\u00eancia: Narrativas e experi\u00eancias concretas &#8211; Di\u00e1logos interinstitucionais e direitos humanos &#8211; Metodologias cl\u00ednicas de ensino do Direito: entre impactos pedag\u00f3gicos e sociais Confira na \u00edntegra os Anais do VI F\u00f3rum Nacional de Cl\u00ednicas Jur\u00eddicas!","og_url":"https:\/\/clinicadh.direito.ufmg.br\/index.php\/2023\/10\/20\/anais-do-vi-forum-nacional-de-clinicas-juridicas-publicados\/","og_site_name":"Cl\u00ednica de Direitos Humanos da UFMG","article_publisher":"https:\/\/www.facebook.com\/cdhufmg\/?eid=ARBDSQLce69q0_8v--9A5W6uQzSMctjXi-aHCPLj-fZRI0TKZQaBy-H1YgM9D-FJc2tGPQyTyAg3EYce","article_published_time":"2023-10-20T19:20:29+00:00","og_image":[{"width":6467,"height":4168,"url":"https:\/\/clinicadh.direito.ufmg.br\/wp-content\/uploads\/2022\/05\/vifncj-logo.png","type":"image\/png"}],"author":"clinicadh","twitter_card":"summary_large_image","twitter_misc":{"Escrito por":"clinicadh","Est. tempo de leitura":"2 minutos"},"schema":{"@context":"https:\/\/schema.org","@graph":[{"@type":"Article","@id":"https:\/\/clinicadh.direito.ufmg.br\/index.php\/2023\/10\/20\/anais-do-vi-forum-nacional-de-clinicas-juridicas-publicados\/#article","isPartOf":{"@id":"https:\/\/clinicadh.direito.ufmg.br\/index.php\/2023\/10\/20\/anais-do-vi-forum-nacional-de-clinicas-juridicas-publicados\/"},"author":{"name":"clinicadh","@id":"https:\/\/clinicadh.direito.ufmg.br\/#\/schema\/person\/199b61834219660e4124c6c6d42d70ef"},"headline":"Anais do VI F\u00f3rum Nacional de Cl\u00ednicas Jur\u00eddicas publicados!","datePublished":"2023-10-20T19:20:29+00:00","mainEntityOfPage":{"@id":"https:\/\/clinicadh.direito.ufmg.br\/index.php\/2023\/10\/20\/anais-do-vi-forum-nacional-de-clinicas-juridicas-publicados\/"},"wordCount":246,"publisher":{"@id":"https:\/\/clinicadh.direito.ufmg.br\/#organization"},"image":{"@id":"https:\/\/clinicadh.direito.ufmg.br\/index.php\/2023\/10\/20\/anais-do-vi-forum-nacional-de-clinicas-juridicas-publicados\/#primaryimage"},"thumbnailUrl":"https:\/\/clinicadh.direito.ufmg.br\/wp-content\/uploads\/2022\/05\/vifncj-logo.png","articleSection":["Not\u00edcias"],"inLanguage":"pt-BR"},{"@type":"WebPage","@id":"https:\/\/clinicadh.direito.ufmg.br\/index.php\/2023\/10\/20\/anais-do-vi-forum-nacional-de-clinicas-juridicas-publicados\/","url":"https:\/\/clinicadh.direito.ufmg.br\/index.php\/2023\/10\/20\/anais-do-vi-forum-nacional-de-clinicas-juridicas-publicados\/","name":"Anais do VI F\u00f3rum Nacional de Cl\u00ednicas Jur\u00eddicas publicados! - Cl\u00ednica de Direitos Humanos da UFMG","isPartOf":{"@id":"https:\/\/clinicadh.direito.ufmg.br\/#website"},"primaryImageOfPage":{"@id":"https:\/\/clinicadh.direito.ufmg.br\/index.php\/2023\/10\/20\/anais-do-vi-forum-nacional-de-clinicas-juridicas-publicados\/#primaryimage"},"image":{"@id":"https:\/\/clinicadh.direito.ufmg.br\/index.php\/2023\/10\/20\/anais-do-vi-forum-nacional-de-clinicas-juridicas-publicados\/#primaryimage"},"thumbnailUrl":"https:\/\/clinicadh.direito.ufmg.br\/wp-content\/uploads\/2022\/05\/vifncj-logo.png","datePublished":"2023-10-20T19:20:29+00:00","breadcrumb":{"@id":"https:\/\/clinicadh.direito.ufmg.br\/index.php\/2023\/10\/20\/anais-do-vi-forum-nacional-de-clinicas-juridicas-publicados\/#breadcrumb"},"inLanguage":"pt-BR","potentialAction":[{"@type":"ReadAction","target":["https:\/\/clinicadh.direito.ufmg.br\/index.php\/2023\/10\/20\/anais-do-vi-forum-nacional-de-clinicas-juridicas-publicados\/"]}]},{"@type":"ImageObject","inLanguage":"pt-BR","@id":"https:\/\/clinicadh.direito.ufmg.br\/index.php\/2023\/10\/20\/anais-do-vi-forum-nacional-de-clinicas-juridicas-publicados\/#primaryimage","url":"https:\/\/clinicadh.direito.ufmg.br\/wp-content\/uploads\/2022\/05\/vifncj-logo.png","contentUrl":"https:\/\/clinicadh.direito.ufmg.br\/wp-content\/uploads\/2022\/05\/vifncj-logo.png","width":6467,"height":4168},{"@type":"BreadcrumbList","@id":"https:\/\/clinicadh.direito.ufmg.br\/index.php\/2023\/10\/20\/anais-do-vi-forum-nacional-de-clinicas-juridicas-publicados\/#breadcrumb","itemListElement":[{"@type":"ListItem","position":1,"name":"In\u00edcio","item":"https:\/\/clinicadh.direito.ufmg.br\/"},{"@type":"ListItem","position":2,"name":"Anais do VI F\u00f3rum Nacional de Cl\u00ednicas Jur\u00eddicas publicados!"}]},{"@type":"WebSite","@id":"https:\/\/clinicadh.direito.ufmg.br\/#website","url":"https:\/\/clinicadh.direito.ufmg.br\/","name":"Cl\u00ednica de Direitos Humanos da UFMG","description":"Cl\u00ednica de Direitos Humanos da Universidade Federal de Minas Gerais","publisher":{"@id":"https:\/\/clinicadh.direito.ufmg.br\/#organization"},"potentialAction":[{"@type":"SearchAction","target":{"@type":"EntryPoint","urlTemplate":"https:\/\/clinicadh.direito.ufmg.br\/?s={search_term_string}"},"query-input":{"@type":"PropertyValueSpecification","valueRequired":true,"valueName":"search_term_string"}}],"inLanguage":"pt-BR"},{"@type":"Organization","@id":"https:\/\/clinicadh.direito.ufmg.br\/#organization","name":"Cl\u00ednica de Direitos Humanos da UFMG","url":"https:\/\/clinicadh.direito.ufmg.br\/","logo":{"@type":"ImageObject","inLanguage":"pt-BR","@id":"https:\/\/clinicadh.direito.ufmg.br\/#\/schema\/logo\/image\/","url":"https:\/\/clinicadh.direito.ufmg.br\/wp-content\/uploads\/2015\/06\/c.jpg","contentUrl":"https:\/\/clinicadh.direito.ufmg.br\/wp-content\/uploads\/2015\/06\/c.jpg","width":1200,"height":500,"caption":"Cl\u00ednica de Direitos Humanos da UFMG"},"image":{"@id":"https:\/\/clinicadh.direito.ufmg.br\/#\/schema\/logo\/image\/"},"sameAs":["https:\/\/www.facebook.com\/cdhufmg\/?eid=ARBDSQLce69q0_8v--9A5W6uQzSMctjXi-aHCPLj-fZRI0TKZQaBy-H1YgM9D-FJc2tGPQyTyAg3EYce"]},{"@type":"Person","@id":"https:\/\/clinicadh.direito.ufmg.br\/#\/schema\/person\/199b61834219660e4124c6c6d42d70ef","name":"clinicadh","image":{"@type":"ImageObject","inLanguage":"pt-BR","@id":"https:\/\/clinicadh.direito.ufmg.br\/#\/schema\/person\/image\/","url":"https:\/\/secure.gravatar.com\/avatar\/16bc1198b987032b17958ebcf9e07bb521ed2431022e3e5b1944820cd5bb431f?s=96&d=mm&r=g","contentUrl":"https:\/\/secure.gravatar.com\/avatar\/16bc1198b987032b17958ebcf9e07bb521ed2431022e3e5b1944820cd5bb431f?s=96&d=mm&r=g","caption":"clinicadh"}}]}},"_links":{"self":[{"href":"https:\/\/clinicadh.direito.ufmg.br\/index.php\/wp-json\/wp\/v2\/posts\/1830","targetHints":{"allow":["GET"]}}],"collection":[{"href":"https:\/\/clinicadh.direito.ufmg.br\/index.php\/wp-json\/wp\/v2\/posts"}],"about":[{"href":"https:\/\/clinicadh.direito.ufmg.br\/index.php\/wp-json\/wp\/v2\/types\/post"}],"author":[{"embeddable":true,"href":"https:\/\/clinicadh.direito.ufmg.br\/index.php\/wp-json\/wp\/v2\/users\/2"}],"replies":[{"embeddable":true,"href":"https:\/\/clinicadh.direito.ufmg.br\/index.php\/wp-json\/wp\/v2\/comments?post=1830"}],"version-history":[{"count":2,"href":"https:\/\/clinicadh.direito.ufmg.br\/index.php\/wp-json\/wp\/v2\/posts\/1830\/revisions"}],"predecessor-version":[{"id":1832,"href":"https:\/\/clinicadh.direito.ufmg.br\/index.php\/wp-json\/wp\/v2\/posts\/1830\/revisions\/1832"}],"wp:featuredmedia":[{"embeddable":true,"href":"https:\/\/clinicadh.direito.ufmg.br\/index.php\/wp-json\/wp\/v2\/media\/1728"}],"wp:attachment":[{"href":"https:\/\/clinicadh.direito.ufmg.br\/index.php\/wp-json\/wp\/v2\/media?parent=1830"}],"wp:term":[{"taxonomy":"category","embeddable":true,"href":"https:\/\/clinicadh.direito.ufmg.br\/index.php\/wp-json\/wp\/v2\/categories?post=1830"},{"taxonomy":"post_tag","embeddable":true,"href":"https:\/\/clinicadh.direito.ufmg.br\/index.php\/wp-json\/wp\/v2\/tags?post=1830"}],"curies":[{"name":"wp","href":"https:\/\/api.w.org\/{rel}","templated":true}]}}