{"id":1826,"date":"2023-08-09T11:53:46","date_gmt":"2023-08-09T14:53:46","guid":{"rendered":"https:\/\/clinicadh.direito.ufmg.br\/?p=1826"},"modified":"2023-08-09T11:53:46","modified_gmt":"2023-08-09T14:53:46","slug":"edital-03-2023-selecao-de-estagiariao-de-direito-2","status":"publish","type":"post","link":"https:\/\/clinicadh.direito.ufmg.br\/index.php\/2023\/08\/09\/edital-03-2023-selecao-de-estagiariao-de-direito-2\/","title":{"rendered":"EDITAL 03\/2023 Sele\u00e7\u00e3o de Estagi\u00e1ria(o) de Direito"},"content":{"rendered":"<p>Est\u00e3o abertas as inscri\u00e7\u00f5es para 2 (duas) vagas para extensionista de gradua\u00e7\u00e3o em Direito a partir do 3\u00b0 per\u00edodo, entre <strong>09 de agosto a 22 de agosto de 2023.<\/strong><\/p>\n<p>&nbsp;<\/p>\n<p style=\"text-align: center;\">\u00a0As inscri\u00e7\u00f5es ser\u00e3o feitas pelo formul\u00e1rio: https:\/\/forms.gle\/7YMVaBzoJbf9idiw8, sendo<br \/>\ncoletadas as informa\u00e7\u00f5es de e-mail, nome completo, n\u00famero de matr\u00edcula, link para<br \/>\ncurr\u00edculo Lattes, bem como carta de motiva\u00e7\u00e3o simples, uma resposta simples \u00e0 pergunta<br \/>\n\u201cQual a import\u00e2ncia de marcos normativos internacional e nacional sobre Empresas e<br \/>\nDireitos Humanos para a prote\u00e7\u00e3o de direitos humanos no Brasil?\u201d e os documentos<br \/>\ncurr\u00edculo (at\u00e9 2 p\u00e1ginas) e hist\u00f3rico escolar, sendo admitidas as que forem enviadas entre os<br \/>\ndias 09 de agosto a 22 de agosto de 2023, at\u00e9 \u00e0s 23h59min<\/p>\n<p>&nbsp;<\/p>\n<p>S\u00e3o requisitos para a inscri\u00e7\u00e3o, a serem analisados no momento da submiss\u00e3o da candidatura:<\/p>\n<ul>\n<li>Ser estudante regularmente matriculada(o) no curso de gradua\u00e7\u00e3o em Direito na Universidade Federal de Minas Gerais;<\/li>\n<li>Ter uma conta de e-mail na plataforma Google (@gmail.com) para eventuais contatos;<\/li>\n<li>Estar cursando ou ter cursado o 3o per\u00edodo do curso de gradua\u00e7\u00e3o em Direito, requisito a<br \/>\nser comprovado mediante apresenta\u00e7\u00e3o de hist\u00f3rico escolar;<\/li>\n<li>As candidaturas que n\u00e3o cumprirem todos os requisitos elencados nos itens acima n\u00e3o<br \/>\nser\u00e3o recebidas.<\/li>\n<\/ul>\n<p><strong>Para saber todos os detalhes sobre as vagas, confira o Edital completo clicando <a href=\"https:\/\/drive.google.com\/file\/d\/1HxuJI8s9fc1C35lAaiMsCuFSX2iNn0HM\/view?usp=drive_link\">aqui<\/a>.<\/strong><\/p>\n","protected":false},"excerpt":{"rendered":"<p>Est\u00e3o abertas as inscri\u00e7\u00f5es para 2 (duas) vagas para extensionista de gradua\u00e7\u00e3o em Direito a partir do 3\u00b0 per\u00edodo, entre 09 de agosto a 22 de agosto de 2023. &nbsp; \u00a0As inscri\u00e7\u00f5es ser\u00e3o feitas pelo formul\u00e1rio: https:\/\/forms.gle\/7YMVaBzoJbf9idiw8, sendo coletadas as informa\u00e7\u00f5es de e-mail, nome completo, n\u00famero de matr\u00edcula, link para curr\u00edculo Lattes, bem como carta de motiva\u00e7\u00e3o simples, uma resposta simples \u00e0 pergunta \u201cQual a import\u00e2ncia de marcos normativos internacional e nacional sobre Empresas e Direitos Humanos para a prote\u00e7\u00e3o de direitos humanos no Brasil?\u201d e os documentos curr\u00edculo (at\u00e9 2 p\u00e1ginas) e hist\u00f3rico escolar, sendo admitidas as que forem enviadas entre os dias 09 de agosto a 22 de agosto de 2023, at\u00e9 \u00e0s 23h59min &nbsp; S\u00e3o requisitos para a inscri\u00e7\u00e3o, a serem analisados no momento da submiss\u00e3o da candidatura: Ser estudante regularmente matriculada(o) no curso de gradua\u00e7\u00e3o em Direito na Universidade Federal de Minas Gerais; Ter uma conta de e-mail na plataforma Google (@gmail.com) para eventuais contatos; Estar cursando ou ter cursado o 3o per\u00edodo do curso de gradua\u00e7\u00e3o em Direito, requisito a ser comprovado mediante apresenta\u00e7\u00e3o de hist\u00f3rico escolar; As candidaturas que n\u00e3o cumprirem todos os requisitos elencados nos itens acima n\u00e3o ser\u00e3o recebidas. Para saber todos os detalhes sobre as vagas, confira o Edital completo clicando aqui.<\/p>\n","protected":false},"author":2,"featured_media":1752,"comment_status":"closed","ping_status":"closed","sticky":false,"template":"","format":"standard","meta":{"footnotes":""},"categories":[1],"tags":[],"class_list":["post-1826","post","type-post","status-publish","format-standard","has-post-thumbnail","hentry","category-noticias"],"yoast_head":"<!-- This site is optimized with the Yoast SEO plugin v25.3 - https:\/\/yoast.com\/wordpress\/plugins\/seo\/ -->\n<title>EDITAL 03\/2023 Sele\u00e7\u00e3o de Estagi\u00e1ria(o) de Direito - Cl\u00ednica de Direitos Humanos da UFMG<\/title>\n<meta name=\"robots\" content=\"index, follow, max-snippet:-1, max-image-preview:large, max-video-preview:-1\" \/>\n<link rel=\"canonical\" href=\"https:\/\/clinicadh.direito.ufmg.br\/index.php\/2023\/08\/09\/edital-03-2023-selecao-de-estagiariao-de-direito-2\/\" \/>\n<meta property=\"og:locale\" content=\"pt_BR\" \/>\n<meta property=\"og:type\" content=\"article\" \/>\n<meta property=\"og:title\" content=\"EDITAL 03\/2023 Sele\u00e7\u00e3o de Estagi\u00e1ria(o) de Direito - Cl\u00ednica de Direitos Humanos da UFMG\" \/>\n<meta property=\"og:description\" content=\"Est\u00e3o abertas as inscri\u00e7\u00f5es para 2 (duas) vagas para extensionista de gradua\u00e7\u00e3o em Direito a partir do 3\u00b0 per\u00edodo, entre 09 de agosto a 22 de agosto de 2023. &nbsp; \u00a0As inscri\u00e7\u00f5es ser\u00e3o feitas pelo formul\u00e1rio: https:\/\/forms.gle\/7YMVaBzoJbf9idiw8, sendo coletadas as informa\u00e7\u00f5es de e-mail, nome completo, n\u00famero de matr\u00edcula, link para curr\u00edculo Lattes, bem como carta de motiva\u00e7\u00e3o simples, uma resposta simples \u00e0 pergunta \u201cQual a import\u00e2ncia de marcos normativos internacional e nacional sobre Empresas e Direitos Humanos para a prote\u00e7\u00e3o de direitos humanos no Brasil?\u201d e os documentos curr\u00edculo (at\u00e9 2 p\u00e1ginas) e hist\u00f3rico escolar, sendo admitidas as que forem enviadas entre os dias 09 de agosto a 22 de agosto de 2023, at\u00e9 \u00e0s 23h59min &nbsp; S\u00e3o requisitos para a inscri\u00e7\u00e3o, a serem analisados no momento da submiss\u00e3o da candidatura: Ser estudante regularmente matriculada(o) no curso de gradua\u00e7\u00e3o em Direito na Universidade Federal de Minas Gerais; Ter uma conta de e-mail na plataforma Google (@gmail.com) para eventuais contatos; Estar cursando ou ter cursado o 3o per\u00edodo do curso de gradua\u00e7\u00e3o em Direito, requisito a ser comprovado mediante apresenta\u00e7\u00e3o de hist\u00f3rico escolar; As candidaturas que n\u00e3o cumprirem todos os requisitos elencados nos itens acima n\u00e3o ser\u00e3o recebidas. Para saber todos os detalhes sobre as vagas, confira o Edital completo clicando aqui.\" \/>\n<meta property=\"og:url\" content=\"https:\/\/clinicadh.direito.ufmg.br\/index.php\/2023\/08\/09\/edital-03-2023-selecao-de-estagiariao-de-direito-2\/\" \/>\n<meta property=\"og:site_name\" content=\"Cl\u00ednica de Direitos Humanos da UFMG\" \/>\n<meta property=\"article:publisher\" content=\"https:\/\/www.facebook.com\/cdhufmg\/?eid=ARBDSQLce69q0_8v--9A5W6uQzSMctjXi-aHCPLj-fZRI0TKZQaBy-H1YgM9D-FJc2tGPQyTyAg3EYce\" \/>\n<meta property=\"article:published_time\" content=\"2023-08-09T14:53:46+00:00\" \/>\n<meta property=\"og:image\" content=\"https:\/\/clinicadh.direito.ufmg.br\/wp-content\/uploads\/2022\/09\/cdh-foto-de-capa.png\" \/>\n\t<meta property=\"og:image:width\" content=\"851\" \/>\n\t<meta property=\"og:image:height\" content=\"315\" \/>\n\t<meta property=\"og:image:type\" content=\"image\/png\" \/>\n<meta name=\"author\" content=\"clinicadh\" \/>\n<meta name=\"twitter:card\" content=\"summary_large_image\" \/>\n<meta name=\"twitter:label1\" content=\"Escrito por\" \/>\n\t<meta name=\"twitter:data1\" content=\"clinicadh\" \/>\n\t<meta name=\"twitter:label2\" content=\"Est. tempo de leitura\" \/>\n\t<meta name=\"twitter:data2\" content=\"2 minutos\" \/>\n<script type=\"application\/ld+json\" class=\"yoast-schema-graph\">{\"@context\":\"https:\/\/schema.org\",\"@graph\":[{\"@type\":\"Article\",\"@id\":\"https:\/\/clinicadh.direito.ufmg.br\/index.php\/2023\/08\/09\/edital-03-2023-selecao-de-estagiariao-de-direito-2\/#article\",\"isPartOf\":{\"@id\":\"https:\/\/clinicadh.direito.ufmg.br\/index.php\/2023\/08\/09\/edital-03-2023-selecao-de-estagiariao-de-direito-2\/\"},\"author\":{\"name\":\"clinicadh\",\"@id\":\"https:\/\/clinicadh.direito.ufmg.br\/#\/schema\/person\/199b61834219660e4124c6c6d42d70ef\"},\"headline\":\"EDITAL 03\/2023 Sele\u00e7\u00e3o de Estagi\u00e1ria(o) de Direito\",\"datePublished\":\"2023-08-09T14:53:46+00:00\",\"mainEntityOfPage\":{\"@id\":\"https:\/\/clinicadh.direito.ufmg.br\/index.php\/2023\/08\/09\/edital-03-2023-selecao-de-estagiariao-de-direito-2\/\"},\"wordCount\":245,\"publisher\":{\"@id\":\"https:\/\/clinicadh.direito.ufmg.br\/#organization\"},\"image\":{\"@id\":\"https:\/\/clinicadh.direito.ufmg.br\/index.php\/2023\/08\/09\/edital-03-2023-selecao-de-estagiariao-de-direito-2\/#primaryimage\"},\"thumbnailUrl\":\"https:\/\/clinicadh.direito.ufmg.br\/wp-content\/uploads\/2022\/09\/cdh-foto-de-capa.png\",\"articleSection\":[\"Not\u00edcias\"],\"inLanguage\":\"pt-BR\"},{\"@type\":\"WebPage\",\"@id\":\"https:\/\/clinicadh.direito.ufmg.br\/index.php\/2023\/08\/09\/edital-03-2023-selecao-de-estagiariao-de-direito-2\/\",\"url\":\"https:\/\/clinicadh.direito.ufmg.br\/index.php\/2023\/08\/09\/edital-03-2023-selecao-de-estagiariao-de-direito-2\/\",\"name\":\"EDITAL 03\/2023 Sele\u00e7\u00e3o de Estagi\u00e1ria(o) de Direito - Cl\u00ednica de Direitos Humanos da UFMG\",\"isPartOf\":{\"@id\":\"https:\/\/clinicadh.direito.ufmg.br\/#website\"},\"primaryImageOfPage\":{\"@id\":\"https:\/\/clinicadh.direito.ufmg.br\/index.php\/2023\/08\/09\/edital-03-2023-selecao-de-estagiariao-de-direito-2\/#primaryimage\"},\"image\":{\"@id\":\"https:\/\/clinicadh.direito.ufmg.br\/index.php\/2023\/08\/09\/edital-03-2023-selecao-de-estagiariao-de-direito-2\/#primaryimage\"},\"thumbnailUrl\":\"https:\/\/clinicadh.direito.ufmg.br\/wp-content\/uploads\/2022\/09\/cdh-foto-de-capa.png\",\"datePublished\":\"2023-08-09T14:53:46+00:00\",\"breadcrumb\":{\"@id\":\"https:\/\/clinicadh.direito.ufmg.br\/index.php\/2023\/08\/09\/edital-03-2023-selecao-de-estagiariao-de-direito-2\/#breadcrumb\"},\"inLanguage\":\"pt-BR\",\"potentialAction\":[{\"@type\":\"ReadAction\",\"target\":[\"https:\/\/clinicadh.direito.ufmg.br\/index.php\/2023\/08\/09\/edital-03-2023-selecao-de-estagiariao-de-direito-2\/\"]}]},{\"@type\":\"ImageObject\",\"inLanguage\":\"pt-BR\",\"@id\":\"https:\/\/clinicadh.direito.ufmg.br\/index.php\/2023\/08\/09\/edital-03-2023-selecao-de-estagiariao-de-direito-2\/#primaryimage\",\"url\":\"https:\/\/clinicadh.direito.ufmg.br\/wp-content\/uploads\/2022\/09\/cdh-foto-de-capa.png\",\"contentUrl\":\"https:\/\/clinicadh.direito.ufmg.br\/wp-content\/uploads\/2022\/09\/cdh-foto-de-capa.png\",\"width\":851,\"height\":315},{\"@type\":\"BreadcrumbList\",\"@id\":\"https:\/\/clinicadh.direito.ufmg.br\/index.php\/2023\/08\/09\/edital-03-2023-selecao-de-estagiariao-de-direito-2\/#breadcrumb\",\"itemListElement\":[{\"@type\":\"ListItem\",\"position\":1,\"name\":\"In\u00edcio\",\"item\":\"https:\/\/clinicadh.direito.ufmg.br\/\"},{\"@type\":\"ListItem\",\"position\":2,\"name\":\"EDITAL 03\/2023 Sele\u00e7\u00e3o de Estagi\u00e1ria(o) de Direito\"}]},{\"@type\":\"WebSite\",\"@id\":\"https:\/\/clinicadh.direito.ufmg.br\/#website\",\"url\":\"https:\/\/clinicadh.direito.ufmg.br\/\",\"name\":\"Cl\u00ednica de Direitos Humanos da UFMG\",\"description\":\"Cl\u00ednica de Direitos Humanos da Universidade Federal de Minas Gerais\",\"publisher\":{\"@id\":\"https:\/\/clinicadh.direito.ufmg.br\/#organization\"},\"potentialAction\":[{\"@type\":\"SearchAction\",\"target\":{\"@type\":\"EntryPoint\",\"urlTemplate\":\"https:\/\/clinicadh.direito.ufmg.br\/?s={search_term_string}\"},\"query-input\":{\"@type\":\"PropertyValueSpecification\",\"valueRequired\":true,\"valueName\":\"search_term_string\"}}],\"inLanguage\":\"pt-BR\"},{\"@type\":\"Organization\",\"@id\":\"https:\/\/clinicadh.direito.ufmg.br\/#organization\",\"name\":\"Cl\u00ednica de Direitos Humanos da UFMG\",\"url\":\"https:\/\/clinicadh.direito.ufmg.br\/\",\"logo\":{\"@type\":\"ImageObject\",\"inLanguage\":\"pt-BR\",\"@id\":\"https:\/\/clinicadh.direito.ufmg.br\/#\/schema\/logo\/image\/\",\"url\":\"https:\/\/clinicadh.direito.ufmg.br\/wp-content\/uploads\/2015\/06\/c.jpg\",\"contentUrl\":\"https:\/\/clinicadh.direito.ufmg.br\/wp-content\/uploads\/2015\/06\/c.jpg\",\"width\":1200,\"height\":500,\"caption\":\"Cl\u00ednica de Direitos Humanos da UFMG\"},\"image\":{\"@id\":\"https:\/\/clinicadh.direito.ufmg.br\/#\/schema\/logo\/image\/\"},\"sameAs\":[\"https:\/\/www.facebook.com\/cdhufmg\/?eid=ARBDSQLce69q0_8v--9A5W6uQzSMctjXi-aHCPLj-fZRI0TKZQaBy-H1YgM9D-FJc2tGPQyTyAg3EYce\"]},{\"@type\":\"Person\",\"@id\":\"https:\/\/clinicadh.direito.ufmg.br\/#\/schema\/person\/199b61834219660e4124c6c6d42d70ef\",\"name\":\"clinicadh\",\"image\":{\"@type\":\"ImageObject\",\"inLanguage\":\"pt-BR\",\"@id\":\"https:\/\/clinicadh.direito.ufmg.br\/#\/schema\/person\/image\/\",\"url\":\"https:\/\/secure.gravatar.com\/avatar\/16bc1198b987032b17958ebcf9e07bb521ed2431022e3e5b1944820cd5bb431f?s=96&d=mm&r=g\",\"contentUrl\":\"https:\/\/secure.gravatar.com\/avatar\/16bc1198b987032b17958ebcf9e07bb521ed2431022e3e5b1944820cd5bb431f?s=96&d=mm&r=g\",\"caption\":\"clinicadh\"}}]}<\/script>\n<!-- \/ Yoast SEO plugin. -->","yoast_head_json":{"title":"EDITAL 03\/2023 Sele\u00e7\u00e3o de Estagi\u00e1ria(o) de Direito - Cl\u00ednica de Direitos Humanos da UFMG","robots":{"index":"index","follow":"follow","max-snippet":"max-snippet:-1","max-image-preview":"max-image-preview:large","max-video-preview":"max-video-preview:-1"},"canonical":"https:\/\/clinicadh.direito.ufmg.br\/index.php\/2023\/08\/09\/edital-03-2023-selecao-de-estagiariao-de-direito-2\/","og_locale":"pt_BR","og_type":"article","og_title":"EDITAL 03\/2023 Sele\u00e7\u00e3o de Estagi\u00e1ria(o) de Direito - Cl\u00ednica de Direitos Humanos da UFMG","og_description":"Est\u00e3o abertas as inscri\u00e7\u00f5es para 2 (duas) vagas para extensionista de gradua\u00e7\u00e3o em Direito a partir do 3\u00b0 per\u00edodo, entre 09 de agosto a 22 de agosto de 2023. &nbsp; \u00a0As inscri\u00e7\u00f5es ser\u00e3o feitas pelo formul\u00e1rio: https:\/\/forms.gle\/7YMVaBzoJbf9idiw8, sendo coletadas as informa\u00e7\u00f5es de e-mail, nome completo, n\u00famero de matr\u00edcula, link para curr\u00edculo Lattes, bem como carta de motiva\u00e7\u00e3o simples, uma resposta simples \u00e0 pergunta \u201cQual a import\u00e2ncia de marcos normativos internacional e nacional sobre Empresas e Direitos Humanos para a prote\u00e7\u00e3o de direitos humanos no Brasil?\u201d e os documentos curr\u00edculo (at\u00e9 2 p\u00e1ginas) e hist\u00f3rico escolar, sendo admitidas as que forem enviadas entre os dias 09 de agosto a 22 de agosto de 2023, at\u00e9 \u00e0s 23h59min &nbsp; S\u00e3o requisitos para a inscri\u00e7\u00e3o, a serem analisados no momento da submiss\u00e3o da candidatura: Ser estudante regularmente matriculada(o) no curso de gradua\u00e7\u00e3o em Direito na Universidade Federal de Minas Gerais; Ter uma conta de e-mail na plataforma Google (@gmail.com) para eventuais contatos; Estar cursando ou ter cursado o 3o per\u00edodo do curso de gradua\u00e7\u00e3o em Direito, requisito a ser comprovado mediante apresenta\u00e7\u00e3o de hist\u00f3rico escolar; As candidaturas que n\u00e3o cumprirem todos os requisitos elencados nos itens acima n\u00e3o ser\u00e3o recebidas. Para saber todos os detalhes sobre as vagas, confira o Edital completo clicando aqui.","og_url":"https:\/\/clinicadh.direito.ufmg.br\/index.php\/2023\/08\/09\/edital-03-2023-selecao-de-estagiariao-de-direito-2\/","og_site_name":"Cl\u00ednica de Direitos Humanos da UFMG","article_publisher":"https:\/\/www.facebook.com\/cdhufmg\/?eid=ARBDSQLce69q0_8v--9A5W6uQzSMctjXi-aHCPLj-fZRI0TKZQaBy-H1YgM9D-FJc2tGPQyTyAg3EYce","article_published_time":"2023-08-09T14:53:46+00:00","og_image":[{"width":851,"height":315,"url":"https:\/\/clinicadh.direito.ufmg.br\/wp-content\/uploads\/2022\/09\/cdh-foto-de-capa.png","type":"image\/png"}],"author":"clinicadh","twitter_card":"summary_large_image","twitter_misc":{"Escrito por":"clinicadh","Est. tempo de leitura":"2 minutos"},"schema":{"@context":"https:\/\/schema.org","@graph":[{"@type":"Article","@id":"https:\/\/clinicadh.direito.ufmg.br\/index.php\/2023\/08\/09\/edital-03-2023-selecao-de-estagiariao-de-direito-2\/#article","isPartOf":{"@id":"https:\/\/clinicadh.direito.ufmg.br\/index.php\/2023\/08\/09\/edital-03-2023-selecao-de-estagiariao-de-direito-2\/"},"author":{"name":"clinicadh","@id":"https:\/\/clinicadh.direito.ufmg.br\/#\/schema\/person\/199b61834219660e4124c6c6d42d70ef"},"headline":"EDITAL 03\/2023 Sele\u00e7\u00e3o de Estagi\u00e1ria(o) de Direito","datePublished":"2023-08-09T14:53:46+00:00","mainEntityOfPage":{"@id":"https:\/\/clinicadh.direito.ufmg.br\/index.php\/2023\/08\/09\/edital-03-2023-selecao-de-estagiariao-de-direito-2\/"},"wordCount":245,"publisher":{"@id":"https:\/\/clinicadh.direito.ufmg.br\/#organization"},"image":{"@id":"https:\/\/clinicadh.direito.ufmg.br\/index.php\/2023\/08\/09\/edital-03-2023-selecao-de-estagiariao-de-direito-2\/#primaryimage"},"thumbnailUrl":"https:\/\/clinicadh.direito.ufmg.br\/wp-content\/uploads\/2022\/09\/cdh-foto-de-capa.png","articleSection":["Not\u00edcias"],"inLanguage":"pt-BR"},{"@type":"WebPage","@id":"https:\/\/clinicadh.direito.ufmg.br\/index.php\/2023\/08\/09\/edital-03-2023-selecao-de-estagiariao-de-direito-2\/","url":"https:\/\/clinicadh.direito.ufmg.br\/index.php\/2023\/08\/09\/edital-03-2023-selecao-de-estagiariao-de-direito-2\/","name":"EDITAL 03\/2023 Sele\u00e7\u00e3o de Estagi\u00e1ria(o) de Direito - Cl\u00ednica de Direitos Humanos da UFMG","isPartOf":{"@id":"https:\/\/clinicadh.direito.ufmg.br\/#website"},"primaryImageOfPage":{"@id":"https:\/\/clinicadh.direito.ufmg.br\/index.php\/2023\/08\/09\/edital-03-2023-selecao-de-estagiariao-de-direito-2\/#primaryimage"},"image":{"@id":"https:\/\/clinicadh.direito.ufmg.br\/index.php\/2023\/08\/09\/edital-03-2023-selecao-de-estagiariao-de-direito-2\/#primaryimage"},"thumbnailUrl":"https:\/\/clinicadh.direito.ufmg.br\/wp-content\/uploads\/2022\/09\/cdh-foto-de-capa.png","datePublished":"2023-08-09T14:53:46+00:00","breadcrumb":{"@id":"https:\/\/clinicadh.direito.ufmg.br\/index.php\/2023\/08\/09\/edital-03-2023-selecao-de-estagiariao-de-direito-2\/#breadcrumb"},"inLanguage":"pt-BR","potentialAction":[{"@type":"ReadAction","target":["https:\/\/clinicadh.direito.ufmg.br\/index.php\/2023\/08\/09\/edital-03-2023-selecao-de-estagiariao-de-direito-2\/"]}]},{"@type":"ImageObject","inLanguage":"pt-BR","@id":"https:\/\/clinicadh.direito.ufmg.br\/index.php\/2023\/08\/09\/edital-03-2023-selecao-de-estagiariao-de-direito-2\/#primaryimage","url":"https:\/\/clinicadh.direito.ufmg.br\/wp-content\/uploads\/2022\/09\/cdh-foto-de-capa.png","contentUrl":"https:\/\/clinicadh.direito.ufmg.br\/wp-content\/uploads\/2022\/09\/cdh-foto-de-capa.png","width":851,"height":315},{"@type":"BreadcrumbList","@id":"https:\/\/clinicadh.direito.ufmg.br\/index.php\/2023\/08\/09\/edital-03-2023-selecao-de-estagiariao-de-direito-2\/#breadcrumb","itemListElement":[{"@type":"ListItem","position":1,"name":"In\u00edcio","item":"https:\/\/clinicadh.direito.ufmg.br\/"},{"@type":"ListItem","position":2,"name":"EDITAL 03\/2023 Sele\u00e7\u00e3o de Estagi\u00e1ria(o) de Direito"}]},{"@type":"WebSite","@id":"https:\/\/clinicadh.direito.ufmg.br\/#website","url":"https:\/\/clinicadh.direito.ufmg.br\/","name":"Cl\u00ednica de Direitos Humanos da UFMG","description":"Cl\u00ednica de Direitos Humanos da Universidade Federal de Minas Gerais","publisher":{"@id":"https:\/\/clinicadh.direito.ufmg.br\/#organization"},"potentialAction":[{"@type":"SearchAction","target":{"@type":"EntryPoint","urlTemplate":"https:\/\/clinicadh.direito.ufmg.br\/?s={search_term_string}"},"query-input":{"@type":"PropertyValueSpecification","valueRequired":true,"valueName":"search_term_string"}}],"inLanguage":"pt-BR"},{"@type":"Organization","@id":"https:\/\/clinicadh.direito.ufmg.br\/#organization","name":"Cl\u00ednica de Direitos Humanos da UFMG","url":"https:\/\/clinicadh.direito.ufmg.br\/","logo":{"@type":"ImageObject","inLanguage":"pt-BR","@id":"https:\/\/clinicadh.direito.ufmg.br\/#\/schema\/logo\/image\/","url":"https:\/\/clinicadh.direito.ufmg.br\/wp-content\/uploads\/2015\/06\/c.jpg","contentUrl":"https:\/\/clinicadh.direito.ufmg.br\/wp-content\/uploads\/2015\/06\/c.jpg","width":1200,"height":500,"caption":"Cl\u00ednica de Direitos Humanos da UFMG"},"image":{"@id":"https:\/\/clinicadh.direito.ufmg.br\/#\/schema\/logo\/image\/"},"sameAs":["https:\/\/www.facebook.com\/cdhufmg\/?eid=ARBDSQLce69q0_8v--9A5W6uQzSMctjXi-aHCPLj-fZRI0TKZQaBy-H1YgM9D-FJc2tGPQyTyAg3EYce"]},{"@type":"Person","@id":"https:\/\/clinicadh.direito.ufmg.br\/#\/schema\/person\/199b61834219660e4124c6c6d42d70ef","name":"clinicadh","image":{"@type":"ImageObject","inLanguage":"pt-BR","@id":"https:\/\/clinicadh.direito.ufmg.br\/#\/schema\/person\/image\/","url":"https:\/\/secure.gravatar.com\/avatar\/16bc1198b987032b17958ebcf9e07bb521ed2431022e3e5b1944820cd5bb431f?s=96&d=mm&r=g","contentUrl":"https:\/\/secure.gravatar.com\/avatar\/16bc1198b987032b17958ebcf9e07bb521ed2431022e3e5b1944820cd5bb431f?s=96&d=mm&r=g","caption":"clinicadh"}}]}},"_links":{"self":[{"href":"https:\/\/clinicadh.direito.ufmg.br\/index.php\/wp-json\/wp\/v2\/posts\/1826","targetHints":{"allow":["GET"]}}],"collection":[{"href":"https:\/\/clinicadh.direito.ufmg.br\/index.php\/wp-json\/wp\/v2\/posts"}],"about":[{"href":"https:\/\/clinicadh.direito.ufmg.br\/index.php\/wp-json\/wp\/v2\/types\/post"}],"author":[{"embeddable":true,"href":"https:\/\/clinicadh.direito.ufmg.br\/index.php\/wp-json\/wp\/v2\/users\/2"}],"replies":[{"embeddable":true,"href":"https:\/\/clinicadh.direito.ufmg.br\/index.php\/wp-json\/wp\/v2\/comments?post=1826"}],"version-history":[{"count":0,"href":"https:\/\/clinicadh.direito.ufmg.br\/index.php\/wp-json\/wp\/v2\/posts\/1826\/revisions"}],"wp:featuredmedia":[{"embeddable":true,"href":"https:\/\/clinicadh.direito.ufmg.br\/index.php\/wp-json\/wp\/v2\/media\/1752"}],"wp:attachment":[{"href":"https:\/\/clinicadh.direito.ufmg.br\/index.php\/wp-json\/wp\/v2\/media?parent=1826"}],"wp:term":[{"taxonomy":"category","embeddable":true,"href":"https:\/\/clinicadh.direito.ufmg.br\/index.php\/wp-json\/wp\/v2\/categories?post=1826"},{"taxonomy":"post_tag","embeddable":true,"href":"https:\/\/clinicadh.direito.ufmg.br\/index.php\/wp-json\/wp\/v2\/tags?post=1826"}],"curies":[{"name":"wp","href":"https:\/\/api.w.org\/{rel}","templated":true}]}}