{"id":1761,"date":"2022-10-13T12:33:02","date_gmt":"2022-10-13T15:33:02","guid":{"rendered":"https:\/\/clinicadh.direito.ufmg.br\/?p=1761"},"modified":"2024-04-04T09:15:19","modified_gmt":"2024-04-04T12:15:19","slug":"consorcio-observatorio-interamericano","status":"publish","type":"post","link":"https:\/\/clinicadh.direito.ufmg.br\/index.php\/2022\/10\/13\/consorcio-observatorio-interamericano\/","title":{"rendered":"Cons\u00f3rcio-Observat\u00f3rio Interamericano"},"content":{"rendered":"<p>A pesquisa se estruturou em tr\u00eas partes: (I) realiza\u00e7\u00e3o de estudo sobre a atua\u00e7\u00e3o de organiza\u00e7\u00f5es n\u00e3o-governamentais (ONGs) voltadas \u00e0 promo\u00e7\u00e3o dos direitos das crian\u00e7as e adolescentes no Brasil; (II) an\u00e1lise estruturada da Pol\u00edtica Nacional de Prote\u00e7\u00e3o aos Defensores de Direitos Humanos (PNPDDH) e sua aplica\u00e7\u00e3o em \u00e2mbito nacional, com enfoque na prote\u00e7\u00e3o dos profissionais que atuam na defesa dos direitos de crian\u00e7as e adolescentes; e (III) an\u00e1lise do efeito das recomenda\u00e7\u00f5es da Comiss\u00e3o Interamericana sobre direitos das crian\u00e7as e adolescentes nas informa\u00e7\u00f5es produzidas pela m\u00eddia e \u00f3rg\u00e3os estatais, no que se refere a crian\u00e7as e adolescentes.<\/p>\n<p>\u00c9 evidente, portanto, que este relat\u00f3rio \u00e9 necess\u00e1rio e indispens\u00e1vel para a formula\u00e7\u00e3o de pol\u00edticas p\u00fablicas efetivas por parte da Administra\u00e7\u00e3o P\u00fablica, para o mapeamento e o combate das principais car\u00eancias no tema e para a potencializa\u00e7\u00e3o do trabalho desenvolvido pela CIDH em territ\u00f3rio brasileiro.<\/p>\n<p>Acesso da pesquisa completa: <a href=\"http:\/\/Relat\u00f3rio COINTER 2022\">https:\/\/drive.google.com\/drive\/folders\/1Ifv_xInwmo-5FYSKLIY2yfDnj45ETHJV<\/a><\/p>\n<p>(A Cl\u00ednica de Direitos Humanos da UFMG comp\u00f4s o COINTER juntamente com mais 5 grupos de pesquisa das universidades p\u00fablicas brasileiras UFRRJ, UERJ, UFRJ, UFF e UFJF. Para mais informa\u00e7\u00f5es, consulte nosso site e posts anteriores que tratam sobre a tem\u00e1tica e o trabalho desenvolvido pelo eixo de Justi\u00e7a Socioambiental da CdH\/UFMG.)<\/p>\n","protected":false},"excerpt":{"rendered":"<p>A pesquisa se estruturou em tr\u00eas partes: (I) realiza\u00e7\u00e3o de estudo sobre a atua\u00e7\u00e3o de organiza\u00e7\u00f5es n\u00e3o-governamentais (ONGs) voltadas \u00e0 promo\u00e7\u00e3o dos direitos das crian\u00e7as e adolescentes no Brasil; (II) an\u00e1lise estruturada da Pol\u00edtica Nacional de Prote\u00e7\u00e3o aos Defensores de Direitos Humanos (PNPDDH) e sua aplica\u00e7\u00e3o em \u00e2mbito nacional, com enfoque na prote\u00e7\u00e3o dos profissionais que atuam na defesa dos direitos de crian\u00e7as e adolescentes; e (III) an\u00e1lise do efeito das recomenda\u00e7\u00f5es da Comiss\u00e3o Interamericana sobre direitos das crian\u00e7as e adolescentes nas informa\u00e7\u00f5es produzidas pela m\u00eddia e \u00f3rg\u00e3os estatais, no que se refere a crian\u00e7as e adolescentes. \u00c9 evidente, portanto, que este relat\u00f3rio \u00e9 necess\u00e1rio e indispens\u00e1vel para a formula\u00e7\u00e3o de pol\u00edticas p\u00fablicas efetivas por parte da Administra\u00e7\u00e3o P\u00fablica, para o mapeamento e o combate das principais car\u00eancias no tema e para a potencializa\u00e7\u00e3o do trabalho desenvolvido pela CIDH em territ\u00f3rio brasileiro. Acesso da pesquisa completa: https:\/\/drive.google.com\/drive\/folders\/1Ifv_xInwmo-5FYSKLIY2yfDnj45ETHJV (A Cl\u00ednica de Direitos Humanos da UFMG comp\u00f4s o COINTER juntamente com mais 5 grupos de pesquisa das universidades p\u00fablicas brasileiras UFRRJ, UERJ, UFRJ, UFF e UFJF. Para mais informa\u00e7\u00f5es, consulte nosso site e posts anteriores que tratam sobre a tem\u00e1tica e o trabalho desenvolvido pelo eixo de Justi\u00e7a Socioambiental da CdH\/UFMG.)<\/p>\n","protected":false},"author":2,"featured_media":1762,"comment_status":"closed","ping_status":"closed","sticky":false,"template":"","format":"standard","meta":{"footnotes":""},"categories":[56],"tags":[9,20,12],"class_list":["post-1761","post","type-post","status-publish","format-standard","has-post-thumbnail","hentry","category-artigos","tag-cdh","tag-clinica-ufmg","tag-ufmg"],"yoast_head":"<!-- This site is optimized with the Yoast SEO plugin v25.3 - https:\/\/yoast.com\/wordpress\/plugins\/seo\/ -->\n<title>Cons\u00f3rcio-Observat\u00f3rio Interamericano - Cl\u00ednica de Direitos Humanos da UFMG<\/title>\n<meta name=\"robots\" content=\"index, follow, max-snippet:-1, max-image-preview:large, max-video-preview:-1\" \/>\n<link rel=\"canonical\" href=\"https:\/\/clinicadh.direito.ufmg.br\/index.php\/2022\/10\/13\/consorcio-observatorio-interamericano\/\" \/>\n<meta property=\"og:locale\" content=\"pt_BR\" \/>\n<meta property=\"og:type\" content=\"article\" \/>\n<meta property=\"og:title\" content=\"Cons\u00f3rcio-Observat\u00f3rio Interamericano - Cl\u00ednica de Direitos Humanos da UFMG\" \/>\n<meta property=\"og:description\" content=\"A pesquisa se estruturou em tr\u00eas partes: (I) realiza\u00e7\u00e3o de estudo sobre a atua\u00e7\u00e3o de organiza\u00e7\u00f5es n\u00e3o-governamentais (ONGs) voltadas \u00e0 promo\u00e7\u00e3o dos direitos das crian\u00e7as e adolescentes no Brasil; (II) an\u00e1lise estruturada da Pol\u00edtica Nacional de Prote\u00e7\u00e3o aos Defensores de Direitos Humanos (PNPDDH) e sua aplica\u00e7\u00e3o em \u00e2mbito nacional, com enfoque na prote\u00e7\u00e3o dos profissionais que atuam na defesa dos direitos de crian\u00e7as e adolescentes; e (III) an\u00e1lise do efeito das recomenda\u00e7\u00f5es da Comiss\u00e3o Interamericana sobre direitos das crian\u00e7as e adolescentes nas informa\u00e7\u00f5es produzidas pela m\u00eddia e \u00f3rg\u00e3os estatais, no que se refere a crian\u00e7as e adolescentes. \u00c9 evidente, portanto, que este relat\u00f3rio \u00e9 necess\u00e1rio e indispens\u00e1vel para a formula\u00e7\u00e3o de pol\u00edticas p\u00fablicas efetivas por parte da Administra\u00e7\u00e3o P\u00fablica, para o mapeamento e o combate das principais car\u00eancias no tema e para a potencializa\u00e7\u00e3o do trabalho desenvolvido pela CIDH em territ\u00f3rio brasileiro. Acesso da pesquisa completa: https:\/\/drive.google.com\/drive\/folders\/1Ifv_xInwmo-5FYSKLIY2yfDnj45ETHJV (A Cl\u00ednica de Direitos Humanos da UFMG comp\u00f4s o COINTER juntamente com mais 5 grupos de pesquisa das universidades p\u00fablicas brasileiras UFRRJ, UERJ, UFRJ, UFF e UFJF. Para mais informa\u00e7\u00f5es, consulte nosso site e posts anteriores que tratam sobre a tem\u00e1tica e o trabalho desenvolvido pelo eixo de Justi\u00e7a Socioambiental da CdH\/UFMG.)\" \/>\n<meta property=\"og:url\" content=\"https:\/\/clinicadh.direito.ufmg.br\/index.php\/2022\/10\/13\/consorcio-observatorio-interamericano\/\" \/>\n<meta property=\"og:site_name\" content=\"Cl\u00ednica de Direitos Humanos da UFMG\" \/>\n<meta property=\"article:publisher\" content=\"https:\/\/www.facebook.com\/cdhufmg\/?eid=ARBDSQLce69q0_8v--9A5W6uQzSMctjXi-aHCPLj-fZRI0TKZQaBy-H1YgM9D-FJc2tGPQyTyAg3EYce\" \/>\n<meta property=\"article:published_time\" content=\"2022-10-13T15:33:02+00:00\" \/>\n<meta property=\"article:modified_time\" content=\"2024-04-04T12:15:19+00:00\" \/>\n<meta property=\"og:image\" content=\"https:\/\/clinicadh.direito.ufmg.br\/wp-content\/uploads\/2022\/10\/Pesquisa2-800x900.png\" \/>\n\t<meta property=\"og:image:width\" content=\"800\" \/>\n\t<meta property=\"og:image:height\" content=\"900\" \/>\n\t<meta property=\"og:image:type\" content=\"image\/png\" \/>\n<meta name=\"author\" content=\"clinicadh\" \/>\n<meta name=\"twitter:card\" content=\"summary_large_image\" \/>\n<meta name=\"twitter:label1\" content=\"Escrito por\" \/>\n\t<meta name=\"twitter:data1\" content=\"clinicadh\" \/>\n\t<meta name=\"twitter:label2\" content=\"Est. tempo de leitura\" \/>\n\t<meta name=\"twitter:data2\" content=\"2 minutos\" \/>\n<script type=\"application\/ld+json\" class=\"yoast-schema-graph\">{\"@context\":\"https:\/\/schema.org\",\"@graph\":[{\"@type\":\"Article\",\"@id\":\"https:\/\/clinicadh.direito.ufmg.br\/index.php\/2022\/10\/13\/consorcio-observatorio-interamericano\/#article\",\"isPartOf\":{\"@id\":\"https:\/\/clinicadh.direito.ufmg.br\/index.php\/2022\/10\/13\/consorcio-observatorio-interamericano\/\"},\"author\":{\"name\":\"clinicadh\",\"@id\":\"https:\/\/clinicadh.direito.ufmg.br\/#\/schema\/person\/199b61834219660e4124c6c6d42d70ef\"},\"headline\":\"Cons\u00f3rcio-Observat\u00f3rio Interamericano\",\"datePublished\":\"2022-10-13T15:33:02+00:00\",\"dateModified\":\"2024-04-04T12:15:19+00:00\",\"mainEntityOfPage\":{\"@id\":\"https:\/\/clinicadh.direito.ufmg.br\/index.php\/2022\/10\/13\/consorcio-observatorio-interamericano\/\"},\"wordCount\":248,\"publisher\":{\"@id\":\"https:\/\/clinicadh.direito.ufmg.br\/#organization\"},\"image\":{\"@id\":\"https:\/\/clinicadh.direito.ufmg.br\/index.php\/2022\/10\/13\/consorcio-observatorio-interamericano\/#primaryimage\"},\"thumbnailUrl\":\"https:\/\/clinicadh.direito.ufmg.br\/wp-content\/uploads\/2022\/10\/Pesquisa2.png\",\"keywords\":[\"CdH\",\"Cl\u00ednica UFMG\",\"UFMG\"],\"articleSection\":[\"Artigos\"],\"inLanguage\":\"pt-BR\"},{\"@type\":\"WebPage\",\"@id\":\"https:\/\/clinicadh.direito.ufmg.br\/index.php\/2022\/10\/13\/consorcio-observatorio-interamericano\/\",\"url\":\"https:\/\/clinicadh.direito.ufmg.br\/index.php\/2022\/10\/13\/consorcio-observatorio-interamericano\/\",\"name\":\"Cons\u00f3rcio-Observat\u00f3rio Interamericano - Cl\u00ednica de Direitos Humanos da UFMG\",\"isPartOf\":{\"@id\":\"https:\/\/clinicadh.direito.ufmg.br\/#website\"},\"primaryImageOfPage\":{\"@id\":\"https:\/\/clinicadh.direito.ufmg.br\/index.php\/2022\/10\/13\/consorcio-observatorio-interamericano\/#primaryimage\"},\"image\":{\"@id\":\"https:\/\/clinicadh.direito.ufmg.br\/index.php\/2022\/10\/13\/consorcio-observatorio-interamericano\/#primaryimage\"},\"thumbnailUrl\":\"https:\/\/clinicadh.direito.ufmg.br\/wp-content\/uploads\/2022\/10\/Pesquisa2.png\",\"datePublished\":\"2022-10-13T15:33:02+00:00\",\"dateModified\":\"2024-04-04T12:15:19+00:00\",\"breadcrumb\":{\"@id\":\"https:\/\/clinicadh.direito.ufmg.br\/index.php\/2022\/10\/13\/consorcio-observatorio-interamericano\/#breadcrumb\"},\"inLanguage\":\"pt-BR\",\"potentialAction\":[{\"@type\":\"ReadAction\",\"target\":[\"https:\/\/clinicadh.direito.ufmg.br\/index.php\/2022\/10\/13\/consorcio-observatorio-interamericano\/\"]}]},{\"@type\":\"ImageObject\",\"inLanguage\":\"pt-BR\",\"@id\":\"https:\/\/clinicadh.direito.ufmg.br\/index.php\/2022\/10\/13\/consorcio-observatorio-interamericano\/#primaryimage\",\"url\":\"https:\/\/clinicadh.direito.ufmg.br\/wp-content\/uploads\/2022\/10\/Pesquisa2.png\",\"contentUrl\":\"https:\/\/clinicadh.direito.ufmg.br\/wp-content\/uploads\/2022\/10\/Pesquisa2.png\",\"width\":4000,\"height\":4500},{\"@type\":\"BreadcrumbList\",\"@id\":\"https:\/\/clinicadh.direito.ufmg.br\/index.php\/2022\/10\/13\/consorcio-observatorio-interamericano\/#breadcrumb\",\"itemListElement\":[{\"@type\":\"ListItem\",\"position\":1,\"name\":\"In\u00edcio\",\"item\":\"https:\/\/clinicadh.direito.ufmg.br\/\"},{\"@type\":\"ListItem\",\"position\":2,\"name\":\"Cons\u00f3rcio-Observat\u00f3rio Interamericano\"}]},{\"@type\":\"WebSite\",\"@id\":\"https:\/\/clinicadh.direito.ufmg.br\/#website\",\"url\":\"https:\/\/clinicadh.direito.ufmg.br\/\",\"name\":\"Cl\u00ednica de Direitos Humanos da UFMG\",\"description\":\"Cl\u00ednica de Direitos Humanos da Universidade Federal de Minas Gerais\",\"publisher\":{\"@id\":\"https:\/\/clinicadh.direito.ufmg.br\/#organization\"},\"potentialAction\":[{\"@type\":\"SearchAction\",\"target\":{\"@type\":\"EntryPoint\",\"urlTemplate\":\"https:\/\/clinicadh.direito.ufmg.br\/?s={search_term_string}\"},\"query-input\":{\"@type\":\"PropertyValueSpecification\",\"valueRequired\":true,\"valueName\":\"search_term_string\"}}],\"inLanguage\":\"pt-BR\"},{\"@type\":\"Organization\",\"@id\":\"https:\/\/clinicadh.direito.ufmg.br\/#organization\",\"name\":\"Cl\u00ednica de Direitos Humanos da UFMG\",\"url\":\"https:\/\/clinicadh.direito.ufmg.br\/\",\"logo\":{\"@type\":\"ImageObject\",\"inLanguage\":\"pt-BR\",\"@id\":\"https:\/\/clinicadh.direito.ufmg.br\/#\/schema\/logo\/image\/\",\"url\":\"https:\/\/clinicadh.direito.ufmg.br\/wp-content\/uploads\/2015\/06\/c.jpg\",\"contentUrl\":\"https:\/\/clinicadh.direito.ufmg.br\/wp-content\/uploads\/2015\/06\/c.jpg\",\"width\":1200,\"height\":500,\"caption\":\"Cl\u00ednica de Direitos Humanos da UFMG\"},\"image\":{\"@id\":\"https:\/\/clinicadh.direito.ufmg.br\/#\/schema\/logo\/image\/\"},\"sameAs\":[\"https:\/\/www.facebook.com\/cdhufmg\/?eid=ARBDSQLce69q0_8v--9A5W6uQzSMctjXi-aHCPLj-fZRI0TKZQaBy-H1YgM9D-FJc2tGPQyTyAg3EYce\"]},{\"@type\":\"Person\",\"@id\":\"https:\/\/clinicadh.direito.ufmg.br\/#\/schema\/person\/199b61834219660e4124c6c6d42d70ef\",\"name\":\"clinicadh\",\"image\":{\"@type\":\"ImageObject\",\"inLanguage\":\"pt-BR\",\"@id\":\"https:\/\/clinicadh.direito.ufmg.br\/#\/schema\/person\/image\/\",\"url\":\"https:\/\/secure.gravatar.com\/avatar\/16bc1198b987032b17958ebcf9e07bb521ed2431022e3e5b1944820cd5bb431f?s=96&d=mm&r=g\",\"contentUrl\":\"https:\/\/secure.gravatar.com\/avatar\/16bc1198b987032b17958ebcf9e07bb521ed2431022e3e5b1944820cd5bb431f?s=96&d=mm&r=g\",\"caption\":\"clinicadh\"}}]}<\/script>\n<!-- \/ Yoast SEO plugin. -->","yoast_head_json":{"title":"Cons\u00f3rcio-Observat\u00f3rio Interamericano - Cl\u00ednica de Direitos Humanos da UFMG","robots":{"index":"index","follow":"follow","max-snippet":"max-snippet:-1","max-image-preview":"max-image-preview:large","max-video-preview":"max-video-preview:-1"},"canonical":"https:\/\/clinicadh.direito.ufmg.br\/index.php\/2022\/10\/13\/consorcio-observatorio-interamericano\/","og_locale":"pt_BR","og_type":"article","og_title":"Cons\u00f3rcio-Observat\u00f3rio Interamericano - Cl\u00ednica de Direitos Humanos da UFMG","og_description":"A pesquisa se estruturou em tr\u00eas partes: (I) realiza\u00e7\u00e3o de estudo sobre a atua\u00e7\u00e3o de organiza\u00e7\u00f5es n\u00e3o-governamentais (ONGs) voltadas \u00e0 promo\u00e7\u00e3o dos direitos das crian\u00e7as e adolescentes no Brasil; (II) an\u00e1lise estruturada da Pol\u00edtica Nacional de Prote\u00e7\u00e3o aos Defensores de Direitos Humanos (PNPDDH) e sua aplica\u00e7\u00e3o em \u00e2mbito nacional, com enfoque na prote\u00e7\u00e3o dos profissionais que atuam na defesa dos direitos de crian\u00e7as e adolescentes; e (III) an\u00e1lise do efeito das recomenda\u00e7\u00f5es da Comiss\u00e3o Interamericana sobre direitos das crian\u00e7as e adolescentes nas informa\u00e7\u00f5es produzidas pela m\u00eddia e \u00f3rg\u00e3os estatais, no que se refere a crian\u00e7as e adolescentes. \u00c9 evidente, portanto, que este relat\u00f3rio \u00e9 necess\u00e1rio e indispens\u00e1vel para a formula\u00e7\u00e3o de pol\u00edticas p\u00fablicas efetivas por parte da Administra\u00e7\u00e3o P\u00fablica, para o mapeamento e o combate das principais car\u00eancias no tema e para a potencializa\u00e7\u00e3o do trabalho desenvolvido pela CIDH em territ\u00f3rio brasileiro. Acesso da pesquisa completa: https:\/\/drive.google.com\/drive\/folders\/1Ifv_xInwmo-5FYSKLIY2yfDnj45ETHJV (A Cl\u00ednica de Direitos Humanos da UFMG comp\u00f4s o COINTER juntamente com mais 5 grupos de pesquisa das universidades p\u00fablicas brasileiras UFRRJ, UERJ, UFRJ, UFF e UFJF. Para mais informa\u00e7\u00f5es, consulte nosso site e posts anteriores que tratam sobre a tem\u00e1tica e o trabalho desenvolvido pelo eixo de Justi\u00e7a Socioambiental da CdH\/UFMG.)","og_url":"https:\/\/clinicadh.direito.ufmg.br\/index.php\/2022\/10\/13\/consorcio-observatorio-interamericano\/","og_site_name":"Cl\u00ednica de Direitos Humanos da UFMG","article_publisher":"https:\/\/www.facebook.com\/cdhufmg\/?eid=ARBDSQLce69q0_8v--9A5W6uQzSMctjXi-aHCPLj-fZRI0TKZQaBy-H1YgM9D-FJc2tGPQyTyAg3EYce","article_published_time":"2022-10-13T15:33:02+00:00","article_modified_time":"2024-04-04T12:15:19+00:00","og_image":[{"width":800,"height":900,"url":"https:\/\/clinicadh.direito.ufmg.br\/wp-content\/uploads\/2022\/10\/Pesquisa2-800x900.png","type":"image\/png"}],"author":"clinicadh","twitter_card":"summary_large_image","twitter_misc":{"Escrito por":"clinicadh","Est. tempo de leitura":"2 minutos"},"schema":{"@context":"https:\/\/schema.org","@graph":[{"@type":"Article","@id":"https:\/\/clinicadh.direito.ufmg.br\/index.php\/2022\/10\/13\/consorcio-observatorio-interamericano\/#article","isPartOf":{"@id":"https:\/\/clinicadh.direito.ufmg.br\/index.php\/2022\/10\/13\/consorcio-observatorio-interamericano\/"},"author":{"name":"clinicadh","@id":"https:\/\/clinicadh.direito.ufmg.br\/#\/schema\/person\/199b61834219660e4124c6c6d42d70ef"},"headline":"Cons\u00f3rcio-Observat\u00f3rio Interamericano","datePublished":"2022-10-13T15:33:02+00:00","dateModified":"2024-04-04T12:15:19+00:00","mainEntityOfPage":{"@id":"https:\/\/clinicadh.direito.ufmg.br\/index.php\/2022\/10\/13\/consorcio-observatorio-interamericano\/"},"wordCount":248,"publisher":{"@id":"https:\/\/clinicadh.direito.ufmg.br\/#organization"},"image":{"@id":"https:\/\/clinicadh.direito.ufmg.br\/index.php\/2022\/10\/13\/consorcio-observatorio-interamericano\/#primaryimage"},"thumbnailUrl":"https:\/\/clinicadh.direito.ufmg.br\/wp-content\/uploads\/2022\/10\/Pesquisa2.png","keywords":["CdH","Cl\u00ednica UFMG","UFMG"],"articleSection":["Artigos"],"inLanguage":"pt-BR"},{"@type":"WebPage","@id":"https:\/\/clinicadh.direito.ufmg.br\/index.php\/2022\/10\/13\/consorcio-observatorio-interamericano\/","url":"https:\/\/clinicadh.direito.ufmg.br\/index.php\/2022\/10\/13\/consorcio-observatorio-interamericano\/","name":"Cons\u00f3rcio-Observat\u00f3rio Interamericano - Cl\u00ednica de Direitos Humanos da UFMG","isPartOf":{"@id":"https:\/\/clinicadh.direito.ufmg.br\/#website"},"primaryImageOfPage":{"@id":"https:\/\/clinicadh.direito.ufmg.br\/index.php\/2022\/10\/13\/consorcio-observatorio-interamericano\/#primaryimage"},"image":{"@id":"https:\/\/clinicadh.direito.ufmg.br\/index.php\/2022\/10\/13\/consorcio-observatorio-interamericano\/#primaryimage"},"thumbnailUrl":"https:\/\/clinicadh.direito.ufmg.br\/wp-content\/uploads\/2022\/10\/Pesquisa2.png","datePublished":"2022-10-13T15:33:02+00:00","dateModified":"2024-04-04T12:15:19+00:00","breadcrumb":{"@id":"https:\/\/clinicadh.direito.ufmg.br\/index.php\/2022\/10\/13\/consorcio-observatorio-interamericano\/#breadcrumb"},"inLanguage":"pt-BR","potentialAction":[{"@type":"ReadAction","target":["https:\/\/clinicadh.direito.ufmg.br\/index.php\/2022\/10\/13\/consorcio-observatorio-interamericano\/"]}]},{"@type":"ImageObject","inLanguage":"pt-BR","@id":"https:\/\/clinicadh.direito.ufmg.br\/index.php\/2022\/10\/13\/consorcio-observatorio-interamericano\/#primaryimage","url":"https:\/\/clinicadh.direito.ufmg.br\/wp-content\/uploads\/2022\/10\/Pesquisa2.png","contentUrl":"https:\/\/clinicadh.direito.ufmg.br\/wp-content\/uploads\/2022\/10\/Pesquisa2.png","width":4000,"height":4500},{"@type":"BreadcrumbList","@id":"https:\/\/clinicadh.direito.ufmg.br\/index.php\/2022\/10\/13\/consorcio-observatorio-interamericano\/#breadcrumb","itemListElement":[{"@type":"ListItem","position":1,"name":"In\u00edcio","item":"https:\/\/clinicadh.direito.ufmg.br\/"},{"@type":"ListItem","position":2,"name":"Cons\u00f3rcio-Observat\u00f3rio Interamericano"}]},{"@type":"WebSite","@id":"https:\/\/clinicadh.direito.ufmg.br\/#website","url":"https:\/\/clinicadh.direito.ufmg.br\/","name":"Cl\u00ednica de Direitos Humanos da UFMG","description":"Cl\u00ednica de Direitos Humanos da Universidade Federal de Minas Gerais","publisher":{"@id":"https:\/\/clinicadh.direito.ufmg.br\/#organization"},"potentialAction":[{"@type":"SearchAction","target":{"@type":"EntryPoint","urlTemplate":"https:\/\/clinicadh.direito.ufmg.br\/?s={search_term_string}"},"query-input":{"@type":"PropertyValueSpecification","valueRequired":true,"valueName":"search_term_string"}}],"inLanguage":"pt-BR"},{"@type":"Organization","@id":"https:\/\/clinicadh.direito.ufmg.br\/#organization","name":"Cl\u00ednica de Direitos Humanos da UFMG","url":"https:\/\/clinicadh.direito.ufmg.br\/","logo":{"@type":"ImageObject","inLanguage":"pt-BR","@id":"https:\/\/clinicadh.direito.ufmg.br\/#\/schema\/logo\/image\/","url":"https:\/\/clinicadh.direito.ufmg.br\/wp-content\/uploads\/2015\/06\/c.jpg","contentUrl":"https:\/\/clinicadh.direito.ufmg.br\/wp-content\/uploads\/2015\/06\/c.jpg","width":1200,"height":500,"caption":"Cl\u00ednica de Direitos Humanos da UFMG"},"image":{"@id":"https:\/\/clinicadh.direito.ufmg.br\/#\/schema\/logo\/image\/"},"sameAs":["https:\/\/www.facebook.com\/cdhufmg\/?eid=ARBDSQLce69q0_8v--9A5W6uQzSMctjXi-aHCPLj-fZRI0TKZQaBy-H1YgM9D-FJc2tGPQyTyAg3EYce"]},{"@type":"Person","@id":"https:\/\/clinicadh.direito.ufmg.br\/#\/schema\/person\/199b61834219660e4124c6c6d42d70ef","name":"clinicadh","image":{"@type":"ImageObject","inLanguage":"pt-BR","@id":"https:\/\/clinicadh.direito.ufmg.br\/#\/schema\/person\/image\/","url":"https:\/\/secure.gravatar.com\/avatar\/16bc1198b987032b17958ebcf9e07bb521ed2431022e3e5b1944820cd5bb431f?s=96&d=mm&r=g","contentUrl":"https:\/\/secure.gravatar.com\/avatar\/16bc1198b987032b17958ebcf9e07bb521ed2431022e3e5b1944820cd5bb431f?s=96&d=mm&r=g","caption":"clinicadh"}}]}},"_links":{"self":[{"href":"https:\/\/clinicadh.direito.ufmg.br\/index.php\/wp-json\/wp\/v2\/posts\/1761","targetHints":{"allow":["GET"]}}],"collection":[{"href":"https:\/\/clinicadh.direito.ufmg.br\/index.php\/wp-json\/wp\/v2\/posts"}],"about":[{"href":"https:\/\/clinicadh.direito.ufmg.br\/index.php\/wp-json\/wp\/v2\/types\/post"}],"author":[{"embeddable":true,"href":"https:\/\/clinicadh.direito.ufmg.br\/index.php\/wp-json\/wp\/v2\/users\/2"}],"replies":[{"embeddable":true,"href":"https:\/\/clinicadh.direito.ufmg.br\/index.php\/wp-json\/wp\/v2\/comments?post=1761"}],"version-history":[{"count":1,"href":"https:\/\/clinicadh.direito.ufmg.br\/index.php\/wp-json\/wp\/v2\/posts\/1761\/revisions"}],"predecessor-version":[{"id":1869,"href":"https:\/\/clinicadh.direito.ufmg.br\/index.php\/wp-json\/wp\/v2\/posts\/1761\/revisions\/1869"}],"wp:featuredmedia":[{"embeddable":true,"href":"https:\/\/clinicadh.direito.ufmg.br\/index.php\/wp-json\/wp\/v2\/media\/1762"}],"wp:attachment":[{"href":"https:\/\/clinicadh.direito.ufmg.br\/index.php\/wp-json\/wp\/v2\/media?parent=1761"}],"wp:term":[{"taxonomy":"category","embeddable":true,"href":"https:\/\/clinicadh.direito.ufmg.br\/index.php\/wp-json\/wp\/v2\/categories?post=1761"},{"taxonomy":"post_tag","embeddable":true,"href":"https:\/\/clinicadh.direito.ufmg.br\/index.php\/wp-json\/wp\/v2\/tags?post=1761"}],"curies":[{"name":"wp","href":"https:\/\/api.w.org\/{rel}","templated":true}]}}