{"id":1727,"date":"2022-05-27T15:21:27","date_gmt":"2022-05-27T18:21:27","guid":{"rendered":"https:\/\/clinicadh.direito.ufmg.br\/?p=1727"},"modified":"2022-08-17T16:35:17","modified_gmt":"2022-08-17T19:35:17","slug":"vi-forum-nacional-de-clinicas-juridicas","status":"publish","type":"post","link":"https:\/\/clinicadh.direito.ufmg.br\/index.php\/2022\/05\/27\/vi-forum-nacional-de-clinicas-juridicas\/","title":{"rendered":"VI F\u00f3rum Nacional de Cl\u00ednicas Jur\u00eddicas"},"content":{"rendered":"<p>A Cl\u00ednica de Direitos Humanos da Universidade Federal de Minas Gerais (CdH|UFMG) promove o VI F\u00f3rum Nacional de Cl\u00ednicas Jur\u00eddicas no Brasil junto ao XIII Encontro da Rede Amaz\u00f4nica de Cl\u00ednicas de Direitos Humanos.<\/p>\n<p>&nbsp;<\/p>\n<p>Ap\u00f3s anos de isolamento social pela pandemia de Covid-19, o evento ocorrer\u00e1 de 31 de agosto a 02 de setembro de 2022, presencialmente, na Faculdade de Direito da Universidade Federal de Minas Gerais. Dando seguimento aos desenvolvimentos dos anos anteriores, o F\u00f3rum pretende capacitar docentes e discentes para trabalhar com cl\u00ednicas jur\u00eddicas, discutindo as principais caracter\u00edsticas dessa metodologia de ensino jur\u00eddico e estimulando o compartilhamento de experi\u00eancias.<\/p>\n<p>&nbsp;<\/p>\n<p>Nesse sentido, ser\u00e3o tratados os potenciais das cl\u00ednicas jur\u00eddicas como propulsoras do fortalecimento democr\u00e1tico, experi\u00eancias em lit\u00edgio estrat\u00e9gico judicial nacional e internacional, ferramentas extrajudiciais, pr\u00e1ticas de forma\u00e7\u00e3o, comunica\u00e7\u00e3o, advocacy, fomento e acompanhamento de pol\u00edticas p\u00fablicas, estrat\u00e9gias de sensibiliza\u00e7\u00e3o e de populariza\u00e7\u00e3o do saber jur\u00eddico. Todas essas ferramentas como forma de ampliar a concretiza\u00e7\u00e3o de direitos humanos e a garantia de amplia\u00e7\u00e3o de acesso \u00e0 justi\u00e7a social efetiva.<\/p>\n<p>&nbsp;<\/p>\n<p>A partir de pain\u00e9is e minicursos, especialistas na atua\u00e7\u00e3o de cl\u00ednicas jur\u00eddicas brasileiras e internacionais compartilhar\u00e3o conhecimento e experi\u00eancia. Al\u00e9m disso, os participantes ter\u00e3o oportunidade de apresentar seus trabalhos em sess\u00f5es tem\u00e1ticas, com posterior publica\u00e7\u00e3o nos anais do evento.<\/p>\n<p>&nbsp;<\/p>\n<p>Link do evento: https:\/\/vifncj.redeclinicasjuridicas.com.br\/<\/p>\n<p>Link de inscri\u00e7\u00e3o para o evento: https:\/\/www.sympla.com.br\/evento\/vi-forum-nacional-de-clinicas-juridicas\/1625892<\/p>\n<p>&nbsp;<\/p>\n<p>Coordena\u00e7\u00e3o cient\u00edfica:<\/p>\n<p>Prof\u00aa Dra. Juliana Cesario Alvim Gomes (UFMG)<\/p>\n<p>Profa. Ms. Julia Silva Vidal (UFJF \/ CdH\/UFMG)<\/p>\n<p>Prof\u00aa Ms. Let\u00edcia Soares Peixoto Aleixo (Milton Campos \/ CdH\/UFMG)<\/p>\n<p>Dra. Daniella Monteiro de Lima Borges (CdH\/UFMG)<\/p>\n<p>&nbsp;<\/p>\n<p>Organiza\u00e7\u00e3o:<\/p>\n<p>&nbsp;<\/p>\n<p>Clara Viana Lage Meirelles<\/p>\n<p>Cynthia Santos Menezes<\/p>\n<p>\u00cdsis Alvim Machado Faria<\/p>\n<p>Jo\u00e3o Pedro Martins<\/p>\n<p>Marina Cordeiro Ara\u00fajo Machado<\/p>\n<p>Nath\u00e1lia Silvestre Lana Dutra<\/p>\n<p>Nataly Aparecida Campolina<\/p>\n<p>Pablo Martins Fontes da Silva<\/p>\n<p>Maria da Gl\u00f3ria Bohrer Antonio<\/p>\n<p>Thabata Pena Pereira<\/p>\n<p>Vinicius Henrique Silva de Almeida<\/p>\n<p>&nbsp;<\/p>\n<p>Realiza\u00e7\u00e3o:<\/p>\n<p>Cl\u00ednica de Direitos Humanos da Universidade Federal de Minas Gerais<\/p>\n<p>&nbsp;<\/p>\n<p>Fomento:<\/p>\n<p>Fapemig<\/p>\n<p>Amigos da Vetusta<\/p>\n<p>DKA \u00c1ustria<\/p>\n<p>&nbsp;<\/p>\n<p>&nbsp;<\/p>\n","protected":false},"excerpt":{"rendered":"<p>A Cl\u00ednica de Direitos Humanos da Universidade Federal de Minas Gerais (CdH|UFMG) promove o VI F\u00f3rum Nacional de Cl\u00ednicas Jur\u00eddicas no Brasil junto ao XIII Encontro da Rede Amaz\u00f4nica de Cl\u00ednicas de Direitos Humanos. &nbsp; Ap\u00f3s anos de isolamento social pela pandemia de Covid-19, o evento ocorrer\u00e1 de 31 de agosto a 02 de setembro de 2022, presencialmente, na Faculdade de Direito da Universidade Federal de Minas Gerais. Dando seguimento aos desenvolvimentos dos anos anteriores, o F\u00f3rum pretende capacitar docentes e discentes para trabalhar com cl\u00ednicas jur\u00eddicas, discutindo as principais caracter\u00edsticas dessa metodologia de ensino jur\u00eddico e estimulando o compartilhamento de experi\u00eancias. &nbsp; Nesse sentido, ser\u00e3o tratados os potenciais das cl\u00ednicas jur\u00eddicas como propulsoras do fortalecimento democr\u00e1tico, experi\u00eancias em lit\u00edgio estrat\u00e9gico judicial nacional e internacional, ferramentas extrajudiciais, pr\u00e1ticas de forma\u00e7\u00e3o, comunica\u00e7\u00e3o, advocacy, fomento e acompanhamento de pol\u00edticas p\u00fablicas, estrat\u00e9gias de sensibiliza\u00e7\u00e3o e de populariza\u00e7\u00e3o do saber jur\u00eddico. Todas essas ferramentas como forma de ampliar a concretiza\u00e7\u00e3o de direitos humanos e a garantia de amplia\u00e7\u00e3o de acesso \u00e0 justi\u00e7a social efetiva. &nbsp; A partir de pain\u00e9is e minicursos, especialistas na atua\u00e7\u00e3o de cl\u00ednicas jur\u00eddicas brasileiras e internacionais compartilhar\u00e3o conhecimento e experi\u00eancia. Al\u00e9m disso, os participantes ter\u00e3o oportunidade de apresentar seus trabalhos em sess\u00f5es tem\u00e1ticas, com posterior publica\u00e7\u00e3o nos anais do evento. &nbsp; Link do evento: https:\/\/vifncj.redeclinicasjuridicas.com.br\/ Link de inscri\u00e7\u00e3o para o evento: https:\/\/www.sympla.com.br\/evento\/vi-forum-nacional-de-clinicas-juridicas\/1625892 &nbsp; Coordena\u00e7\u00e3o cient\u00edfica: Prof\u00aa Dra. Juliana Cesario Alvim Gomes (UFMG) Profa. Ms. Julia Silva Vidal (UFJF \/ CdH\/UFMG) Prof\u00aa Ms. Let\u00edcia Soares Peixoto Aleixo (Milton Campos \/ CdH\/UFMG) Dra. Daniella Monteiro de Lima Borges (CdH\/UFMG) &nbsp; Organiza\u00e7\u00e3o: &nbsp; Clara Viana Lage Meirelles Cynthia Santos Menezes \u00cdsis Alvim Machado Faria Jo\u00e3o Pedro Martins Marina Cordeiro Ara\u00fajo Machado Nath\u00e1lia Silvestre Lana Dutra Nataly Aparecida Campolina Pablo Martins Fontes da Silva Maria da Gl\u00f3ria Bohrer Antonio Thabata Pena Pereira Vinicius Henrique Silva de Almeida &nbsp; Realiza\u00e7\u00e3o: Cl\u00ednica de Direitos Humanos da Universidade Federal de Minas Gerais &nbsp; Fomento: Fapemig Amigos da Vetusta DKA \u00c1ustria &nbsp; &nbsp;<\/p>\n","protected":false},"author":2,"featured_media":1728,"comment_status":"open","ping_status":"closed","sticky":false,"template":"","format":"standard","meta":{"footnotes":""},"categories":[62,55],"tags":[9,20,22,4,12],"class_list":["post-1727","post","type-post","status-publish","format-standard","has-post-thumbnail","hentry","category-destaque","category-selecao","tag-cdh","tag-clinica-ufmg","tag-edital","tag-eventos","tag-ufmg"],"yoast_head":"<!-- This site is optimized with the Yoast SEO plugin v25.3 - https:\/\/yoast.com\/wordpress\/plugins\/seo\/ -->\n<title>VI F\u00f3rum Nacional de Cl\u00ednicas Jur\u00eddicas - Cl\u00ednica de Direitos Humanos da UFMG<\/title>\n<meta name=\"description\" content=\"O VI F\u00f3rum Nacional de Cl\u00ednicas Jur\u00eddicas ser\u00e1 sediado na UFMG!\" \/>\n<meta name=\"robots\" content=\"index, follow, max-snippet:-1, max-image-preview:large, max-video-preview:-1\" \/>\n<link rel=\"canonical\" href=\"https:\/\/clinicadh.direito.ufmg.br\/index.php\/2022\/05\/27\/vi-forum-nacional-de-clinicas-juridicas\/\" \/>\n<meta property=\"og:locale\" content=\"pt_BR\" \/>\n<meta property=\"og:type\" content=\"article\" \/>\n<meta property=\"og:title\" content=\"VI F\u00f3rum Nacional de Cl\u00ednicas Jur\u00eddicas - Cl\u00ednica de Direitos Humanos da UFMG\" \/>\n<meta property=\"og:description\" content=\"O VI F\u00f3rum Nacional de Cl\u00ednicas Jur\u00eddicas ser\u00e1 sediado na UFMG!\" \/>\n<meta property=\"og:url\" content=\"https:\/\/clinicadh.direito.ufmg.br\/index.php\/2022\/05\/27\/vi-forum-nacional-de-clinicas-juridicas\/\" \/>\n<meta property=\"og:site_name\" content=\"Cl\u00ednica de Direitos Humanos da UFMG\" \/>\n<meta property=\"article:publisher\" content=\"https:\/\/www.facebook.com\/cdhufmg\/?eid=ARBDSQLce69q0_8v--9A5W6uQzSMctjXi-aHCPLj-fZRI0TKZQaBy-H1YgM9D-FJc2tGPQyTyAg3EYce\" \/>\n<meta property=\"article:published_time\" content=\"2022-05-27T18:21:27+00:00\" \/>\n<meta property=\"article:modified_time\" content=\"2022-08-17T19:35:17+00:00\" \/>\n<meta property=\"og:image\" content=\"https:\/\/clinicadh.direito.ufmg.br\/wp-content\/uploads\/2022\/05\/vifncj-logo.png\" \/>\n\t<meta property=\"og:image:width\" content=\"6467\" \/>\n\t<meta property=\"og:image:height\" content=\"4168\" \/>\n\t<meta property=\"og:image:type\" content=\"image\/png\" \/>\n<meta name=\"author\" content=\"clinicadh\" \/>\n<meta name=\"twitter:card\" content=\"summary_large_image\" \/>\n<meta name=\"twitter:label1\" content=\"Escrito por\" \/>\n\t<meta name=\"twitter:data1\" content=\"clinicadh\" \/>\n\t<meta name=\"twitter:label2\" content=\"Est. tempo de leitura\" \/>\n\t<meta name=\"twitter:data2\" content=\"2 minutos\" \/>\n<script type=\"application\/ld+json\" class=\"yoast-schema-graph\">{\"@context\":\"https:\/\/schema.org\",\"@graph\":[{\"@type\":\"Article\",\"@id\":\"https:\/\/clinicadh.direito.ufmg.br\/index.php\/2022\/05\/27\/vi-forum-nacional-de-clinicas-juridicas\/#article\",\"isPartOf\":{\"@id\":\"https:\/\/clinicadh.direito.ufmg.br\/index.php\/2022\/05\/27\/vi-forum-nacional-de-clinicas-juridicas\/\"},\"author\":{\"name\":\"clinicadh\",\"@id\":\"https:\/\/clinicadh.direito.ufmg.br\/#\/schema\/person\/199b61834219660e4124c6c6d42d70ef\"},\"headline\":\"VI F\u00f3rum Nacional de Cl\u00ednicas Jur\u00eddicas\",\"datePublished\":\"2022-05-27T18:21:27+00:00\",\"dateModified\":\"2022-08-17T19:35:17+00:00\",\"mainEntityOfPage\":{\"@id\":\"https:\/\/clinicadh.direito.ufmg.br\/index.php\/2022\/05\/27\/vi-forum-nacional-de-clinicas-juridicas\/\"},\"wordCount\":396,\"commentCount\":0,\"publisher\":{\"@id\":\"https:\/\/clinicadh.direito.ufmg.br\/#organization\"},\"image\":{\"@id\":\"https:\/\/clinicadh.direito.ufmg.br\/index.php\/2022\/05\/27\/vi-forum-nacional-de-clinicas-juridicas\/#primaryimage\"},\"thumbnailUrl\":\"https:\/\/clinicadh.direito.ufmg.br\/wp-content\/uploads\/2022\/05\/vifncj-logo.png\",\"keywords\":[\"CdH\",\"Cl\u00ednica UFMG\",\"Edital\",\"Eventos\",\"UFMG\"],\"articleSection\":[\"Destaque\",\"Sele\u00e7\u00e3o\"],\"inLanguage\":\"pt-BR\",\"potentialAction\":[{\"@type\":\"CommentAction\",\"name\":\"Comment\",\"target\":[\"https:\/\/clinicadh.direito.ufmg.br\/index.php\/2022\/05\/27\/vi-forum-nacional-de-clinicas-juridicas\/#respond\"]}]},{\"@type\":\"WebPage\",\"@id\":\"https:\/\/clinicadh.direito.ufmg.br\/index.php\/2022\/05\/27\/vi-forum-nacional-de-clinicas-juridicas\/\",\"url\":\"https:\/\/clinicadh.direito.ufmg.br\/index.php\/2022\/05\/27\/vi-forum-nacional-de-clinicas-juridicas\/\",\"name\":\"VI F\u00f3rum Nacional de Cl\u00ednicas Jur\u00eddicas - Cl\u00ednica de Direitos Humanos da UFMG\",\"isPartOf\":{\"@id\":\"https:\/\/clinicadh.direito.ufmg.br\/#website\"},\"primaryImageOfPage\":{\"@id\":\"https:\/\/clinicadh.direito.ufmg.br\/index.php\/2022\/05\/27\/vi-forum-nacional-de-clinicas-juridicas\/#primaryimage\"},\"image\":{\"@id\":\"https:\/\/clinicadh.direito.ufmg.br\/index.php\/2022\/05\/27\/vi-forum-nacional-de-clinicas-juridicas\/#primaryimage\"},\"thumbnailUrl\":\"https:\/\/clinicadh.direito.ufmg.br\/wp-content\/uploads\/2022\/05\/vifncj-logo.png\",\"datePublished\":\"2022-05-27T18:21:27+00:00\",\"dateModified\":\"2022-08-17T19:35:17+00:00\",\"description\":\"O VI F\u00f3rum Nacional de Cl\u00ednicas Jur\u00eddicas ser\u00e1 sediado na UFMG!\",\"breadcrumb\":{\"@id\":\"https:\/\/clinicadh.direito.ufmg.br\/index.php\/2022\/05\/27\/vi-forum-nacional-de-clinicas-juridicas\/#breadcrumb\"},\"inLanguage\":\"pt-BR\",\"potentialAction\":[{\"@type\":\"ReadAction\",\"target\":[\"https:\/\/clinicadh.direito.ufmg.br\/index.php\/2022\/05\/27\/vi-forum-nacional-de-clinicas-juridicas\/\"]}]},{\"@type\":\"ImageObject\",\"inLanguage\":\"pt-BR\",\"@id\":\"https:\/\/clinicadh.direito.ufmg.br\/index.php\/2022\/05\/27\/vi-forum-nacional-de-clinicas-juridicas\/#primaryimage\",\"url\":\"https:\/\/clinicadh.direito.ufmg.br\/wp-content\/uploads\/2022\/05\/vifncj-logo.png\",\"contentUrl\":\"https:\/\/clinicadh.direito.ufmg.br\/wp-content\/uploads\/2022\/05\/vifncj-logo.png\",\"width\":6467,\"height\":4168},{\"@type\":\"BreadcrumbList\",\"@id\":\"https:\/\/clinicadh.direito.ufmg.br\/index.php\/2022\/05\/27\/vi-forum-nacional-de-clinicas-juridicas\/#breadcrumb\",\"itemListElement\":[{\"@type\":\"ListItem\",\"position\":1,\"name\":\"In\u00edcio\",\"item\":\"https:\/\/clinicadh.direito.ufmg.br\/\"},{\"@type\":\"ListItem\",\"position\":2,\"name\":\"VI F\u00f3rum Nacional de Cl\u00ednicas Jur\u00eddicas\"}]},{\"@type\":\"WebSite\",\"@id\":\"https:\/\/clinicadh.direito.ufmg.br\/#website\",\"url\":\"https:\/\/clinicadh.direito.ufmg.br\/\",\"name\":\"Cl\u00ednica de Direitos Humanos da UFMG\",\"description\":\"Cl\u00ednica de Direitos Humanos da Universidade Federal de Minas Gerais\",\"publisher\":{\"@id\":\"https:\/\/clinicadh.direito.ufmg.br\/#organization\"},\"potentialAction\":[{\"@type\":\"SearchAction\",\"target\":{\"@type\":\"EntryPoint\",\"urlTemplate\":\"https:\/\/clinicadh.direito.ufmg.br\/?s={search_term_string}\"},\"query-input\":{\"@type\":\"PropertyValueSpecification\",\"valueRequired\":true,\"valueName\":\"search_term_string\"}}],\"inLanguage\":\"pt-BR\"},{\"@type\":\"Organization\",\"@id\":\"https:\/\/clinicadh.direito.ufmg.br\/#organization\",\"name\":\"Cl\u00ednica de Direitos Humanos da UFMG\",\"url\":\"https:\/\/clinicadh.direito.ufmg.br\/\",\"logo\":{\"@type\":\"ImageObject\",\"inLanguage\":\"pt-BR\",\"@id\":\"https:\/\/clinicadh.direito.ufmg.br\/#\/schema\/logo\/image\/\",\"url\":\"https:\/\/clinicadh.direito.ufmg.br\/wp-content\/uploads\/2015\/06\/c.jpg\",\"contentUrl\":\"https:\/\/clinicadh.direito.ufmg.br\/wp-content\/uploads\/2015\/06\/c.jpg\",\"width\":1200,\"height\":500,\"caption\":\"Cl\u00ednica de Direitos Humanos da UFMG\"},\"image\":{\"@id\":\"https:\/\/clinicadh.direito.ufmg.br\/#\/schema\/logo\/image\/\"},\"sameAs\":[\"https:\/\/www.facebook.com\/cdhufmg\/?eid=ARBDSQLce69q0_8v--9A5W6uQzSMctjXi-aHCPLj-fZRI0TKZQaBy-H1YgM9D-FJc2tGPQyTyAg3EYce\"]},{\"@type\":\"Person\",\"@id\":\"https:\/\/clinicadh.direito.ufmg.br\/#\/schema\/person\/199b61834219660e4124c6c6d42d70ef\",\"name\":\"clinicadh\",\"image\":{\"@type\":\"ImageObject\",\"inLanguage\":\"pt-BR\",\"@id\":\"https:\/\/clinicadh.direito.ufmg.br\/#\/schema\/person\/image\/\",\"url\":\"https:\/\/secure.gravatar.com\/avatar\/16bc1198b987032b17958ebcf9e07bb521ed2431022e3e5b1944820cd5bb431f?s=96&d=mm&r=g\",\"contentUrl\":\"https:\/\/secure.gravatar.com\/avatar\/16bc1198b987032b17958ebcf9e07bb521ed2431022e3e5b1944820cd5bb431f?s=96&d=mm&r=g\",\"caption\":\"clinicadh\"}}]}<\/script>\n<!-- \/ Yoast SEO plugin. -->","yoast_head_json":{"title":"VI F\u00f3rum Nacional de Cl\u00ednicas Jur\u00eddicas - Cl\u00ednica de Direitos Humanos da UFMG","description":"O VI F\u00f3rum Nacional de Cl\u00ednicas Jur\u00eddicas ser\u00e1 sediado na UFMG!","robots":{"index":"index","follow":"follow","max-snippet":"max-snippet:-1","max-image-preview":"max-image-preview:large","max-video-preview":"max-video-preview:-1"},"canonical":"https:\/\/clinicadh.direito.ufmg.br\/index.php\/2022\/05\/27\/vi-forum-nacional-de-clinicas-juridicas\/","og_locale":"pt_BR","og_type":"article","og_title":"VI F\u00f3rum Nacional de Cl\u00ednicas Jur\u00eddicas - Cl\u00ednica de Direitos Humanos da UFMG","og_description":"O VI F\u00f3rum Nacional de Cl\u00ednicas Jur\u00eddicas ser\u00e1 sediado na UFMG!","og_url":"https:\/\/clinicadh.direito.ufmg.br\/index.php\/2022\/05\/27\/vi-forum-nacional-de-clinicas-juridicas\/","og_site_name":"Cl\u00ednica de Direitos Humanos da UFMG","article_publisher":"https:\/\/www.facebook.com\/cdhufmg\/?eid=ARBDSQLce69q0_8v--9A5W6uQzSMctjXi-aHCPLj-fZRI0TKZQaBy-H1YgM9D-FJc2tGPQyTyAg3EYce","article_published_time":"2022-05-27T18:21:27+00:00","article_modified_time":"2022-08-17T19:35:17+00:00","og_image":[{"width":6467,"height":4168,"url":"https:\/\/clinicadh.direito.ufmg.br\/wp-content\/uploads\/2022\/05\/vifncj-logo.png","type":"image\/png"}],"author":"clinicadh","twitter_card":"summary_large_image","twitter_misc":{"Escrito por":"clinicadh","Est. tempo de leitura":"2 minutos"},"schema":{"@context":"https:\/\/schema.org","@graph":[{"@type":"Article","@id":"https:\/\/clinicadh.direito.ufmg.br\/index.php\/2022\/05\/27\/vi-forum-nacional-de-clinicas-juridicas\/#article","isPartOf":{"@id":"https:\/\/clinicadh.direito.ufmg.br\/index.php\/2022\/05\/27\/vi-forum-nacional-de-clinicas-juridicas\/"},"author":{"name":"clinicadh","@id":"https:\/\/clinicadh.direito.ufmg.br\/#\/schema\/person\/199b61834219660e4124c6c6d42d70ef"},"headline":"VI F\u00f3rum Nacional de Cl\u00ednicas Jur\u00eddicas","datePublished":"2022-05-27T18:21:27+00:00","dateModified":"2022-08-17T19:35:17+00:00","mainEntityOfPage":{"@id":"https:\/\/clinicadh.direito.ufmg.br\/index.php\/2022\/05\/27\/vi-forum-nacional-de-clinicas-juridicas\/"},"wordCount":396,"commentCount":0,"publisher":{"@id":"https:\/\/clinicadh.direito.ufmg.br\/#organization"},"image":{"@id":"https:\/\/clinicadh.direito.ufmg.br\/index.php\/2022\/05\/27\/vi-forum-nacional-de-clinicas-juridicas\/#primaryimage"},"thumbnailUrl":"https:\/\/clinicadh.direito.ufmg.br\/wp-content\/uploads\/2022\/05\/vifncj-logo.png","keywords":["CdH","Cl\u00ednica UFMG","Edital","Eventos","UFMG"],"articleSection":["Destaque","Sele\u00e7\u00e3o"],"inLanguage":"pt-BR","potentialAction":[{"@type":"CommentAction","name":"Comment","target":["https:\/\/clinicadh.direito.ufmg.br\/index.php\/2022\/05\/27\/vi-forum-nacional-de-clinicas-juridicas\/#respond"]}]},{"@type":"WebPage","@id":"https:\/\/clinicadh.direito.ufmg.br\/index.php\/2022\/05\/27\/vi-forum-nacional-de-clinicas-juridicas\/","url":"https:\/\/clinicadh.direito.ufmg.br\/index.php\/2022\/05\/27\/vi-forum-nacional-de-clinicas-juridicas\/","name":"VI F\u00f3rum Nacional de Cl\u00ednicas Jur\u00eddicas - Cl\u00ednica de Direitos Humanos da UFMG","isPartOf":{"@id":"https:\/\/clinicadh.direito.ufmg.br\/#website"},"primaryImageOfPage":{"@id":"https:\/\/clinicadh.direito.ufmg.br\/index.php\/2022\/05\/27\/vi-forum-nacional-de-clinicas-juridicas\/#primaryimage"},"image":{"@id":"https:\/\/clinicadh.direito.ufmg.br\/index.php\/2022\/05\/27\/vi-forum-nacional-de-clinicas-juridicas\/#primaryimage"},"thumbnailUrl":"https:\/\/clinicadh.direito.ufmg.br\/wp-content\/uploads\/2022\/05\/vifncj-logo.png","datePublished":"2022-05-27T18:21:27+00:00","dateModified":"2022-08-17T19:35:17+00:00","description":"O VI F\u00f3rum Nacional de Cl\u00ednicas Jur\u00eddicas ser\u00e1 sediado na UFMG!","breadcrumb":{"@id":"https:\/\/clinicadh.direito.ufmg.br\/index.php\/2022\/05\/27\/vi-forum-nacional-de-clinicas-juridicas\/#breadcrumb"},"inLanguage":"pt-BR","potentialAction":[{"@type":"ReadAction","target":["https:\/\/clinicadh.direito.ufmg.br\/index.php\/2022\/05\/27\/vi-forum-nacional-de-clinicas-juridicas\/"]}]},{"@type":"ImageObject","inLanguage":"pt-BR","@id":"https:\/\/clinicadh.direito.ufmg.br\/index.php\/2022\/05\/27\/vi-forum-nacional-de-clinicas-juridicas\/#primaryimage","url":"https:\/\/clinicadh.direito.ufmg.br\/wp-content\/uploads\/2022\/05\/vifncj-logo.png","contentUrl":"https:\/\/clinicadh.direito.ufmg.br\/wp-content\/uploads\/2022\/05\/vifncj-logo.png","width":6467,"height":4168},{"@type":"BreadcrumbList","@id":"https:\/\/clinicadh.direito.ufmg.br\/index.php\/2022\/05\/27\/vi-forum-nacional-de-clinicas-juridicas\/#breadcrumb","itemListElement":[{"@type":"ListItem","position":1,"name":"In\u00edcio","item":"https:\/\/clinicadh.direito.ufmg.br\/"},{"@type":"ListItem","position":2,"name":"VI F\u00f3rum Nacional de Cl\u00ednicas Jur\u00eddicas"}]},{"@type":"WebSite","@id":"https:\/\/clinicadh.direito.ufmg.br\/#website","url":"https:\/\/clinicadh.direito.ufmg.br\/","name":"Cl\u00ednica de Direitos Humanos da UFMG","description":"Cl\u00ednica de Direitos Humanos da Universidade Federal de Minas Gerais","publisher":{"@id":"https:\/\/clinicadh.direito.ufmg.br\/#organization"},"potentialAction":[{"@type":"SearchAction","target":{"@type":"EntryPoint","urlTemplate":"https:\/\/clinicadh.direito.ufmg.br\/?s={search_term_string}"},"query-input":{"@type":"PropertyValueSpecification","valueRequired":true,"valueName":"search_term_string"}}],"inLanguage":"pt-BR"},{"@type":"Organization","@id":"https:\/\/clinicadh.direito.ufmg.br\/#organization","name":"Cl\u00ednica de Direitos Humanos da UFMG","url":"https:\/\/clinicadh.direito.ufmg.br\/","logo":{"@type":"ImageObject","inLanguage":"pt-BR","@id":"https:\/\/clinicadh.direito.ufmg.br\/#\/schema\/logo\/image\/","url":"https:\/\/clinicadh.direito.ufmg.br\/wp-content\/uploads\/2015\/06\/c.jpg","contentUrl":"https:\/\/clinicadh.direito.ufmg.br\/wp-content\/uploads\/2015\/06\/c.jpg","width":1200,"height":500,"caption":"Cl\u00ednica de Direitos Humanos da UFMG"},"image":{"@id":"https:\/\/clinicadh.direito.ufmg.br\/#\/schema\/logo\/image\/"},"sameAs":["https:\/\/www.facebook.com\/cdhufmg\/?eid=ARBDSQLce69q0_8v--9A5W6uQzSMctjXi-aHCPLj-fZRI0TKZQaBy-H1YgM9D-FJc2tGPQyTyAg3EYce"]},{"@type":"Person","@id":"https:\/\/clinicadh.direito.ufmg.br\/#\/schema\/person\/199b61834219660e4124c6c6d42d70ef","name":"clinicadh","image":{"@type":"ImageObject","inLanguage":"pt-BR","@id":"https:\/\/clinicadh.direito.ufmg.br\/#\/schema\/person\/image\/","url":"https:\/\/secure.gravatar.com\/avatar\/16bc1198b987032b17958ebcf9e07bb521ed2431022e3e5b1944820cd5bb431f?s=96&d=mm&r=g","contentUrl":"https:\/\/secure.gravatar.com\/avatar\/16bc1198b987032b17958ebcf9e07bb521ed2431022e3e5b1944820cd5bb431f?s=96&d=mm&r=g","caption":"clinicadh"}}]}},"_links":{"self":[{"href":"https:\/\/clinicadh.direito.ufmg.br\/index.php\/wp-json\/wp\/v2\/posts\/1727","targetHints":{"allow":["GET"]}}],"collection":[{"href":"https:\/\/clinicadh.direito.ufmg.br\/index.php\/wp-json\/wp\/v2\/posts"}],"about":[{"href":"https:\/\/clinicadh.direito.ufmg.br\/index.php\/wp-json\/wp\/v2\/types\/post"}],"author":[{"embeddable":true,"href":"https:\/\/clinicadh.direito.ufmg.br\/index.php\/wp-json\/wp\/v2\/users\/2"}],"replies":[{"embeddable":true,"href":"https:\/\/clinicadh.direito.ufmg.br\/index.php\/wp-json\/wp\/v2\/comments?post=1727"}],"version-history":[{"count":0,"href":"https:\/\/clinicadh.direito.ufmg.br\/index.php\/wp-json\/wp\/v2\/posts\/1727\/revisions"}],"wp:featuredmedia":[{"embeddable":true,"href":"https:\/\/clinicadh.direito.ufmg.br\/index.php\/wp-json\/wp\/v2\/media\/1728"}],"wp:attachment":[{"href":"https:\/\/clinicadh.direito.ufmg.br\/index.php\/wp-json\/wp\/v2\/media?parent=1727"}],"wp:term":[{"taxonomy":"category","embeddable":true,"href":"https:\/\/clinicadh.direito.ufmg.br\/index.php\/wp-json\/wp\/v2\/categories?post=1727"},{"taxonomy":"post_tag","embeddable":true,"href":"https:\/\/clinicadh.direito.ufmg.br\/index.php\/wp-json\/wp\/v2\/tags?post=1727"}],"curies":[{"name":"wp","href":"https:\/\/api.w.org\/{rel}","templated":true}]}}