{"id":1566,"date":"2021-01-15T16:31:08","date_gmt":"2021-01-15T19:31:08","guid":{"rendered":"https:\/\/clinicadh.direito.ufmg.br\/?p=1566"},"modified":"2021-01-15T16:31:08","modified_gmt":"2021-01-15T19:31:08","slug":"carta-compromisso","status":"publish","type":"post","link":"https:\/\/clinicadh.direito.ufmg.br\/index.php\/2021\/01\/15\/carta-compromisso\/","title":{"rendered":"Carta-Compromisso"},"content":{"rendered":"<p><span style=\"font-weight: 400;\">Durante o per\u00edodo eleitoral de 2020, a Cl\u00ednica de Direitos Humanos da UFMG, atrav\u00e9s do <a href=\"https:\/\/clinicadh.direito.ufmg.br\/index.php\/direitos-reprodutivos-e-sexuais\/\">eixo Direitos Reprodutivos e Sexuais<\/a>, participou da elabora\u00e7\u00e3o de uma Carta-Compromisso com as pautas da &#8220;Coletiva em Apoio \u00e0s M\u00e3es \u00d3rf\u00e3s&#8221;<strong>*<\/strong>. A referida Carta-Compromisso, foi assinada por candidatas \u00e0 verean\u00e7a em Belo Horizonte.\u00a0<\/span><\/p>\n<p><span style=\"font-size: 11pt;\"><strong>*A &#8220;Coletiva em apoio \u00e0s M\u00e3es-\u00d3rf\u00e3s&#8221; \u00e9 um movimento que atua no combate ao afastamento arbitr\u00e1rio de rec\u00e9m-nascidos de\u00a0 suas fam\u00edlias.<\/strong><\/span><\/p>\n<p><span style=\"font-weight: 400;\">Atrav\u00e9s de mesas abertas em reuni\u00f5es virtuais &#8211; devido a pandemia de coronav\u00edrus -, a Coletiva esteve em di\u00e1logo com as candidatas para debater sobre os temas trabalhados pelo grupo e apresenta\u00e7\u00e3o de propostas. Participaram desses encontros as seguintes candidatas: Polly do Amaral (PSOL-MG), Bella Gon\u00e7alves (PSOL-MG), Neila Batista (PT-MG), S\u00f4nia Lansky (PT-MG), J\u00f4 Moraes (PCdoB-MG) e Cida Falabella (PSOL-MG).\u00a0<\/span><\/p>\n<p><span style=\"font-weight: 400;\">Compreendendo a import\u00e2ncia do Poder Legislativo em pautar, no debate p\u00fablico, temas relevantes para garantia de direitos das mulheres, auxiliamos na elabora\u00e7\u00e3o de uma Carta-Compromisso na qual as candidatas se comprometeram com as a\u00e7\u00f5es e os objetivos propostos pela Coletiva M\u00e3es \u00d3rf\u00e3s.\u00a0<\/span><\/p>\n<p><span style=\"font-weight: 400;\">Foram firmados alguns compromissos, como a forma\u00e7\u00e3o de profissionais de assist\u00eancia social para uma atua\u00e7\u00e3o condizente com os ditames do ECA e outras disposi\u00e7\u00f5es legais sobre o assunto, a amplia\u00e7\u00e3o de programas de assist\u00eancia a pessoas em situa\u00e7\u00e3o de rua ou usu\u00e1rias de drogas, a valoriza\u00e7\u00e3o da conviv\u00eancia familiar entre parentes e crian\u00e7as em acolhimento institucional e a n\u00e3o discrimina\u00e7\u00e3o por g\u00eanero, ra\u00e7a ou situa\u00e7\u00e3o socioecon\u00f4mica de nenhum dos indiv\u00edduos envolvidos no contexto de afastamento de familiares e crian\u00e7as.\u00a0<\/span><\/p>\n<p><span style=\"font-weight: 400;\">Entre as candidatas signat\u00e1rias da Carta-Compromisso, Bella Gon\u00e7alves (PSOL-MG) e S\u00f4nia Lansky (PT-MG) se elegeram. Nesse sentido, a Cl\u00ednica continuar\u00e1 atuando na cobran\u00e7a dos compromissos assumidos pelas ent\u00e3o candidatas, agora vereadoras.<\/span><\/p>\n<p><span style=\"font-weight: 400;\">Para ler todo o conte\u00fado da carta, clique no link abaixo.<\/span><\/p>\n<p><a href=\"https:\/\/www.dropbox.com\/s\/nk9t0zsdllcxwqu\/%5B2020%5D%20Carta-Compromiso%20Coletivo%20M%C3%A3es%20%C3%93rf%C3%A3s.pdf?dl=0\"><span style=\"font-weight: 400;\">Carta-Compromisso Coletivo M\u00e3es \u00d3rf\u00e3s [2020]<\/span><\/a><\/p>\n","protected":false},"excerpt":{"rendered":"<p>Durante o per\u00edodo eleitoral de 2020, a Cl\u00ednica de Direitos Humanos da UFMG, atrav\u00e9s do eixo Direitos Reprodutivos e Sexuais, participou da elabora\u00e7\u00e3o de uma Carta-Compromisso com as pautas da &#8220;Coletiva em Apoio \u00e0s M\u00e3es \u00d3rf\u00e3s&#8221;*. A referida Carta-Compromisso, foi assinada por candidatas \u00e0 verean\u00e7a em Belo Horizonte.\u00a0 *A &#8220;Coletiva em apoio \u00e0s M\u00e3es-\u00d3rf\u00e3s&#8221; \u00e9 um movimento que atua no combate ao afastamento arbitr\u00e1rio de rec\u00e9m-nascidos de\u00a0 suas fam\u00edlias. Atrav\u00e9s de mesas abertas em reuni\u00f5es virtuais &#8211; devido a pandemia de coronav\u00edrus -, a Coletiva esteve em di\u00e1logo com as candidatas para debater sobre os temas trabalhados pelo grupo e apresenta\u00e7\u00e3o de propostas. Participaram desses encontros as seguintes candidatas: Polly do Amaral (PSOL-MG), Bella Gon\u00e7alves (PSOL-MG), Neila Batista (PT-MG), S\u00f4nia Lansky (PT-MG), J\u00f4 Moraes (PCdoB-MG) e Cida Falabella (PSOL-MG).\u00a0 Compreendendo a import\u00e2ncia do Poder Legislativo em pautar, no debate p\u00fablico, temas relevantes para garantia de direitos das mulheres, auxiliamos na elabora\u00e7\u00e3o de uma Carta-Compromisso na qual as candidatas se comprometeram com as a\u00e7\u00f5es e os objetivos propostos pela Coletiva M\u00e3es \u00d3rf\u00e3s.\u00a0 Foram firmados alguns compromissos, como a forma\u00e7\u00e3o de profissionais de assist\u00eancia social para uma atua\u00e7\u00e3o condizente com os ditames do ECA e outras disposi\u00e7\u00f5es legais sobre o assunto, a amplia\u00e7\u00e3o de programas de assist\u00eancia a pessoas em situa\u00e7\u00e3o de rua ou usu\u00e1rias de drogas, a valoriza\u00e7\u00e3o da conviv\u00eancia familiar entre parentes e crian\u00e7as em acolhimento institucional e a n\u00e3o discrimina\u00e7\u00e3o por g\u00eanero, ra\u00e7a ou situa\u00e7\u00e3o socioecon\u00f4mica de nenhum dos indiv\u00edduos envolvidos no contexto de afastamento de familiares e crian\u00e7as.\u00a0 Entre as candidatas signat\u00e1rias da Carta-Compromisso, Bella Gon\u00e7alves (PSOL-MG) e S\u00f4nia Lansky (PT-MG) se elegeram. Nesse sentido, a Cl\u00ednica continuar\u00e1 atuando na cobran\u00e7a dos compromissos assumidos pelas ent\u00e3o candidatas, agora vereadoras. Para ler todo o conte\u00fado da carta, clique no link abaixo. Carta-Compromisso Coletivo M\u00e3es \u00d3rf\u00e3s [2020]<\/p>\n","protected":false},"author":2,"featured_media":1570,"comment_status":"closed","ping_status":"closed","sticky":false,"template":"","format":"standard","meta":{"footnotes":""},"categories":[62,1],"tags":[],"class_list":["post-1566","post","type-post","status-publish","format-standard","has-post-thumbnail","hentry","category-destaque","category-noticias"],"yoast_head":"<!-- This site is optimized with the Yoast SEO plugin v25.3 - https:\/\/yoast.com\/wordpress\/plugins\/seo\/ -->\n<title>Carta-Compromisso - Cl\u00ednica de Direitos Humanos da UFMG<\/title>\n<meta name=\"robots\" content=\"index, follow, max-snippet:-1, max-image-preview:large, max-video-preview:-1\" \/>\n<link rel=\"canonical\" href=\"https:\/\/clinicadh.direito.ufmg.br\/index.php\/2021\/01\/15\/carta-compromisso\/\" \/>\n<meta property=\"og:locale\" content=\"pt_BR\" \/>\n<meta property=\"og:type\" content=\"article\" \/>\n<meta property=\"og:title\" content=\"Carta-Compromisso - Cl\u00ednica de Direitos Humanos da UFMG\" \/>\n<meta property=\"og:description\" content=\"Durante o per\u00edodo eleitoral de 2020, a Cl\u00ednica de Direitos Humanos da UFMG, atrav\u00e9s do eixo Direitos Reprodutivos e Sexuais, participou da elabora\u00e7\u00e3o de uma Carta-Compromisso com as pautas da &#8220;Coletiva em Apoio \u00e0s M\u00e3es \u00d3rf\u00e3s&#8221;*. A referida Carta-Compromisso, foi assinada por candidatas \u00e0 verean\u00e7a em Belo Horizonte.\u00a0 *A &#8220;Coletiva em apoio \u00e0s M\u00e3es-\u00d3rf\u00e3s&#8221; \u00e9 um movimento que atua no combate ao afastamento arbitr\u00e1rio de rec\u00e9m-nascidos de\u00a0 suas fam\u00edlias. Atrav\u00e9s de mesas abertas em reuni\u00f5es virtuais &#8211; devido a pandemia de coronav\u00edrus -, a Coletiva esteve em di\u00e1logo com as candidatas para debater sobre os temas trabalhados pelo grupo e apresenta\u00e7\u00e3o de propostas. Participaram desses encontros as seguintes candidatas: Polly do Amaral (PSOL-MG), Bella Gon\u00e7alves (PSOL-MG), Neila Batista (PT-MG), S\u00f4nia Lansky (PT-MG), J\u00f4 Moraes (PCdoB-MG) e Cida Falabella (PSOL-MG).\u00a0 Compreendendo a import\u00e2ncia do Poder Legislativo em pautar, no debate p\u00fablico, temas relevantes para garantia de direitos das mulheres, auxiliamos na elabora\u00e7\u00e3o de uma Carta-Compromisso na qual as candidatas se comprometeram com as a\u00e7\u00f5es e os objetivos propostos pela Coletiva M\u00e3es \u00d3rf\u00e3s.\u00a0 Foram firmados alguns compromissos, como a forma\u00e7\u00e3o de profissionais de assist\u00eancia social para uma atua\u00e7\u00e3o condizente com os ditames do ECA e outras disposi\u00e7\u00f5es legais sobre o assunto, a amplia\u00e7\u00e3o de programas de assist\u00eancia a pessoas em situa\u00e7\u00e3o de rua ou usu\u00e1rias de drogas, a valoriza\u00e7\u00e3o da conviv\u00eancia familiar entre parentes e crian\u00e7as em acolhimento institucional e a n\u00e3o discrimina\u00e7\u00e3o por g\u00eanero, ra\u00e7a ou situa\u00e7\u00e3o socioecon\u00f4mica de nenhum dos indiv\u00edduos envolvidos no contexto de afastamento de familiares e crian\u00e7as.\u00a0 Entre as candidatas signat\u00e1rias da Carta-Compromisso, Bella Gon\u00e7alves (PSOL-MG) e S\u00f4nia Lansky (PT-MG) se elegeram. Nesse sentido, a Cl\u00ednica continuar\u00e1 atuando na cobran\u00e7a dos compromissos assumidos pelas ent\u00e3o candidatas, agora vereadoras. Para ler todo o conte\u00fado da carta, clique no link abaixo. Carta-Compromisso Coletivo M\u00e3es \u00d3rf\u00e3s [2020]\" \/>\n<meta property=\"og:url\" content=\"https:\/\/clinicadh.direito.ufmg.br\/index.php\/2021\/01\/15\/carta-compromisso\/\" \/>\n<meta property=\"og:site_name\" content=\"Cl\u00ednica de Direitos Humanos da UFMG\" \/>\n<meta property=\"article:publisher\" content=\"https:\/\/www.facebook.com\/cdhufmg\/?eid=ARBDSQLce69q0_8v--9A5W6uQzSMctjXi-aHCPLj-fZRI0TKZQaBy-H1YgM9D-FJc2tGPQyTyAg3EYce\" \/>\n<meta property=\"article:published_time\" content=\"2021-01-15T19:31:08+00:00\" \/>\n<meta property=\"og:image\" content=\"https:\/\/clinicadh.direito.ufmg.br\/wp-content\/uploads\/2021\/01\/Carta-Compromisso-3.png\" \/>\n\t<meta property=\"og:image:width\" content=\"3000\" \/>\n\t<meta property=\"og:image:height\" content=\"1055\" \/>\n\t<meta property=\"og:image:type\" content=\"image\/png\" \/>\n<meta name=\"author\" content=\"clinicadh\" \/>\n<meta name=\"twitter:card\" content=\"summary_large_image\" \/>\n<meta name=\"twitter:label1\" content=\"Escrito por\" \/>\n\t<meta name=\"twitter:data1\" content=\"clinicadh\" \/>\n\t<meta name=\"twitter:label2\" content=\"Est. tempo de leitura\" \/>\n\t<meta name=\"twitter:data2\" content=\"2 minutos\" \/>\n<script type=\"application\/ld+json\" class=\"yoast-schema-graph\">{\"@context\":\"https:\/\/schema.org\",\"@graph\":[{\"@type\":\"Article\",\"@id\":\"https:\/\/clinicadh.direito.ufmg.br\/index.php\/2021\/01\/15\/carta-compromisso\/#article\",\"isPartOf\":{\"@id\":\"https:\/\/clinicadh.direito.ufmg.br\/index.php\/2021\/01\/15\/carta-compromisso\/\"},\"author\":{\"name\":\"clinicadh\",\"@id\":\"https:\/\/clinicadh.direito.ufmg.br\/#\/schema\/person\/199b61834219660e4124c6c6d42d70ef\"},\"headline\":\"Carta-Compromisso\",\"datePublished\":\"2021-01-15T19:31:08+00:00\",\"mainEntityOfPage\":{\"@id\":\"https:\/\/clinicadh.direito.ufmg.br\/index.php\/2021\/01\/15\/carta-compromisso\/\"},\"wordCount\":348,\"publisher\":{\"@id\":\"https:\/\/clinicadh.direito.ufmg.br\/#organization\"},\"image\":{\"@id\":\"https:\/\/clinicadh.direito.ufmg.br\/index.php\/2021\/01\/15\/carta-compromisso\/#primaryimage\"},\"thumbnailUrl\":\"https:\/\/clinicadh.direito.ufmg.br\/wp-content\/uploads\/2021\/01\/Carta-Compromisso-3.png\",\"articleSection\":[\"Destaque\",\"Not\u00edcias\"],\"inLanguage\":\"pt-BR\"},{\"@type\":\"WebPage\",\"@id\":\"https:\/\/clinicadh.direito.ufmg.br\/index.php\/2021\/01\/15\/carta-compromisso\/\",\"url\":\"https:\/\/clinicadh.direito.ufmg.br\/index.php\/2021\/01\/15\/carta-compromisso\/\",\"name\":\"Carta-Compromisso - Cl\u00ednica de Direitos Humanos da UFMG\",\"isPartOf\":{\"@id\":\"https:\/\/clinicadh.direito.ufmg.br\/#website\"},\"primaryImageOfPage\":{\"@id\":\"https:\/\/clinicadh.direito.ufmg.br\/index.php\/2021\/01\/15\/carta-compromisso\/#primaryimage\"},\"image\":{\"@id\":\"https:\/\/clinicadh.direito.ufmg.br\/index.php\/2021\/01\/15\/carta-compromisso\/#primaryimage\"},\"thumbnailUrl\":\"https:\/\/clinicadh.direito.ufmg.br\/wp-content\/uploads\/2021\/01\/Carta-Compromisso-3.png\",\"datePublished\":\"2021-01-15T19:31:08+00:00\",\"breadcrumb\":{\"@id\":\"https:\/\/clinicadh.direito.ufmg.br\/index.php\/2021\/01\/15\/carta-compromisso\/#breadcrumb\"},\"inLanguage\":\"pt-BR\",\"potentialAction\":[{\"@type\":\"ReadAction\",\"target\":[\"https:\/\/clinicadh.direito.ufmg.br\/index.php\/2021\/01\/15\/carta-compromisso\/\"]}]},{\"@type\":\"ImageObject\",\"inLanguage\":\"pt-BR\",\"@id\":\"https:\/\/clinicadh.direito.ufmg.br\/index.php\/2021\/01\/15\/carta-compromisso\/#primaryimage\",\"url\":\"https:\/\/clinicadh.direito.ufmg.br\/wp-content\/uploads\/2021\/01\/Carta-Compromisso-3.png\",\"contentUrl\":\"https:\/\/clinicadh.direito.ufmg.br\/wp-content\/uploads\/2021\/01\/Carta-Compromisso-3.png\",\"width\":3000,\"height\":1055},{\"@type\":\"BreadcrumbList\",\"@id\":\"https:\/\/clinicadh.direito.ufmg.br\/index.php\/2021\/01\/15\/carta-compromisso\/#breadcrumb\",\"itemListElement\":[{\"@type\":\"ListItem\",\"position\":1,\"name\":\"In\u00edcio\",\"item\":\"https:\/\/clinicadh.direito.ufmg.br\/\"},{\"@type\":\"ListItem\",\"position\":2,\"name\":\"Carta-Compromisso\"}]},{\"@type\":\"WebSite\",\"@id\":\"https:\/\/clinicadh.direito.ufmg.br\/#website\",\"url\":\"https:\/\/clinicadh.direito.ufmg.br\/\",\"name\":\"Cl\u00ednica de Direitos Humanos da UFMG\",\"description\":\"Cl\u00ednica de Direitos Humanos da Universidade Federal de Minas Gerais\",\"publisher\":{\"@id\":\"https:\/\/clinicadh.direito.ufmg.br\/#organization\"},\"potentialAction\":[{\"@type\":\"SearchAction\",\"target\":{\"@type\":\"EntryPoint\",\"urlTemplate\":\"https:\/\/clinicadh.direito.ufmg.br\/?s={search_term_string}\"},\"query-input\":{\"@type\":\"PropertyValueSpecification\",\"valueRequired\":true,\"valueName\":\"search_term_string\"}}],\"inLanguage\":\"pt-BR\"},{\"@type\":\"Organization\",\"@id\":\"https:\/\/clinicadh.direito.ufmg.br\/#organization\",\"name\":\"Cl\u00ednica de Direitos Humanos da UFMG\",\"url\":\"https:\/\/clinicadh.direito.ufmg.br\/\",\"logo\":{\"@type\":\"ImageObject\",\"inLanguage\":\"pt-BR\",\"@id\":\"https:\/\/clinicadh.direito.ufmg.br\/#\/schema\/logo\/image\/\",\"url\":\"https:\/\/clinicadh.direito.ufmg.br\/wp-content\/uploads\/2015\/06\/c.jpg\",\"contentUrl\":\"https:\/\/clinicadh.direito.ufmg.br\/wp-content\/uploads\/2015\/06\/c.jpg\",\"width\":1200,\"height\":500,\"caption\":\"Cl\u00ednica de Direitos Humanos da UFMG\"},\"image\":{\"@id\":\"https:\/\/clinicadh.direito.ufmg.br\/#\/schema\/logo\/image\/\"},\"sameAs\":[\"https:\/\/www.facebook.com\/cdhufmg\/?eid=ARBDSQLce69q0_8v--9A5W6uQzSMctjXi-aHCPLj-fZRI0TKZQaBy-H1YgM9D-FJc2tGPQyTyAg3EYce\"]},{\"@type\":\"Person\",\"@id\":\"https:\/\/clinicadh.direito.ufmg.br\/#\/schema\/person\/199b61834219660e4124c6c6d42d70ef\",\"name\":\"clinicadh\",\"image\":{\"@type\":\"ImageObject\",\"inLanguage\":\"pt-BR\",\"@id\":\"https:\/\/clinicadh.direito.ufmg.br\/#\/schema\/person\/image\/\",\"url\":\"https:\/\/secure.gravatar.com\/avatar\/16bc1198b987032b17958ebcf9e07bb521ed2431022e3e5b1944820cd5bb431f?s=96&d=mm&r=g\",\"contentUrl\":\"https:\/\/secure.gravatar.com\/avatar\/16bc1198b987032b17958ebcf9e07bb521ed2431022e3e5b1944820cd5bb431f?s=96&d=mm&r=g\",\"caption\":\"clinicadh\"}}]}<\/script>\n<!-- \/ Yoast SEO plugin. -->","yoast_head_json":{"title":"Carta-Compromisso - Cl\u00ednica de Direitos Humanos da UFMG","robots":{"index":"index","follow":"follow","max-snippet":"max-snippet:-1","max-image-preview":"max-image-preview:large","max-video-preview":"max-video-preview:-1"},"canonical":"https:\/\/clinicadh.direito.ufmg.br\/index.php\/2021\/01\/15\/carta-compromisso\/","og_locale":"pt_BR","og_type":"article","og_title":"Carta-Compromisso - Cl\u00ednica de Direitos Humanos da UFMG","og_description":"Durante o per\u00edodo eleitoral de 2020, a Cl\u00ednica de Direitos Humanos da UFMG, atrav\u00e9s do eixo Direitos Reprodutivos e Sexuais, participou da elabora\u00e7\u00e3o de uma Carta-Compromisso com as pautas da &#8220;Coletiva em Apoio \u00e0s M\u00e3es \u00d3rf\u00e3s&#8221;*. A referida Carta-Compromisso, foi assinada por candidatas \u00e0 verean\u00e7a em Belo Horizonte.\u00a0 *A &#8220;Coletiva em apoio \u00e0s M\u00e3es-\u00d3rf\u00e3s&#8221; \u00e9 um movimento que atua no combate ao afastamento arbitr\u00e1rio de rec\u00e9m-nascidos de\u00a0 suas fam\u00edlias. Atrav\u00e9s de mesas abertas em reuni\u00f5es virtuais &#8211; devido a pandemia de coronav\u00edrus -, a Coletiva esteve em di\u00e1logo com as candidatas para debater sobre os temas trabalhados pelo grupo e apresenta\u00e7\u00e3o de propostas. Participaram desses encontros as seguintes candidatas: Polly do Amaral (PSOL-MG), Bella Gon\u00e7alves (PSOL-MG), Neila Batista (PT-MG), S\u00f4nia Lansky (PT-MG), J\u00f4 Moraes (PCdoB-MG) e Cida Falabella (PSOL-MG).\u00a0 Compreendendo a import\u00e2ncia do Poder Legislativo em pautar, no debate p\u00fablico, temas relevantes para garantia de direitos das mulheres, auxiliamos na elabora\u00e7\u00e3o de uma Carta-Compromisso na qual as candidatas se comprometeram com as a\u00e7\u00f5es e os objetivos propostos pela Coletiva M\u00e3es \u00d3rf\u00e3s.\u00a0 Foram firmados alguns compromissos, como a forma\u00e7\u00e3o de profissionais de assist\u00eancia social para uma atua\u00e7\u00e3o condizente com os ditames do ECA e outras disposi\u00e7\u00f5es legais sobre o assunto, a amplia\u00e7\u00e3o de programas de assist\u00eancia a pessoas em situa\u00e7\u00e3o de rua ou usu\u00e1rias de drogas, a valoriza\u00e7\u00e3o da conviv\u00eancia familiar entre parentes e crian\u00e7as em acolhimento institucional e a n\u00e3o discrimina\u00e7\u00e3o por g\u00eanero, ra\u00e7a ou situa\u00e7\u00e3o socioecon\u00f4mica de nenhum dos indiv\u00edduos envolvidos no contexto de afastamento de familiares e crian\u00e7as.\u00a0 Entre as candidatas signat\u00e1rias da Carta-Compromisso, Bella Gon\u00e7alves (PSOL-MG) e S\u00f4nia Lansky (PT-MG) se elegeram. Nesse sentido, a Cl\u00ednica continuar\u00e1 atuando na cobran\u00e7a dos compromissos assumidos pelas ent\u00e3o candidatas, agora vereadoras. Para ler todo o conte\u00fado da carta, clique no link abaixo. Carta-Compromisso Coletivo M\u00e3es \u00d3rf\u00e3s [2020]","og_url":"https:\/\/clinicadh.direito.ufmg.br\/index.php\/2021\/01\/15\/carta-compromisso\/","og_site_name":"Cl\u00ednica de Direitos Humanos da UFMG","article_publisher":"https:\/\/www.facebook.com\/cdhufmg\/?eid=ARBDSQLce69q0_8v--9A5W6uQzSMctjXi-aHCPLj-fZRI0TKZQaBy-H1YgM9D-FJc2tGPQyTyAg3EYce","article_published_time":"2021-01-15T19:31:08+00:00","og_image":[{"width":3000,"height":1055,"url":"https:\/\/clinicadh.direito.ufmg.br\/wp-content\/uploads\/2021\/01\/Carta-Compromisso-3.png","type":"image\/png"}],"author":"clinicadh","twitter_card":"summary_large_image","twitter_misc":{"Escrito por":"clinicadh","Est. tempo de leitura":"2 minutos"},"schema":{"@context":"https:\/\/schema.org","@graph":[{"@type":"Article","@id":"https:\/\/clinicadh.direito.ufmg.br\/index.php\/2021\/01\/15\/carta-compromisso\/#article","isPartOf":{"@id":"https:\/\/clinicadh.direito.ufmg.br\/index.php\/2021\/01\/15\/carta-compromisso\/"},"author":{"name":"clinicadh","@id":"https:\/\/clinicadh.direito.ufmg.br\/#\/schema\/person\/199b61834219660e4124c6c6d42d70ef"},"headline":"Carta-Compromisso","datePublished":"2021-01-15T19:31:08+00:00","mainEntityOfPage":{"@id":"https:\/\/clinicadh.direito.ufmg.br\/index.php\/2021\/01\/15\/carta-compromisso\/"},"wordCount":348,"publisher":{"@id":"https:\/\/clinicadh.direito.ufmg.br\/#organization"},"image":{"@id":"https:\/\/clinicadh.direito.ufmg.br\/index.php\/2021\/01\/15\/carta-compromisso\/#primaryimage"},"thumbnailUrl":"https:\/\/clinicadh.direito.ufmg.br\/wp-content\/uploads\/2021\/01\/Carta-Compromisso-3.png","articleSection":["Destaque","Not\u00edcias"],"inLanguage":"pt-BR"},{"@type":"WebPage","@id":"https:\/\/clinicadh.direito.ufmg.br\/index.php\/2021\/01\/15\/carta-compromisso\/","url":"https:\/\/clinicadh.direito.ufmg.br\/index.php\/2021\/01\/15\/carta-compromisso\/","name":"Carta-Compromisso - Cl\u00ednica de Direitos Humanos da UFMG","isPartOf":{"@id":"https:\/\/clinicadh.direito.ufmg.br\/#website"},"primaryImageOfPage":{"@id":"https:\/\/clinicadh.direito.ufmg.br\/index.php\/2021\/01\/15\/carta-compromisso\/#primaryimage"},"image":{"@id":"https:\/\/clinicadh.direito.ufmg.br\/index.php\/2021\/01\/15\/carta-compromisso\/#primaryimage"},"thumbnailUrl":"https:\/\/clinicadh.direito.ufmg.br\/wp-content\/uploads\/2021\/01\/Carta-Compromisso-3.png","datePublished":"2021-01-15T19:31:08+00:00","breadcrumb":{"@id":"https:\/\/clinicadh.direito.ufmg.br\/index.php\/2021\/01\/15\/carta-compromisso\/#breadcrumb"},"inLanguage":"pt-BR","potentialAction":[{"@type":"ReadAction","target":["https:\/\/clinicadh.direito.ufmg.br\/index.php\/2021\/01\/15\/carta-compromisso\/"]}]},{"@type":"ImageObject","inLanguage":"pt-BR","@id":"https:\/\/clinicadh.direito.ufmg.br\/index.php\/2021\/01\/15\/carta-compromisso\/#primaryimage","url":"https:\/\/clinicadh.direito.ufmg.br\/wp-content\/uploads\/2021\/01\/Carta-Compromisso-3.png","contentUrl":"https:\/\/clinicadh.direito.ufmg.br\/wp-content\/uploads\/2021\/01\/Carta-Compromisso-3.png","width":3000,"height":1055},{"@type":"BreadcrumbList","@id":"https:\/\/clinicadh.direito.ufmg.br\/index.php\/2021\/01\/15\/carta-compromisso\/#breadcrumb","itemListElement":[{"@type":"ListItem","position":1,"name":"In\u00edcio","item":"https:\/\/clinicadh.direito.ufmg.br\/"},{"@type":"ListItem","position":2,"name":"Carta-Compromisso"}]},{"@type":"WebSite","@id":"https:\/\/clinicadh.direito.ufmg.br\/#website","url":"https:\/\/clinicadh.direito.ufmg.br\/","name":"Cl\u00ednica de Direitos Humanos da UFMG","description":"Cl\u00ednica de Direitos Humanos da Universidade Federal de Minas Gerais","publisher":{"@id":"https:\/\/clinicadh.direito.ufmg.br\/#organization"},"potentialAction":[{"@type":"SearchAction","target":{"@type":"EntryPoint","urlTemplate":"https:\/\/clinicadh.direito.ufmg.br\/?s={search_term_string}"},"query-input":{"@type":"PropertyValueSpecification","valueRequired":true,"valueName":"search_term_string"}}],"inLanguage":"pt-BR"},{"@type":"Organization","@id":"https:\/\/clinicadh.direito.ufmg.br\/#organization","name":"Cl\u00ednica de Direitos Humanos da UFMG","url":"https:\/\/clinicadh.direito.ufmg.br\/","logo":{"@type":"ImageObject","inLanguage":"pt-BR","@id":"https:\/\/clinicadh.direito.ufmg.br\/#\/schema\/logo\/image\/","url":"https:\/\/clinicadh.direito.ufmg.br\/wp-content\/uploads\/2015\/06\/c.jpg","contentUrl":"https:\/\/clinicadh.direito.ufmg.br\/wp-content\/uploads\/2015\/06\/c.jpg","width":1200,"height":500,"caption":"Cl\u00ednica de Direitos Humanos da UFMG"},"image":{"@id":"https:\/\/clinicadh.direito.ufmg.br\/#\/schema\/logo\/image\/"},"sameAs":["https:\/\/www.facebook.com\/cdhufmg\/?eid=ARBDSQLce69q0_8v--9A5W6uQzSMctjXi-aHCPLj-fZRI0TKZQaBy-H1YgM9D-FJc2tGPQyTyAg3EYce"]},{"@type":"Person","@id":"https:\/\/clinicadh.direito.ufmg.br\/#\/schema\/person\/199b61834219660e4124c6c6d42d70ef","name":"clinicadh","image":{"@type":"ImageObject","inLanguage":"pt-BR","@id":"https:\/\/clinicadh.direito.ufmg.br\/#\/schema\/person\/image\/","url":"https:\/\/secure.gravatar.com\/avatar\/16bc1198b987032b17958ebcf9e07bb521ed2431022e3e5b1944820cd5bb431f?s=96&d=mm&r=g","contentUrl":"https:\/\/secure.gravatar.com\/avatar\/16bc1198b987032b17958ebcf9e07bb521ed2431022e3e5b1944820cd5bb431f?s=96&d=mm&r=g","caption":"clinicadh"}}]}},"_links":{"self":[{"href":"https:\/\/clinicadh.direito.ufmg.br\/index.php\/wp-json\/wp\/v2\/posts\/1566","targetHints":{"allow":["GET"]}}],"collection":[{"href":"https:\/\/clinicadh.direito.ufmg.br\/index.php\/wp-json\/wp\/v2\/posts"}],"about":[{"href":"https:\/\/clinicadh.direito.ufmg.br\/index.php\/wp-json\/wp\/v2\/types\/post"}],"author":[{"embeddable":true,"href":"https:\/\/clinicadh.direito.ufmg.br\/index.php\/wp-json\/wp\/v2\/users\/2"}],"replies":[{"embeddable":true,"href":"https:\/\/clinicadh.direito.ufmg.br\/index.php\/wp-json\/wp\/v2\/comments?post=1566"}],"version-history":[{"count":0,"href":"https:\/\/clinicadh.direito.ufmg.br\/index.php\/wp-json\/wp\/v2\/posts\/1566\/revisions"}],"wp:featuredmedia":[{"embeddable":true,"href":"https:\/\/clinicadh.direito.ufmg.br\/index.php\/wp-json\/wp\/v2\/media\/1570"}],"wp:attachment":[{"href":"https:\/\/clinicadh.direito.ufmg.br\/index.php\/wp-json\/wp\/v2\/media?parent=1566"}],"wp:term":[{"taxonomy":"category","embeddable":true,"href":"https:\/\/clinicadh.direito.ufmg.br\/index.php\/wp-json\/wp\/v2\/categories?post=1566"},{"taxonomy":"post_tag","embeddable":true,"href":"https:\/\/clinicadh.direito.ufmg.br\/index.php\/wp-json\/wp\/v2\/tags?post=1566"}],"curies":[{"name":"wp","href":"https:\/\/api.w.org\/{rel}","templated":true}]}}