{"id":1520,"date":"2020-12-04T17:20:40","date_gmt":"2020-12-04T20:20:40","guid":{"rendered":"https:\/\/clinicadh.direito.ufmg.br\/?p=1520"},"modified":"2020-12-11T17:30:33","modified_gmt":"2020-12-11T20:30:33","slug":"iv-forum-nacional-de-clinicas-juridicas","status":"publish","type":"post","link":"https:\/\/clinicadh.direito.ufmg.br\/index.php\/2020\/12\/04\/iv-forum-nacional-de-clinicas-juridicas\/","title":{"rendered":"IV F\u00f3rum Nacional de Cl\u00ednicas Jur\u00eddicas"},"content":{"rendered":"<p style=\"text-align: justify;\"><span style=\"font-weight: 400;\">Organizados pela <\/span><span style=\"font-weight: 400;\">Cl\u00ednica de Direitos Humanos Luiz Gama (FD USP) e pela Coordenadoria de Pr\u00e1tica Jur\u00eddica da Escola de Direito de S\u00e3o Paulo da FGV,\u00a0 o <\/span><span style=\"font-weight: 400;\">IV F\u00f3rum Nacional de Cl\u00ednicas Jur\u00eddicas ocorreu nos dias 5 e 6 de novembro.<\/p>\n<p><\/span><\/p>\n<p style=\"text-align: justify;\"><span style=\"font-weight: 400;\">O F\u00f3rum promove encontros anuais de cl\u00ednicas de diferentes universidades \u201c<\/span><em><span style=\"font-weight: 400;\">com os objetivos de debater a metodologia cl\u00ednica de ensino jur\u00eddico, trocar experi\u00eancias e articular a\u00e7\u00f5es<\/span><\/em><span style=\"font-weight: 400;\">\u201d. Dessa forma, o evento d\u00e1 a oportunidade de cl\u00ednicas jur\u00eddicas dialogarem e compartilharem seus projetos entre si e com a sociedade.<\/p>\n<p><\/span><\/p>\n<p style=\"text-align: justify;\"><span style=\"font-weight: 400;\">A CdH participou do evento na Sess\u00e3o Tem\u00e1tica \u201cAcesso \u00e0 Justi\u00e7a e G\u00eanero nas Cl\u00ednicas Jur\u00eddicas\u201d. No eixo Transpasse, foi apresentado o trabalho \u201c<a href=\"https:\/\/www.dropbox.com\/s\/sjrvr37m3ptblzw\/O%20CONTROLE%20DOS%20CORPOS%20NO%20C%C3%81RCERE_%20os%20procedimentos%20administrativos%20disciplinares%20na%20ala%20lgbt%20mineira.pdf?dl=0\">O controle dos corpos no c\u00e1rcere: os procedimentos administrativos disciplinares na Ala LGBT mineira<\/a>\u201d, onde foi abordado os processos de criminaliza\u00e7\u00e3o e recriminaliza\u00e7\u00e3o das pessoas trans e travestis no c\u00e1rcere.<\/p>\n<p><\/span><\/p>\n<p style=\"text-align: justify;\"><span style=\"font-weight: 400;\">Tamb\u00e9m, foi apresentado o trabalho \u201c<a href=\"https:\/\/www.dropbox.com\/s\/abd6h6juuzcwyrb\/Capacita%C3%A7%C3%A3o%20CdH%20-%20Eixo%20DRS.pdf?dl=0\">Acesso \u00e0 Justi\u00e7a e o direito de ser m\u00e3e: o papel da advocacia cl\u00ednica na disputa de narrativas<\/a>\u201d, que abordava os direitos reprodutivos e sexuais, dando grande foco ao afastamento compuls\u00f3rio de m\u00e3es e seus beb\u00eas.<br \/>\n<\/span><\/p>\n","protected":false},"excerpt":{"rendered":"<p>Organizados pela Cl\u00ednica de Direitos Humanos Luiz Gama (FD USP) e pela Coordenadoria de Pr\u00e1tica Jur\u00eddica da Escola de Direito de S\u00e3o Paulo da FGV,\u00a0 o IV F\u00f3rum Nacional de Cl\u00ednicas Jur\u00eddicas ocorreu nos dias 5 e 6 de novembro. O F\u00f3rum promove encontros anuais de cl\u00ednicas de diferentes universidades \u201ccom os objetivos de debater a metodologia cl\u00ednica de ensino jur\u00eddico, trocar experi\u00eancias e articular a\u00e7\u00f5es\u201d. Dessa forma, o evento d\u00e1 a oportunidade de cl\u00ednicas jur\u00eddicas dialogarem e compartilharem seus projetos entre si e com a sociedade. A CdH participou do evento na Sess\u00e3o Tem\u00e1tica \u201cAcesso \u00e0 Justi\u00e7a e G\u00eanero nas Cl\u00ednicas Jur\u00eddicas\u201d. No eixo Transpasse, foi apresentado o trabalho \u201cO controle dos corpos no c\u00e1rcere: os procedimentos administrativos disciplinares na Ala LGBT mineira\u201d, onde foi abordado os processos de criminaliza\u00e7\u00e3o e recriminaliza\u00e7\u00e3o das pessoas trans e travestis no c\u00e1rcere. Tamb\u00e9m, foi apresentado o trabalho \u201cAcesso \u00e0 Justi\u00e7a e o direito de ser m\u00e3e: o papel da advocacia cl\u00ednica na disputa de narrativas\u201d, que abordava os direitos reprodutivos e sexuais, dando grande foco ao afastamento compuls\u00f3rio de m\u00e3es e seus beb\u00eas.<\/p>\n","protected":false},"author":2,"featured_media":1521,"comment_status":"closed","ping_status":"closed","sticky":false,"template":"","format":"standard","meta":{"footnotes":""},"categories":[62,1],"tags":[],"class_list":["post-1520","post","type-post","status-publish","format-standard","has-post-thumbnail","hentry","category-destaque","category-noticias"],"yoast_head":"<!-- This site is optimized with the Yoast SEO plugin v25.3 - https:\/\/yoast.com\/wordpress\/plugins\/seo\/ -->\n<title>IV F\u00f3rum Nacional de Cl\u00ednicas Jur\u00eddicas - Cl\u00ednica de Direitos Humanos da UFMG<\/title>\n<meta name=\"robots\" content=\"index, follow, max-snippet:-1, max-image-preview:large, max-video-preview:-1\" \/>\n<link rel=\"canonical\" href=\"https:\/\/clinicadh.direito.ufmg.br\/index.php\/2020\/12\/04\/iv-forum-nacional-de-clinicas-juridicas\/\" \/>\n<meta property=\"og:locale\" content=\"pt_BR\" \/>\n<meta property=\"og:type\" content=\"article\" \/>\n<meta property=\"og:title\" content=\"IV F\u00f3rum Nacional de Cl\u00ednicas Jur\u00eddicas - Cl\u00ednica de Direitos Humanos da UFMG\" \/>\n<meta property=\"og:description\" content=\"Organizados pela Cl\u00ednica de Direitos Humanos Luiz Gama (FD USP) e pela Coordenadoria de Pr\u00e1tica Jur\u00eddica da Escola de Direito de S\u00e3o Paulo da FGV,\u00a0 o IV F\u00f3rum Nacional de Cl\u00ednicas Jur\u00eddicas ocorreu nos dias 5 e 6 de novembro. O F\u00f3rum promove encontros anuais de cl\u00ednicas de diferentes universidades \u201ccom os objetivos de debater a metodologia cl\u00ednica de ensino jur\u00eddico, trocar experi\u00eancias e articular a\u00e7\u00f5es\u201d. Dessa forma, o evento d\u00e1 a oportunidade de cl\u00ednicas jur\u00eddicas dialogarem e compartilharem seus projetos entre si e com a sociedade. A CdH participou do evento na Sess\u00e3o Tem\u00e1tica \u201cAcesso \u00e0 Justi\u00e7a e G\u00eanero nas Cl\u00ednicas Jur\u00eddicas\u201d. No eixo Transpasse, foi apresentado o trabalho \u201cO controle dos corpos no c\u00e1rcere: os procedimentos administrativos disciplinares na Ala LGBT mineira\u201d, onde foi abordado os processos de criminaliza\u00e7\u00e3o e recriminaliza\u00e7\u00e3o das pessoas trans e travestis no c\u00e1rcere. Tamb\u00e9m, foi apresentado o trabalho \u201cAcesso \u00e0 Justi\u00e7a e o direito de ser m\u00e3e: o papel da advocacia cl\u00ednica na disputa de narrativas\u201d, que abordava os direitos reprodutivos e sexuais, dando grande foco ao afastamento compuls\u00f3rio de m\u00e3es e seus beb\u00eas.\" \/>\n<meta property=\"og:url\" content=\"https:\/\/clinicadh.direito.ufmg.br\/index.php\/2020\/12\/04\/iv-forum-nacional-de-clinicas-juridicas\/\" \/>\n<meta property=\"og:site_name\" content=\"Cl\u00ednica de Direitos Humanos da UFMG\" \/>\n<meta property=\"article:publisher\" content=\"https:\/\/www.facebook.com\/cdhufmg\/?eid=ARBDSQLce69q0_8v--9A5W6uQzSMctjXi-aHCPLj-fZRI0TKZQaBy-H1YgM9D-FJc2tGPQyTyAg3EYce\" \/>\n<meta property=\"article:published_time\" content=\"2020-12-04T20:20:40+00:00\" \/>\n<meta property=\"article:modified_time\" content=\"2020-12-11T20:30:33+00:00\" \/>\n<meta property=\"og:image\" content=\"https:\/\/clinicadh.direito.ufmg.br\/wp-content\/uploads\/2020\/12\/IV-Forum-Nacional-de-Clinicas.png\" \/>\n\t<meta property=\"og:image:width\" content=\"3000\" \/>\n\t<meta property=\"og:image:height\" content=\"1055\" \/>\n\t<meta property=\"og:image:type\" content=\"image\/png\" \/>\n<meta name=\"author\" content=\"clinicadh\" \/>\n<meta name=\"twitter:card\" content=\"summary_large_image\" \/>\n<meta name=\"twitter:label1\" content=\"Escrito por\" \/>\n\t<meta name=\"twitter:data1\" content=\"clinicadh\" \/>\n\t<meta name=\"twitter:label2\" content=\"Est. tempo de leitura\" \/>\n\t<meta name=\"twitter:data2\" content=\"1 minuto\" \/>\n<script type=\"application\/ld+json\" class=\"yoast-schema-graph\">{\"@context\":\"https:\/\/schema.org\",\"@graph\":[{\"@type\":\"Article\",\"@id\":\"https:\/\/clinicadh.direito.ufmg.br\/index.php\/2020\/12\/04\/iv-forum-nacional-de-clinicas-juridicas\/#article\",\"isPartOf\":{\"@id\":\"https:\/\/clinicadh.direito.ufmg.br\/index.php\/2020\/12\/04\/iv-forum-nacional-de-clinicas-juridicas\/\"},\"author\":{\"name\":\"clinicadh\",\"@id\":\"https:\/\/clinicadh.direito.ufmg.br\/#\/schema\/person\/199b61834219660e4124c6c6d42d70ef\"},\"headline\":\"IV F\u00f3rum Nacional de Cl\u00ednicas Jur\u00eddicas\",\"datePublished\":\"2020-12-04T20:20:40+00:00\",\"dateModified\":\"2020-12-11T20:30:33+00:00\",\"mainEntityOfPage\":{\"@id\":\"https:\/\/clinicadh.direito.ufmg.br\/index.php\/2020\/12\/04\/iv-forum-nacional-de-clinicas-juridicas\/\"},\"wordCount\":218,\"publisher\":{\"@id\":\"https:\/\/clinicadh.direito.ufmg.br\/#organization\"},\"image\":{\"@id\":\"https:\/\/clinicadh.direito.ufmg.br\/index.php\/2020\/12\/04\/iv-forum-nacional-de-clinicas-juridicas\/#primaryimage\"},\"thumbnailUrl\":\"https:\/\/clinicadh.direito.ufmg.br\/wp-content\/uploads\/2020\/12\/IV-Forum-Nacional-de-Clinicas.png\",\"articleSection\":[\"Destaque\",\"Not\u00edcias\"],\"inLanguage\":\"pt-BR\"},{\"@type\":\"WebPage\",\"@id\":\"https:\/\/clinicadh.direito.ufmg.br\/index.php\/2020\/12\/04\/iv-forum-nacional-de-clinicas-juridicas\/\",\"url\":\"https:\/\/clinicadh.direito.ufmg.br\/index.php\/2020\/12\/04\/iv-forum-nacional-de-clinicas-juridicas\/\",\"name\":\"IV F\u00f3rum Nacional de Cl\u00ednicas Jur\u00eddicas - Cl\u00ednica de Direitos Humanos da UFMG\",\"isPartOf\":{\"@id\":\"https:\/\/clinicadh.direito.ufmg.br\/#website\"},\"primaryImageOfPage\":{\"@id\":\"https:\/\/clinicadh.direito.ufmg.br\/index.php\/2020\/12\/04\/iv-forum-nacional-de-clinicas-juridicas\/#primaryimage\"},\"image\":{\"@id\":\"https:\/\/clinicadh.direito.ufmg.br\/index.php\/2020\/12\/04\/iv-forum-nacional-de-clinicas-juridicas\/#primaryimage\"},\"thumbnailUrl\":\"https:\/\/clinicadh.direito.ufmg.br\/wp-content\/uploads\/2020\/12\/IV-Forum-Nacional-de-Clinicas.png\",\"datePublished\":\"2020-12-04T20:20:40+00:00\",\"dateModified\":\"2020-12-11T20:30:33+00:00\",\"breadcrumb\":{\"@id\":\"https:\/\/clinicadh.direito.ufmg.br\/index.php\/2020\/12\/04\/iv-forum-nacional-de-clinicas-juridicas\/#breadcrumb\"},\"inLanguage\":\"pt-BR\",\"potentialAction\":[{\"@type\":\"ReadAction\",\"target\":[\"https:\/\/clinicadh.direito.ufmg.br\/index.php\/2020\/12\/04\/iv-forum-nacional-de-clinicas-juridicas\/\"]}]},{\"@type\":\"ImageObject\",\"inLanguage\":\"pt-BR\",\"@id\":\"https:\/\/clinicadh.direito.ufmg.br\/index.php\/2020\/12\/04\/iv-forum-nacional-de-clinicas-juridicas\/#primaryimage\",\"url\":\"https:\/\/clinicadh.direito.ufmg.br\/wp-content\/uploads\/2020\/12\/IV-Forum-Nacional-de-Clinicas.png\",\"contentUrl\":\"https:\/\/clinicadh.direito.ufmg.br\/wp-content\/uploads\/2020\/12\/IV-Forum-Nacional-de-Clinicas.png\",\"width\":3000,\"height\":1055},{\"@type\":\"BreadcrumbList\",\"@id\":\"https:\/\/clinicadh.direito.ufmg.br\/index.php\/2020\/12\/04\/iv-forum-nacional-de-clinicas-juridicas\/#breadcrumb\",\"itemListElement\":[{\"@type\":\"ListItem\",\"position\":1,\"name\":\"In\u00edcio\",\"item\":\"https:\/\/clinicadh.direito.ufmg.br\/\"},{\"@type\":\"ListItem\",\"position\":2,\"name\":\"IV F\u00f3rum Nacional de Cl\u00ednicas Jur\u00eddicas\"}]},{\"@type\":\"WebSite\",\"@id\":\"https:\/\/clinicadh.direito.ufmg.br\/#website\",\"url\":\"https:\/\/clinicadh.direito.ufmg.br\/\",\"name\":\"Cl\u00ednica de Direitos Humanos da UFMG\",\"description\":\"Cl\u00ednica de Direitos Humanos da Universidade Federal de Minas Gerais\",\"publisher\":{\"@id\":\"https:\/\/clinicadh.direito.ufmg.br\/#organization\"},\"potentialAction\":[{\"@type\":\"SearchAction\",\"target\":{\"@type\":\"EntryPoint\",\"urlTemplate\":\"https:\/\/clinicadh.direito.ufmg.br\/?s={search_term_string}\"},\"query-input\":{\"@type\":\"PropertyValueSpecification\",\"valueRequired\":true,\"valueName\":\"search_term_string\"}}],\"inLanguage\":\"pt-BR\"},{\"@type\":\"Organization\",\"@id\":\"https:\/\/clinicadh.direito.ufmg.br\/#organization\",\"name\":\"Cl\u00ednica de Direitos Humanos da UFMG\",\"url\":\"https:\/\/clinicadh.direito.ufmg.br\/\",\"logo\":{\"@type\":\"ImageObject\",\"inLanguage\":\"pt-BR\",\"@id\":\"https:\/\/clinicadh.direito.ufmg.br\/#\/schema\/logo\/image\/\",\"url\":\"https:\/\/clinicadh.direito.ufmg.br\/wp-content\/uploads\/2015\/06\/c.jpg\",\"contentUrl\":\"https:\/\/clinicadh.direito.ufmg.br\/wp-content\/uploads\/2015\/06\/c.jpg\",\"width\":1200,\"height\":500,\"caption\":\"Cl\u00ednica de Direitos Humanos da UFMG\"},\"image\":{\"@id\":\"https:\/\/clinicadh.direito.ufmg.br\/#\/schema\/logo\/image\/\"},\"sameAs\":[\"https:\/\/www.facebook.com\/cdhufmg\/?eid=ARBDSQLce69q0_8v--9A5W6uQzSMctjXi-aHCPLj-fZRI0TKZQaBy-H1YgM9D-FJc2tGPQyTyAg3EYce\"]},{\"@type\":\"Person\",\"@id\":\"https:\/\/clinicadh.direito.ufmg.br\/#\/schema\/person\/199b61834219660e4124c6c6d42d70ef\",\"name\":\"clinicadh\",\"image\":{\"@type\":\"ImageObject\",\"inLanguage\":\"pt-BR\",\"@id\":\"https:\/\/clinicadh.direito.ufmg.br\/#\/schema\/person\/image\/\",\"url\":\"https:\/\/secure.gravatar.com\/avatar\/16bc1198b987032b17958ebcf9e07bb521ed2431022e3e5b1944820cd5bb431f?s=96&d=mm&r=g\",\"contentUrl\":\"https:\/\/secure.gravatar.com\/avatar\/16bc1198b987032b17958ebcf9e07bb521ed2431022e3e5b1944820cd5bb431f?s=96&d=mm&r=g\",\"caption\":\"clinicadh\"}}]}<\/script>\n<!-- \/ Yoast SEO plugin. -->","yoast_head_json":{"title":"IV F\u00f3rum Nacional de Cl\u00ednicas Jur\u00eddicas - Cl\u00ednica de Direitos Humanos da UFMG","robots":{"index":"index","follow":"follow","max-snippet":"max-snippet:-1","max-image-preview":"max-image-preview:large","max-video-preview":"max-video-preview:-1"},"canonical":"https:\/\/clinicadh.direito.ufmg.br\/index.php\/2020\/12\/04\/iv-forum-nacional-de-clinicas-juridicas\/","og_locale":"pt_BR","og_type":"article","og_title":"IV F\u00f3rum Nacional de Cl\u00ednicas Jur\u00eddicas - Cl\u00ednica de Direitos Humanos da UFMG","og_description":"Organizados pela Cl\u00ednica de Direitos Humanos Luiz Gama (FD USP) e pela Coordenadoria de Pr\u00e1tica Jur\u00eddica da Escola de Direito de S\u00e3o Paulo da FGV,\u00a0 o IV F\u00f3rum Nacional de Cl\u00ednicas Jur\u00eddicas ocorreu nos dias 5 e 6 de novembro. O F\u00f3rum promove encontros anuais de cl\u00ednicas de diferentes universidades \u201ccom os objetivos de debater a metodologia cl\u00ednica de ensino jur\u00eddico, trocar experi\u00eancias e articular a\u00e7\u00f5es\u201d. Dessa forma, o evento d\u00e1 a oportunidade de cl\u00ednicas jur\u00eddicas dialogarem e compartilharem seus projetos entre si e com a sociedade. A CdH participou do evento na Sess\u00e3o Tem\u00e1tica \u201cAcesso \u00e0 Justi\u00e7a e G\u00eanero nas Cl\u00ednicas Jur\u00eddicas\u201d. No eixo Transpasse, foi apresentado o trabalho \u201cO controle dos corpos no c\u00e1rcere: os procedimentos administrativos disciplinares na Ala LGBT mineira\u201d, onde foi abordado os processos de criminaliza\u00e7\u00e3o e recriminaliza\u00e7\u00e3o das pessoas trans e travestis no c\u00e1rcere. Tamb\u00e9m, foi apresentado o trabalho \u201cAcesso \u00e0 Justi\u00e7a e o direito de ser m\u00e3e: o papel da advocacia cl\u00ednica na disputa de narrativas\u201d, que abordava os direitos reprodutivos e sexuais, dando grande foco ao afastamento compuls\u00f3rio de m\u00e3es e seus beb\u00eas.","og_url":"https:\/\/clinicadh.direito.ufmg.br\/index.php\/2020\/12\/04\/iv-forum-nacional-de-clinicas-juridicas\/","og_site_name":"Cl\u00ednica de Direitos Humanos da UFMG","article_publisher":"https:\/\/www.facebook.com\/cdhufmg\/?eid=ARBDSQLce69q0_8v--9A5W6uQzSMctjXi-aHCPLj-fZRI0TKZQaBy-H1YgM9D-FJc2tGPQyTyAg3EYce","article_published_time":"2020-12-04T20:20:40+00:00","article_modified_time":"2020-12-11T20:30:33+00:00","og_image":[{"width":3000,"height":1055,"url":"https:\/\/clinicadh.direito.ufmg.br\/wp-content\/uploads\/2020\/12\/IV-Forum-Nacional-de-Clinicas.png","type":"image\/png"}],"author":"clinicadh","twitter_card":"summary_large_image","twitter_misc":{"Escrito por":"clinicadh","Est. tempo de leitura":"1 minuto"},"schema":{"@context":"https:\/\/schema.org","@graph":[{"@type":"Article","@id":"https:\/\/clinicadh.direito.ufmg.br\/index.php\/2020\/12\/04\/iv-forum-nacional-de-clinicas-juridicas\/#article","isPartOf":{"@id":"https:\/\/clinicadh.direito.ufmg.br\/index.php\/2020\/12\/04\/iv-forum-nacional-de-clinicas-juridicas\/"},"author":{"name":"clinicadh","@id":"https:\/\/clinicadh.direito.ufmg.br\/#\/schema\/person\/199b61834219660e4124c6c6d42d70ef"},"headline":"IV F\u00f3rum Nacional de Cl\u00ednicas Jur\u00eddicas","datePublished":"2020-12-04T20:20:40+00:00","dateModified":"2020-12-11T20:30:33+00:00","mainEntityOfPage":{"@id":"https:\/\/clinicadh.direito.ufmg.br\/index.php\/2020\/12\/04\/iv-forum-nacional-de-clinicas-juridicas\/"},"wordCount":218,"publisher":{"@id":"https:\/\/clinicadh.direito.ufmg.br\/#organization"},"image":{"@id":"https:\/\/clinicadh.direito.ufmg.br\/index.php\/2020\/12\/04\/iv-forum-nacional-de-clinicas-juridicas\/#primaryimage"},"thumbnailUrl":"https:\/\/clinicadh.direito.ufmg.br\/wp-content\/uploads\/2020\/12\/IV-Forum-Nacional-de-Clinicas.png","articleSection":["Destaque","Not\u00edcias"],"inLanguage":"pt-BR"},{"@type":"WebPage","@id":"https:\/\/clinicadh.direito.ufmg.br\/index.php\/2020\/12\/04\/iv-forum-nacional-de-clinicas-juridicas\/","url":"https:\/\/clinicadh.direito.ufmg.br\/index.php\/2020\/12\/04\/iv-forum-nacional-de-clinicas-juridicas\/","name":"IV F\u00f3rum Nacional de Cl\u00ednicas Jur\u00eddicas - Cl\u00ednica de Direitos Humanos da UFMG","isPartOf":{"@id":"https:\/\/clinicadh.direito.ufmg.br\/#website"},"primaryImageOfPage":{"@id":"https:\/\/clinicadh.direito.ufmg.br\/index.php\/2020\/12\/04\/iv-forum-nacional-de-clinicas-juridicas\/#primaryimage"},"image":{"@id":"https:\/\/clinicadh.direito.ufmg.br\/index.php\/2020\/12\/04\/iv-forum-nacional-de-clinicas-juridicas\/#primaryimage"},"thumbnailUrl":"https:\/\/clinicadh.direito.ufmg.br\/wp-content\/uploads\/2020\/12\/IV-Forum-Nacional-de-Clinicas.png","datePublished":"2020-12-04T20:20:40+00:00","dateModified":"2020-12-11T20:30:33+00:00","breadcrumb":{"@id":"https:\/\/clinicadh.direito.ufmg.br\/index.php\/2020\/12\/04\/iv-forum-nacional-de-clinicas-juridicas\/#breadcrumb"},"inLanguage":"pt-BR","potentialAction":[{"@type":"ReadAction","target":["https:\/\/clinicadh.direito.ufmg.br\/index.php\/2020\/12\/04\/iv-forum-nacional-de-clinicas-juridicas\/"]}]},{"@type":"ImageObject","inLanguage":"pt-BR","@id":"https:\/\/clinicadh.direito.ufmg.br\/index.php\/2020\/12\/04\/iv-forum-nacional-de-clinicas-juridicas\/#primaryimage","url":"https:\/\/clinicadh.direito.ufmg.br\/wp-content\/uploads\/2020\/12\/IV-Forum-Nacional-de-Clinicas.png","contentUrl":"https:\/\/clinicadh.direito.ufmg.br\/wp-content\/uploads\/2020\/12\/IV-Forum-Nacional-de-Clinicas.png","width":3000,"height":1055},{"@type":"BreadcrumbList","@id":"https:\/\/clinicadh.direito.ufmg.br\/index.php\/2020\/12\/04\/iv-forum-nacional-de-clinicas-juridicas\/#breadcrumb","itemListElement":[{"@type":"ListItem","position":1,"name":"In\u00edcio","item":"https:\/\/clinicadh.direito.ufmg.br\/"},{"@type":"ListItem","position":2,"name":"IV F\u00f3rum Nacional de Cl\u00ednicas Jur\u00eddicas"}]},{"@type":"WebSite","@id":"https:\/\/clinicadh.direito.ufmg.br\/#website","url":"https:\/\/clinicadh.direito.ufmg.br\/","name":"Cl\u00ednica de Direitos Humanos da UFMG","description":"Cl\u00ednica de Direitos Humanos da Universidade Federal de Minas Gerais","publisher":{"@id":"https:\/\/clinicadh.direito.ufmg.br\/#organization"},"potentialAction":[{"@type":"SearchAction","target":{"@type":"EntryPoint","urlTemplate":"https:\/\/clinicadh.direito.ufmg.br\/?s={search_term_string}"},"query-input":{"@type":"PropertyValueSpecification","valueRequired":true,"valueName":"search_term_string"}}],"inLanguage":"pt-BR"},{"@type":"Organization","@id":"https:\/\/clinicadh.direito.ufmg.br\/#organization","name":"Cl\u00ednica de Direitos Humanos da UFMG","url":"https:\/\/clinicadh.direito.ufmg.br\/","logo":{"@type":"ImageObject","inLanguage":"pt-BR","@id":"https:\/\/clinicadh.direito.ufmg.br\/#\/schema\/logo\/image\/","url":"https:\/\/clinicadh.direito.ufmg.br\/wp-content\/uploads\/2015\/06\/c.jpg","contentUrl":"https:\/\/clinicadh.direito.ufmg.br\/wp-content\/uploads\/2015\/06\/c.jpg","width":1200,"height":500,"caption":"Cl\u00ednica de Direitos Humanos da UFMG"},"image":{"@id":"https:\/\/clinicadh.direito.ufmg.br\/#\/schema\/logo\/image\/"},"sameAs":["https:\/\/www.facebook.com\/cdhufmg\/?eid=ARBDSQLce69q0_8v--9A5W6uQzSMctjXi-aHCPLj-fZRI0TKZQaBy-H1YgM9D-FJc2tGPQyTyAg3EYce"]},{"@type":"Person","@id":"https:\/\/clinicadh.direito.ufmg.br\/#\/schema\/person\/199b61834219660e4124c6c6d42d70ef","name":"clinicadh","image":{"@type":"ImageObject","inLanguage":"pt-BR","@id":"https:\/\/clinicadh.direito.ufmg.br\/#\/schema\/person\/image\/","url":"https:\/\/secure.gravatar.com\/avatar\/16bc1198b987032b17958ebcf9e07bb521ed2431022e3e5b1944820cd5bb431f?s=96&d=mm&r=g","contentUrl":"https:\/\/secure.gravatar.com\/avatar\/16bc1198b987032b17958ebcf9e07bb521ed2431022e3e5b1944820cd5bb431f?s=96&d=mm&r=g","caption":"clinicadh"}}]}},"_links":{"self":[{"href":"https:\/\/clinicadh.direito.ufmg.br\/index.php\/wp-json\/wp\/v2\/posts\/1520","targetHints":{"allow":["GET"]}}],"collection":[{"href":"https:\/\/clinicadh.direito.ufmg.br\/index.php\/wp-json\/wp\/v2\/posts"}],"about":[{"href":"https:\/\/clinicadh.direito.ufmg.br\/index.php\/wp-json\/wp\/v2\/types\/post"}],"author":[{"embeddable":true,"href":"https:\/\/clinicadh.direito.ufmg.br\/index.php\/wp-json\/wp\/v2\/users\/2"}],"replies":[{"embeddable":true,"href":"https:\/\/clinicadh.direito.ufmg.br\/index.php\/wp-json\/wp\/v2\/comments?post=1520"}],"version-history":[{"count":0,"href":"https:\/\/clinicadh.direito.ufmg.br\/index.php\/wp-json\/wp\/v2\/posts\/1520\/revisions"}],"wp:featuredmedia":[{"embeddable":true,"href":"https:\/\/clinicadh.direito.ufmg.br\/index.php\/wp-json\/wp\/v2\/media\/1521"}],"wp:attachment":[{"href":"https:\/\/clinicadh.direito.ufmg.br\/index.php\/wp-json\/wp\/v2\/media?parent=1520"}],"wp:term":[{"taxonomy":"category","embeddable":true,"href":"https:\/\/clinicadh.direito.ufmg.br\/index.php\/wp-json\/wp\/v2\/categories?post=1520"},{"taxonomy":"post_tag","embeddable":true,"href":"https:\/\/clinicadh.direito.ufmg.br\/index.php\/wp-json\/wp\/v2\/tags?post=1520"}],"curies":[{"name":"wp","href":"https:\/\/api.w.org\/{rel}","templated":true}]}}