{"id":1459,"date":"2020-09-16T17:15:03","date_gmt":"2020-09-16T20:15:03","guid":{"rendered":"https:\/\/clinicadh.direito.ufmg.br\/?p=1459"},"modified":"2020-09-21T16:46:47","modified_gmt":"2020-09-21T19:46:47","slug":"edital-03-2020-selecao-de-estagiariao-de-comunicacao","status":"publish","type":"post","link":"https:\/\/clinicadh.direito.ufmg.br\/index.php\/2020\/09\/16\/edital-03-2020-selecao-de-estagiariao-de-comunicacao\/","title":{"rendered":"EDITAL 03\/2020 Sele\u00e7\u00e3o de Estagi\u00e1ria(o) de Comunica\u00e7\u00e3o"},"content":{"rendered":"<p>Est\u00e3o abertas as inscri\u00e7\u00f5es para uma vaga de est\u00e1gio de comunica\u00e7\u00e3o na CdH\/UFMG!<\/p>\n<p>As inscri\u00e7\u00f5es acontecer\u00e3o entre <strong>15 e 25 de setembro<\/strong>.<\/p>\n<p><strong>S\u00e3o requisitos para a inscri\u00e7\u00e3o, a serem analisados no momento da submiss\u00e3o da candidatura:<\/strong><\/p>\n<ul>\n<li>Estar regularmente matriculada(o) a partir do terceiro \u200bper\u00edodo no \u200bcurso de Comunica\u00e7\u00e3o Social, Publicidade e Propaganda ou Jornalismo, da Universidade Federal de Minas Gerais;<\/li>\n<li>Conhecimento b\u00e1sico dos programas da Adobe (Adobe Photoshop e Illustrator) e dos aplicativos da plataforma Google;<\/li>\n<li>Boa reda\u00e7\u00e3o;<\/li>\n<li>Organiza\u00e7\u00e3o;<\/li>\n<li>Ter disponibilidade de hor\u00e1rios compat\u00edveis com as atribui\u00e7\u00f5es da extens\u00e3o;<\/li>\n<li>Cumprir 20h semanais de atividades;<\/li>\n<li>\u00a0Comparecer \u00e0s reuni\u00f5es internas da CdH\/UFMG, que est\u00e3o ocorrendo de modo virtual, semanalmente \u00e0s ter\u00e7as-feiras, \u00e0s 13:00h.<\/li>\n<li>Para admiss\u00e3o no programa de bolsas, a(o) estudante n\u00e3o poder\u00e1 estar vinculada(o) a nenhum outro tipo de bolsa acad\u00eamica;<\/li>\n<\/ul>\n<p><strong>Atribui\u00e7\u00f5es da Vaga:<\/strong><\/p>\n<ul>\n<li>Gerenciar as redes sociais e o site da CdH\/UFMG, o que abrange a elabora\u00e7\u00e3o de artes gr\u00e1ficas e material informativo, bem como o planejamento de suas postagens.<\/li>\n<li>Elaborar estrat\u00e9gias de comunica\u00e7\u00e3o e apoiar a execu\u00e7\u00e3o de a\u00e7\u00f5es comunicacionais junto \u00e0 comunidade acad\u00eamica e externa;<\/li>\n<li>Participar nas atividades coletivas e interdisciplinares da Cl\u00ednica.<\/li>\n<\/ul>\n<p>A inscri\u00e7\u00e3o ser\u00e1 feita por e-mail enviado ao clinicadhufmg@gmail.com, com o assunto INSCRI\u00c7\u00c3O EDITAL 03\/2020 (Nome da candidata(o)), devendo ser anexado ao corpo do e-mail o Curriculum Vitae da(o) candidata(o) (at\u00e9 2 p\u00e1ginas), sendo admitidas as que forem enviadas entre os dias 15 a 25 de setembro de 2020, at\u00e9 \u00e0s 23h59.<\/p>\n<p>Para mais detalhes sobre a vaga, confira o Edital completo clicando<a href=\"https:\/\/www.dropbox.com\/s\/xkvv9n3txufh4um\/EDITAL%20DE%20SELE%C3%87%C3%83O%20DE%20ESTAGI%C3%81RIOS%2003_2020.pdf?dl=0\"> aqui<\/a>.<\/p>\n","protected":false},"excerpt":{"rendered":"<p>Est\u00e3o abertas as inscri\u00e7\u00f5es para uma vaga de est\u00e1gio de comunica\u00e7\u00e3o na CdH\/UFMG! As inscri\u00e7\u00f5es acontecer\u00e3o entre 15 e 25 de setembro. S\u00e3o requisitos para a inscri\u00e7\u00e3o, a serem analisados no momento da submiss\u00e3o da candidatura: Estar regularmente matriculada(o) a partir do terceiro \u200bper\u00edodo no \u200bcurso de Comunica\u00e7\u00e3o Social, Publicidade e Propaganda ou Jornalismo, da Universidade Federal de Minas Gerais; Conhecimento b\u00e1sico dos programas da Adobe (Adobe Photoshop e Illustrator) e dos aplicativos da plataforma Google; Boa reda\u00e7\u00e3o; Organiza\u00e7\u00e3o; Ter disponibilidade de hor\u00e1rios compat\u00edveis com as atribui\u00e7\u00f5es da extens\u00e3o; Cumprir 20h semanais de atividades; \u00a0Comparecer \u00e0s reuni\u00f5es internas da CdH\/UFMG, que est\u00e3o ocorrendo de modo virtual, semanalmente \u00e0s ter\u00e7as-feiras, \u00e0s 13:00h. Para admiss\u00e3o no programa de bolsas, a(o) estudante n\u00e3o poder\u00e1 estar vinculada(o) a nenhum outro tipo de bolsa acad\u00eamica; Atribui\u00e7\u00f5es da Vaga: Gerenciar as redes sociais e o site da CdH\/UFMG, o que abrange a elabora\u00e7\u00e3o de artes gr\u00e1ficas e material informativo, bem como o planejamento de suas postagens. Elaborar estrat\u00e9gias de comunica\u00e7\u00e3o e apoiar a execu\u00e7\u00e3o de a\u00e7\u00f5es comunicacionais junto \u00e0 comunidade acad\u00eamica e externa; Participar nas atividades coletivas e interdisciplinares da Cl\u00ednica. A inscri\u00e7\u00e3o ser\u00e1 feita por e-mail enviado ao clinicadhufmg@gmail.com, com o assunto INSCRI\u00c7\u00c3O EDITAL 03\/2020 (Nome da candidata(o)), devendo ser anexado ao corpo do e-mail o Curriculum Vitae da(o) candidata(o) (at\u00e9 2 p\u00e1ginas), sendo admitidas as que forem enviadas entre os dias 15 a 25 de setembro de 2020, at\u00e9 \u00e0s 23h59. Para mais detalhes sobre a vaga, confira o Edital completo clicando aqui.<\/p>\n","protected":false},"author":2,"featured_media":0,"comment_status":"closed","ping_status":"closed","sticky":false,"template":"","format":"standard","meta":{"footnotes":""},"categories":[1],"tags":[],"class_list":["post-1459","post","type-post","status-publish","format-standard","hentry","category-noticias"],"yoast_head":"<!-- This site is optimized with the Yoast SEO plugin v25.3 - https:\/\/yoast.com\/wordpress\/plugins\/seo\/ -->\n<title>EDITAL 03\/2020 Sele\u00e7\u00e3o de Estagi\u00e1ria(o) de Comunica\u00e7\u00e3o - Cl\u00ednica de Direitos Humanos da UFMG<\/title>\n<meta name=\"robots\" content=\"index, follow, max-snippet:-1, max-image-preview:large, max-video-preview:-1\" \/>\n<link rel=\"canonical\" href=\"https:\/\/clinicadh.direito.ufmg.br\/index.php\/2020\/09\/16\/edital-03-2020-selecao-de-estagiariao-de-comunicacao\/\" \/>\n<meta property=\"og:locale\" content=\"pt_BR\" \/>\n<meta property=\"og:type\" content=\"article\" \/>\n<meta property=\"og:title\" content=\"EDITAL 03\/2020 Sele\u00e7\u00e3o de Estagi\u00e1ria(o) de Comunica\u00e7\u00e3o - Cl\u00ednica de Direitos Humanos da UFMG\" \/>\n<meta property=\"og:description\" content=\"Est\u00e3o abertas as inscri\u00e7\u00f5es para uma vaga de est\u00e1gio de comunica\u00e7\u00e3o na CdH\/UFMG! As inscri\u00e7\u00f5es acontecer\u00e3o entre 15 e 25 de setembro. S\u00e3o requisitos para a inscri\u00e7\u00e3o, a serem analisados no momento da submiss\u00e3o da candidatura: Estar regularmente matriculada(o) a partir do terceiro \u200bper\u00edodo no \u200bcurso de Comunica\u00e7\u00e3o Social, Publicidade e Propaganda ou Jornalismo, da Universidade Federal de Minas Gerais; Conhecimento b\u00e1sico dos programas da Adobe (Adobe Photoshop e Illustrator) e dos aplicativos da plataforma Google; Boa reda\u00e7\u00e3o; Organiza\u00e7\u00e3o; Ter disponibilidade de hor\u00e1rios compat\u00edveis com as atribui\u00e7\u00f5es da extens\u00e3o; Cumprir 20h semanais de atividades; \u00a0Comparecer \u00e0s reuni\u00f5es internas da CdH\/UFMG, que est\u00e3o ocorrendo de modo virtual, semanalmente \u00e0s ter\u00e7as-feiras, \u00e0s 13:00h. Para admiss\u00e3o no programa de bolsas, a(o) estudante n\u00e3o poder\u00e1 estar vinculada(o) a nenhum outro tipo de bolsa acad\u00eamica; Atribui\u00e7\u00f5es da Vaga: Gerenciar as redes sociais e o site da CdH\/UFMG, o que abrange a elabora\u00e7\u00e3o de artes gr\u00e1ficas e material informativo, bem como o planejamento de suas postagens. Elaborar estrat\u00e9gias de comunica\u00e7\u00e3o e apoiar a execu\u00e7\u00e3o de a\u00e7\u00f5es comunicacionais junto \u00e0 comunidade acad\u00eamica e externa; Participar nas atividades coletivas e interdisciplinares da Cl\u00ednica. A inscri\u00e7\u00e3o ser\u00e1 feita por e-mail enviado ao clinicadhufmg@gmail.com, com o assunto INSCRI\u00c7\u00c3O EDITAL 03\/2020 (Nome da candidata(o)), devendo ser anexado ao corpo do e-mail o Curriculum Vitae da(o) candidata(o) (at\u00e9 2 p\u00e1ginas), sendo admitidas as que forem enviadas entre os dias 15 a 25 de setembro de 2020, at\u00e9 \u00e0s 23h59. Para mais detalhes sobre a vaga, confira o Edital completo clicando aqui.\" \/>\n<meta property=\"og:url\" content=\"https:\/\/clinicadh.direito.ufmg.br\/index.php\/2020\/09\/16\/edital-03-2020-selecao-de-estagiariao-de-comunicacao\/\" \/>\n<meta property=\"og:site_name\" content=\"Cl\u00ednica de Direitos Humanos da UFMG\" \/>\n<meta property=\"article:publisher\" content=\"https:\/\/www.facebook.com\/cdhufmg\/?eid=ARBDSQLce69q0_8v--9A5W6uQzSMctjXi-aHCPLj-fZRI0TKZQaBy-H1YgM9D-FJc2tGPQyTyAg3EYce\" \/>\n<meta property=\"article:published_time\" content=\"2020-09-16T20:15:03+00:00\" \/>\n<meta property=\"article:modified_time\" content=\"2020-09-21T19:46:47+00:00\" \/>\n<meta name=\"author\" content=\"clinicadh\" \/>\n<meta name=\"twitter:card\" content=\"summary_large_image\" \/>\n<meta name=\"twitter:label1\" content=\"Escrito por\" \/>\n\t<meta name=\"twitter:data1\" content=\"clinicadh\" \/>\n\t<meta name=\"twitter:label2\" content=\"Est. tempo de leitura\" \/>\n\t<meta name=\"twitter:data2\" content=\"1 minuto\" \/>\n<script type=\"application\/ld+json\" class=\"yoast-schema-graph\">{\"@context\":\"https:\/\/schema.org\",\"@graph\":[{\"@type\":\"Article\",\"@id\":\"https:\/\/clinicadh.direito.ufmg.br\/index.php\/2020\/09\/16\/edital-03-2020-selecao-de-estagiariao-de-comunicacao\/#article\",\"isPartOf\":{\"@id\":\"https:\/\/clinicadh.direito.ufmg.br\/index.php\/2020\/09\/16\/edital-03-2020-selecao-de-estagiariao-de-comunicacao\/\"},\"author\":{\"name\":\"clinicadh\",\"@id\":\"https:\/\/clinicadh.direito.ufmg.br\/#\/schema\/person\/199b61834219660e4124c6c6d42d70ef\"},\"headline\":\"EDITAL 03\/2020 Sele\u00e7\u00e3o de Estagi\u00e1ria(o) de Comunica\u00e7\u00e3o\",\"datePublished\":\"2020-09-16T20:15:03+00:00\",\"dateModified\":\"2020-09-21T19:46:47+00:00\",\"mainEntityOfPage\":{\"@id\":\"https:\/\/clinicadh.direito.ufmg.br\/index.php\/2020\/09\/16\/edital-03-2020-selecao-de-estagiariao-de-comunicacao\/\"},\"wordCount\":298,\"publisher\":{\"@id\":\"https:\/\/clinicadh.direito.ufmg.br\/#organization\"},\"articleSection\":[\"Not\u00edcias\"],\"inLanguage\":\"pt-BR\"},{\"@type\":\"WebPage\",\"@id\":\"https:\/\/clinicadh.direito.ufmg.br\/index.php\/2020\/09\/16\/edital-03-2020-selecao-de-estagiariao-de-comunicacao\/\",\"url\":\"https:\/\/clinicadh.direito.ufmg.br\/index.php\/2020\/09\/16\/edital-03-2020-selecao-de-estagiariao-de-comunicacao\/\",\"name\":\"EDITAL 03\/2020 Sele\u00e7\u00e3o de Estagi\u00e1ria(o) de Comunica\u00e7\u00e3o - Cl\u00ednica de Direitos Humanos da UFMG\",\"isPartOf\":{\"@id\":\"https:\/\/clinicadh.direito.ufmg.br\/#website\"},\"datePublished\":\"2020-09-16T20:15:03+00:00\",\"dateModified\":\"2020-09-21T19:46:47+00:00\",\"breadcrumb\":{\"@id\":\"https:\/\/clinicadh.direito.ufmg.br\/index.php\/2020\/09\/16\/edital-03-2020-selecao-de-estagiariao-de-comunicacao\/#breadcrumb\"},\"inLanguage\":\"pt-BR\",\"potentialAction\":[{\"@type\":\"ReadAction\",\"target\":[\"https:\/\/clinicadh.direito.ufmg.br\/index.php\/2020\/09\/16\/edital-03-2020-selecao-de-estagiariao-de-comunicacao\/\"]}]},{\"@type\":\"BreadcrumbList\",\"@id\":\"https:\/\/clinicadh.direito.ufmg.br\/index.php\/2020\/09\/16\/edital-03-2020-selecao-de-estagiariao-de-comunicacao\/#breadcrumb\",\"itemListElement\":[{\"@type\":\"ListItem\",\"position\":1,\"name\":\"In\u00edcio\",\"item\":\"https:\/\/clinicadh.direito.ufmg.br\/\"},{\"@type\":\"ListItem\",\"position\":2,\"name\":\"EDITAL 03\/2020 Sele\u00e7\u00e3o de Estagi\u00e1ria(o) de Comunica\u00e7\u00e3o\"}]},{\"@type\":\"WebSite\",\"@id\":\"https:\/\/clinicadh.direito.ufmg.br\/#website\",\"url\":\"https:\/\/clinicadh.direito.ufmg.br\/\",\"name\":\"Cl\u00ednica de Direitos Humanos da UFMG\",\"description\":\"Cl\u00ednica de Direitos Humanos da Universidade Federal de Minas Gerais\",\"publisher\":{\"@id\":\"https:\/\/clinicadh.direito.ufmg.br\/#organization\"},\"potentialAction\":[{\"@type\":\"SearchAction\",\"target\":{\"@type\":\"EntryPoint\",\"urlTemplate\":\"https:\/\/clinicadh.direito.ufmg.br\/?s={search_term_string}\"},\"query-input\":{\"@type\":\"PropertyValueSpecification\",\"valueRequired\":true,\"valueName\":\"search_term_string\"}}],\"inLanguage\":\"pt-BR\"},{\"@type\":\"Organization\",\"@id\":\"https:\/\/clinicadh.direito.ufmg.br\/#organization\",\"name\":\"Cl\u00ednica de Direitos Humanos da UFMG\",\"url\":\"https:\/\/clinicadh.direito.ufmg.br\/\",\"logo\":{\"@type\":\"ImageObject\",\"inLanguage\":\"pt-BR\",\"@id\":\"https:\/\/clinicadh.direito.ufmg.br\/#\/schema\/logo\/image\/\",\"url\":\"https:\/\/clinicadh.direito.ufmg.br\/wp-content\/uploads\/2015\/06\/c.jpg\",\"contentUrl\":\"https:\/\/clinicadh.direito.ufmg.br\/wp-content\/uploads\/2015\/06\/c.jpg\",\"width\":1200,\"height\":500,\"caption\":\"Cl\u00ednica de Direitos Humanos da UFMG\"},\"image\":{\"@id\":\"https:\/\/clinicadh.direito.ufmg.br\/#\/schema\/logo\/image\/\"},\"sameAs\":[\"https:\/\/www.facebook.com\/cdhufmg\/?eid=ARBDSQLce69q0_8v--9A5W6uQzSMctjXi-aHCPLj-fZRI0TKZQaBy-H1YgM9D-FJc2tGPQyTyAg3EYce\"]},{\"@type\":\"Person\",\"@id\":\"https:\/\/clinicadh.direito.ufmg.br\/#\/schema\/person\/199b61834219660e4124c6c6d42d70ef\",\"name\":\"clinicadh\",\"image\":{\"@type\":\"ImageObject\",\"inLanguage\":\"pt-BR\",\"@id\":\"https:\/\/clinicadh.direito.ufmg.br\/#\/schema\/person\/image\/\",\"url\":\"https:\/\/secure.gravatar.com\/avatar\/16bc1198b987032b17958ebcf9e07bb521ed2431022e3e5b1944820cd5bb431f?s=96&d=mm&r=g\",\"contentUrl\":\"https:\/\/secure.gravatar.com\/avatar\/16bc1198b987032b17958ebcf9e07bb521ed2431022e3e5b1944820cd5bb431f?s=96&d=mm&r=g\",\"caption\":\"clinicadh\"}}]}<\/script>\n<!-- \/ Yoast SEO plugin. -->","yoast_head_json":{"title":"EDITAL 03\/2020 Sele\u00e7\u00e3o de Estagi\u00e1ria(o) de Comunica\u00e7\u00e3o - Cl\u00ednica de Direitos Humanos da UFMG","robots":{"index":"index","follow":"follow","max-snippet":"max-snippet:-1","max-image-preview":"max-image-preview:large","max-video-preview":"max-video-preview:-1"},"canonical":"https:\/\/clinicadh.direito.ufmg.br\/index.php\/2020\/09\/16\/edital-03-2020-selecao-de-estagiariao-de-comunicacao\/","og_locale":"pt_BR","og_type":"article","og_title":"EDITAL 03\/2020 Sele\u00e7\u00e3o de Estagi\u00e1ria(o) de Comunica\u00e7\u00e3o - Cl\u00ednica de Direitos Humanos da UFMG","og_description":"Est\u00e3o abertas as inscri\u00e7\u00f5es para uma vaga de est\u00e1gio de comunica\u00e7\u00e3o na CdH\/UFMG! As inscri\u00e7\u00f5es acontecer\u00e3o entre 15 e 25 de setembro. S\u00e3o requisitos para a inscri\u00e7\u00e3o, a serem analisados no momento da submiss\u00e3o da candidatura: Estar regularmente matriculada(o) a partir do terceiro \u200bper\u00edodo no \u200bcurso de Comunica\u00e7\u00e3o Social, Publicidade e Propaganda ou Jornalismo, da Universidade Federal de Minas Gerais; Conhecimento b\u00e1sico dos programas da Adobe (Adobe Photoshop e Illustrator) e dos aplicativos da plataforma Google; Boa reda\u00e7\u00e3o; Organiza\u00e7\u00e3o; Ter disponibilidade de hor\u00e1rios compat\u00edveis com as atribui\u00e7\u00f5es da extens\u00e3o; Cumprir 20h semanais de atividades; \u00a0Comparecer \u00e0s reuni\u00f5es internas da CdH\/UFMG, que est\u00e3o ocorrendo de modo virtual, semanalmente \u00e0s ter\u00e7as-feiras, \u00e0s 13:00h. Para admiss\u00e3o no programa de bolsas, a(o) estudante n\u00e3o poder\u00e1 estar vinculada(o) a nenhum outro tipo de bolsa acad\u00eamica; Atribui\u00e7\u00f5es da Vaga: Gerenciar as redes sociais e o site da CdH\/UFMG, o que abrange a elabora\u00e7\u00e3o de artes gr\u00e1ficas e material informativo, bem como o planejamento de suas postagens. Elaborar estrat\u00e9gias de comunica\u00e7\u00e3o e apoiar a execu\u00e7\u00e3o de a\u00e7\u00f5es comunicacionais junto \u00e0 comunidade acad\u00eamica e externa; Participar nas atividades coletivas e interdisciplinares da Cl\u00ednica. A inscri\u00e7\u00e3o ser\u00e1 feita por e-mail enviado ao clinicadhufmg@gmail.com, com o assunto INSCRI\u00c7\u00c3O EDITAL 03\/2020 (Nome da candidata(o)), devendo ser anexado ao corpo do e-mail o Curriculum Vitae da(o) candidata(o) (at\u00e9 2 p\u00e1ginas), sendo admitidas as que forem enviadas entre os dias 15 a 25 de setembro de 2020, at\u00e9 \u00e0s 23h59. Para mais detalhes sobre a vaga, confira o Edital completo clicando aqui.","og_url":"https:\/\/clinicadh.direito.ufmg.br\/index.php\/2020\/09\/16\/edital-03-2020-selecao-de-estagiariao-de-comunicacao\/","og_site_name":"Cl\u00ednica de Direitos Humanos da UFMG","article_publisher":"https:\/\/www.facebook.com\/cdhufmg\/?eid=ARBDSQLce69q0_8v--9A5W6uQzSMctjXi-aHCPLj-fZRI0TKZQaBy-H1YgM9D-FJc2tGPQyTyAg3EYce","article_published_time":"2020-09-16T20:15:03+00:00","article_modified_time":"2020-09-21T19:46:47+00:00","author":"clinicadh","twitter_card":"summary_large_image","twitter_misc":{"Escrito por":"clinicadh","Est. tempo de leitura":"1 minuto"},"schema":{"@context":"https:\/\/schema.org","@graph":[{"@type":"Article","@id":"https:\/\/clinicadh.direito.ufmg.br\/index.php\/2020\/09\/16\/edital-03-2020-selecao-de-estagiariao-de-comunicacao\/#article","isPartOf":{"@id":"https:\/\/clinicadh.direito.ufmg.br\/index.php\/2020\/09\/16\/edital-03-2020-selecao-de-estagiariao-de-comunicacao\/"},"author":{"name":"clinicadh","@id":"https:\/\/clinicadh.direito.ufmg.br\/#\/schema\/person\/199b61834219660e4124c6c6d42d70ef"},"headline":"EDITAL 03\/2020 Sele\u00e7\u00e3o de Estagi\u00e1ria(o) de Comunica\u00e7\u00e3o","datePublished":"2020-09-16T20:15:03+00:00","dateModified":"2020-09-21T19:46:47+00:00","mainEntityOfPage":{"@id":"https:\/\/clinicadh.direito.ufmg.br\/index.php\/2020\/09\/16\/edital-03-2020-selecao-de-estagiariao-de-comunicacao\/"},"wordCount":298,"publisher":{"@id":"https:\/\/clinicadh.direito.ufmg.br\/#organization"},"articleSection":["Not\u00edcias"],"inLanguage":"pt-BR"},{"@type":"WebPage","@id":"https:\/\/clinicadh.direito.ufmg.br\/index.php\/2020\/09\/16\/edital-03-2020-selecao-de-estagiariao-de-comunicacao\/","url":"https:\/\/clinicadh.direito.ufmg.br\/index.php\/2020\/09\/16\/edital-03-2020-selecao-de-estagiariao-de-comunicacao\/","name":"EDITAL 03\/2020 Sele\u00e7\u00e3o de Estagi\u00e1ria(o) de Comunica\u00e7\u00e3o - Cl\u00ednica de Direitos Humanos da UFMG","isPartOf":{"@id":"https:\/\/clinicadh.direito.ufmg.br\/#website"},"datePublished":"2020-09-16T20:15:03+00:00","dateModified":"2020-09-21T19:46:47+00:00","breadcrumb":{"@id":"https:\/\/clinicadh.direito.ufmg.br\/index.php\/2020\/09\/16\/edital-03-2020-selecao-de-estagiariao-de-comunicacao\/#breadcrumb"},"inLanguage":"pt-BR","potentialAction":[{"@type":"ReadAction","target":["https:\/\/clinicadh.direito.ufmg.br\/index.php\/2020\/09\/16\/edital-03-2020-selecao-de-estagiariao-de-comunicacao\/"]}]},{"@type":"BreadcrumbList","@id":"https:\/\/clinicadh.direito.ufmg.br\/index.php\/2020\/09\/16\/edital-03-2020-selecao-de-estagiariao-de-comunicacao\/#breadcrumb","itemListElement":[{"@type":"ListItem","position":1,"name":"In\u00edcio","item":"https:\/\/clinicadh.direito.ufmg.br\/"},{"@type":"ListItem","position":2,"name":"EDITAL 03\/2020 Sele\u00e7\u00e3o de Estagi\u00e1ria(o) de Comunica\u00e7\u00e3o"}]},{"@type":"WebSite","@id":"https:\/\/clinicadh.direito.ufmg.br\/#website","url":"https:\/\/clinicadh.direito.ufmg.br\/","name":"Cl\u00ednica de Direitos Humanos da UFMG","description":"Cl\u00ednica de Direitos Humanos da Universidade Federal de Minas Gerais","publisher":{"@id":"https:\/\/clinicadh.direito.ufmg.br\/#organization"},"potentialAction":[{"@type":"SearchAction","target":{"@type":"EntryPoint","urlTemplate":"https:\/\/clinicadh.direito.ufmg.br\/?s={search_term_string}"},"query-input":{"@type":"PropertyValueSpecification","valueRequired":true,"valueName":"search_term_string"}}],"inLanguage":"pt-BR"},{"@type":"Organization","@id":"https:\/\/clinicadh.direito.ufmg.br\/#organization","name":"Cl\u00ednica de Direitos Humanos da UFMG","url":"https:\/\/clinicadh.direito.ufmg.br\/","logo":{"@type":"ImageObject","inLanguage":"pt-BR","@id":"https:\/\/clinicadh.direito.ufmg.br\/#\/schema\/logo\/image\/","url":"https:\/\/clinicadh.direito.ufmg.br\/wp-content\/uploads\/2015\/06\/c.jpg","contentUrl":"https:\/\/clinicadh.direito.ufmg.br\/wp-content\/uploads\/2015\/06\/c.jpg","width":1200,"height":500,"caption":"Cl\u00ednica de Direitos Humanos da UFMG"},"image":{"@id":"https:\/\/clinicadh.direito.ufmg.br\/#\/schema\/logo\/image\/"},"sameAs":["https:\/\/www.facebook.com\/cdhufmg\/?eid=ARBDSQLce69q0_8v--9A5W6uQzSMctjXi-aHCPLj-fZRI0TKZQaBy-H1YgM9D-FJc2tGPQyTyAg3EYce"]},{"@type":"Person","@id":"https:\/\/clinicadh.direito.ufmg.br\/#\/schema\/person\/199b61834219660e4124c6c6d42d70ef","name":"clinicadh","image":{"@type":"ImageObject","inLanguage":"pt-BR","@id":"https:\/\/clinicadh.direito.ufmg.br\/#\/schema\/person\/image\/","url":"https:\/\/secure.gravatar.com\/avatar\/16bc1198b987032b17958ebcf9e07bb521ed2431022e3e5b1944820cd5bb431f?s=96&d=mm&r=g","contentUrl":"https:\/\/secure.gravatar.com\/avatar\/16bc1198b987032b17958ebcf9e07bb521ed2431022e3e5b1944820cd5bb431f?s=96&d=mm&r=g","caption":"clinicadh"}}]}},"_links":{"self":[{"href":"https:\/\/clinicadh.direito.ufmg.br\/index.php\/wp-json\/wp\/v2\/posts\/1459","targetHints":{"allow":["GET"]}}],"collection":[{"href":"https:\/\/clinicadh.direito.ufmg.br\/index.php\/wp-json\/wp\/v2\/posts"}],"about":[{"href":"https:\/\/clinicadh.direito.ufmg.br\/index.php\/wp-json\/wp\/v2\/types\/post"}],"author":[{"embeddable":true,"href":"https:\/\/clinicadh.direito.ufmg.br\/index.php\/wp-json\/wp\/v2\/users\/2"}],"replies":[{"embeddable":true,"href":"https:\/\/clinicadh.direito.ufmg.br\/index.php\/wp-json\/wp\/v2\/comments?post=1459"}],"version-history":[{"count":0,"href":"https:\/\/clinicadh.direito.ufmg.br\/index.php\/wp-json\/wp\/v2\/posts\/1459\/revisions"}],"wp:attachment":[{"href":"https:\/\/clinicadh.direito.ufmg.br\/index.php\/wp-json\/wp\/v2\/media?parent=1459"}],"wp:term":[{"taxonomy":"category","embeddable":true,"href":"https:\/\/clinicadh.direito.ufmg.br\/index.php\/wp-json\/wp\/v2\/categories?post=1459"},{"taxonomy":"post_tag","embeddable":true,"href":"https:\/\/clinicadh.direito.ufmg.br\/index.php\/wp-json\/wp\/v2\/tags?post=1459"}],"curies":[{"name":"wp","href":"https:\/\/api.w.org\/{rel}","templated":true}]}}