{"id":1452,"date":"2020-08-19T17:29:21","date_gmt":"2020-08-19T20:29:21","guid":{"rendered":"https:\/\/clinicadh.direito.ufmg.br\/?p=1452"},"modified":"2020-11-13T13:13:39","modified_gmt":"2020-11-13T16:13:39","slug":"clinica-de-direitos-humanos-da-ufmg-apresenta-memoriais-e-pedido-de-ingresso-na-qualidade-de-amicus-curiae-na-adpf-457","status":"publish","type":"post","link":"https:\/\/clinicadh.direito.ufmg.br\/index.php\/2020\/08\/19\/clinica-de-direitos-humanos-da-ufmg-apresenta-memoriais-e-pedido-de-ingresso-na-qualidade-de-amicus-curiae-na-adpf-457\/","title":{"rendered":"Cl\u00ednica de Direitos Humanos da UFMG Apresenta Memoriais e Pedido de Ingresso na Qualidade de Amicus Curiae na ADPF 457"},"content":{"rendered":"<p><span style=\"font-weight: 400;\">Em abril de 2020, a Cl\u00ednica de Direitos Humanos da UFMG entrou com pedido de ingresso na qualidade de <em>Amicus Curiae<\/em> na A\u00e7\u00e3o de Descumprimento de Preceito Fundamental 457. Na mesma oportunidade, foram apresentados memoriais elencando argumentos e informa\u00e7\u00f5es que pudessem contribuir para o debate.\u00a0<\/span><\/p>\n<p><span style=\"font-weight: 400;\">A ADPF 457, proposta pela Procuradoria Geral da Rep\u00fablica, tratava da inconstitucionalidade da Lei n\u00b0 1.516, de 30 de junho de 2015, do Munic\u00edpio de Novo Gama (GO), que proibia materiais did\u00e1ticos com informa\u00e7\u00e3o de \u201cideologia de g\u00eanero\u201d em escolas municipais. A a\u00e7\u00e3o tinha como argumento o fato de a referida normativa utilizar a gen\u00e9rica e indevida express\u00e3o \u201cideologia de g\u00eanero\u201d para proibir uso e veicula\u00e7\u00e3o de material did\u00e1tico que tratasse sobre temas de g\u00eanero e para vedar a simples discuss\u00e3o sobre g\u00eanero e sexualidade em sala de aula. Desse modo, a Lei n\u00b0 1.516\/15 al\u00e9m de usurpar a compet\u00eancia privativa da Uni\u00e3o para fixar normas gerais de ensino e educa\u00e7\u00e3o, refor\u00e7aria a discrimina\u00e7\u00e3o de g\u00eanero e contra a popula\u00e7\u00e3o LGBT+, violando o pluralismo do processo educativo, a laicidade do estado e os direitos fundamentais \u00e0 igualdade, \u00e0 liberdade de ensino e de aprendizado, \u00e0 prote\u00e7\u00e3o contra censura e \u00e0 liberdade de orienta\u00e7\u00e3o sexual.\u00a0<\/span><\/p>\n<p><span style=\"font-weight: 400;\">A Cl\u00ednica de Direitos Humanos da UFMG, ao requerer a participa\u00e7\u00e3o na condi\u00e7\u00e3o de <\/span><i><span style=\"font-weight: 400;\">Amicus Curiae<\/span><\/i><span style=\"font-weight: 400;\"> na ADPF 457, tinha como objetivo contribuir para o debate a respeito do tema e auxiliar o \u00f3rg\u00e3o jurisdicional ao inserir no processo mais elementos informativos, hist\u00f3ricos e jur\u00eddicos que pudessem lastrear o processo decis\u00f3rio. Para tanto, em um processo de constru\u00e7\u00e3o conjunta dos colaboradores da CdH, foi apresentado um memorial que abordava as seguintes frentes argumentativas: i) a incompet\u00eancia do munic\u00edpio para editar norma restringindo ensino e uso de material did\u00e1tico; ii) a defesa do projeto constitucional de educa\u00e7\u00e3o inclusiva, plural e democr\u00e1tica e as amea\u00e7as de uma vis\u00e3o autorit\u00e1ria de ensino no brasil contempor\u00e2neo; iii)\u00a0 defesa do direito \u00e0 educa\u00e7\u00e3o, no que diz respeito \u00e0 liberdade para aprender e liberdade para ensinar.<\/span><\/p>\n<p><span style=\"font-weight: 400;\">Infelizmente, nosso pedido de ingresso foi indeferido pelo Ministro Relator da ADPF 457, Alexandre de Moraes, o que certamente n\u00e3o reduziu a import\u00e2ncia de nosso trabalho: nossos argumentos integraram a discuss\u00e3o e estiveram \u00e0 disposi\u00e7\u00e3o dos ministros para enriquecer o debate.\u00a0<\/span><\/p>\n<p><span style=\"font-weight: 400;\">Por fim, em 27 de abril de 2020, foi julgada procedente a ADPF 457, por unanimidade, decidindo o STF pela inconstitucionalidade formal e material da\u00a0 Lei n\u00b0 1.516, de 30 de junho de 2015, do Munic\u00edpio de Novo Gama (GO). Essa foi a primeira de muitas decis\u00f5es nesse sentido: desde o julgamento da ADPF 457, o STF j\u00e1 entendeu pela inconstitucionalidade de outras duas leis municipais que proibiam no \u00e2mbito da educa\u00e7\u00e3o municipal qualquer refer\u00eancia \u00e0 diversidade de g\u00eanero e \u00e0 orienta\u00e7\u00e3o sexual (ADPF 467 MG e ADPF 526 PR). A expectativa \u00e9 a de que a Suprema Corte continue decidindo em favor das liberdades de express\u00e3o e de manifesta\u00e7\u00e3o do pensamento nas escolas em outras a\u00e7\u00f5es futuras.\u00a0<\/span><\/p>\n<p>Para ler o<em> Amicus<\/em> produzido pela CdH clique <a href=\"https:\/\/www.dropbox.com\/s\/d5o7q7g2l8ls9fo\/AMICUS%20STF%20ADPF%20457%20%28Protocolo_%2016.04.2020%29.pdf?dl=0\">aqui.<\/a><\/p>\n<p>&nbsp;<\/p>\n<p><em>Obras de Bia Leite \u201cTravesti da lambada e deusa das \u00e1guas\u201d e \u201cAdriano baf\u00f4nica e Luiz Fran\u00e7a She-h\u00e1\u201d,\u00a02013<br \/>\n<\/em>Dispon\u00edvel em <a href=\"https:\/\/www.hypeness.com.br\/2018\/08\/queermuseu-abre-no-rio-vencendo-a-censura-e-a-polemica\/\">Hypeness<\/a><\/p>\n","protected":false},"excerpt":{"rendered":"<p>Em abril de 2020, a Cl\u00ednica de Direitos Humanos da UFMG entrou com pedido de ingresso na qualidade de Amicus Curiae na A\u00e7\u00e3o de Descumprimento de Preceito Fundamental 457. Na mesma oportunidade, foram apresentados memoriais elencando argumentos e informa\u00e7\u00f5es que pudessem contribuir para o debate.\u00a0 A ADPF 457, proposta pela Procuradoria Geral da Rep\u00fablica, tratava da inconstitucionalidade da Lei n\u00b0 1.516, de 30 de junho de 2015, do Munic\u00edpio de Novo Gama (GO), que proibia materiais did\u00e1ticos com informa\u00e7\u00e3o de \u201cideologia de g\u00eanero\u201d em escolas municipais. A a\u00e7\u00e3o tinha como argumento o fato de a referida normativa utilizar a gen\u00e9rica e indevida express\u00e3o \u201cideologia de g\u00eanero\u201d para proibir uso e veicula\u00e7\u00e3o de material did\u00e1tico que tratasse sobre temas de g\u00eanero e para vedar a simples discuss\u00e3o sobre g\u00eanero e sexualidade em sala de aula. Desse modo, a Lei n\u00b0 1.516\/15 al\u00e9m de usurpar a compet\u00eancia privativa da Uni\u00e3o para fixar normas gerais de ensino e educa\u00e7\u00e3o, refor\u00e7aria a discrimina\u00e7\u00e3o de g\u00eanero e contra a popula\u00e7\u00e3o LGBT+, violando o pluralismo do processo educativo, a laicidade do estado e os direitos fundamentais \u00e0 igualdade, \u00e0 liberdade de ensino e de aprendizado, \u00e0 prote\u00e7\u00e3o contra censura e \u00e0 liberdade de orienta\u00e7\u00e3o sexual.\u00a0 A Cl\u00ednica de Direitos Humanos da UFMG, ao requerer a participa\u00e7\u00e3o na condi\u00e7\u00e3o de Amicus Curiae na ADPF 457, tinha como objetivo contribuir para o debate a respeito do tema e auxiliar o \u00f3rg\u00e3o jurisdicional ao inserir no processo mais elementos informativos, hist\u00f3ricos e jur\u00eddicos que pudessem lastrear o processo decis\u00f3rio. Para tanto, em um processo de constru\u00e7\u00e3o conjunta dos colaboradores da CdH, foi apresentado um memorial que abordava as seguintes frentes argumentativas: i) a incompet\u00eancia do munic\u00edpio para editar norma restringindo ensino e uso de material did\u00e1tico; ii) a defesa do projeto constitucional de educa\u00e7\u00e3o inclusiva, plural e democr\u00e1tica e as amea\u00e7as de uma vis\u00e3o autorit\u00e1ria de ensino no brasil contempor\u00e2neo; iii)\u00a0 defesa do direito \u00e0 educa\u00e7\u00e3o, no que diz respeito \u00e0 liberdade para aprender e liberdade para ensinar. Infelizmente, nosso pedido de ingresso foi indeferido pelo Ministro Relator da ADPF 457, Alexandre de Moraes, o que certamente n\u00e3o reduziu a import\u00e2ncia de nosso trabalho: nossos argumentos integraram a discuss\u00e3o e estiveram \u00e0 disposi\u00e7\u00e3o dos ministros para enriquecer o debate.\u00a0 Por fim, em 27 de abril de 2020, foi julgada procedente a ADPF 457, por unanimidade, decidindo o STF pela inconstitucionalidade formal e material da\u00a0 Lei n\u00b0 1.516, de 30 de junho de 2015, do Munic\u00edpio de Novo Gama (GO). Essa foi a primeira de muitas decis\u00f5es nesse sentido: desde o julgamento da ADPF 457, o STF j\u00e1 entendeu pela inconstitucionalidade de outras duas leis municipais que proibiam no \u00e2mbito da educa\u00e7\u00e3o municipal qualquer refer\u00eancia \u00e0 diversidade de g\u00eanero e \u00e0 orienta\u00e7\u00e3o sexual (ADPF 467 MG e ADPF 526 PR). A expectativa \u00e9 a de que a Suprema Corte continue decidindo em favor das liberdades de express\u00e3o e de manifesta\u00e7\u00e3o do pensamento nas escolas em outras a\u00e7\u00f5es futuras.\u00a0 Para ler o Amicus produzido pela CdH clique aqui. &nbsp; Obras de Bia Leite \u201cTravesti da lambada e deusa das \u00e1guas\u201d e \u201cAdriano baf\u00f4nica e Luiz Fran\u00e7a She-h\u00e1\u201d,\u00a02013 Dispon\u00edvel em Hypeness<\/p>\n","protected":false},"author":2,"featured_media":1515,"comment_status":"closed","ping_status":"closed","sticky":false,"template":"","format":"standard","meta":{"footnotes":""},"categories":[56,62,1],"tags":[],"class_list":["post-1452","post","type-post","status-publish","format-standard","has-post-thumbnail","hentry","category-artigos","category-destaque","category-noticias"],"yoast_head":"<!-- This site is optimized with the Yoast SEO plugin v25.3 - https:\/\/yoast.com\/wordpress\/plugins\/seo\/ -->\n<title>Cl\u00ednica de Direitos Humanos da UFMG Apresenta Memoriais e Pedido de Ingresso na Qualidade de Amicus Curiae na ADPF 457 - Cl\u00ednica de Direitos Humanos da UFMG<\/title>\n<meta name=\"robots\" content=\"index, follow, max-snippet:-1, max-image-preview:large, max-video-preview:-1\" \/>\n<link rel=\"canonical\" href=\"https:\/\/clinicadh.direito.ufmg.br\/index.php\/2020\/08\/19\/clinica-de-direitos-humanos-da-ufmg-apresenta-memoriais-e-pedido-de-ingresso-na-qualidade-de-amicus-curiae-na-adpf-457\/\" \/>\n<meta property=\"og:locale\" content=\"pt_BR\" \/>\n<meta property=\"og:type\" content=\"article\" \/>\n<meta property=\"og:title\" content=\"Cl\u00ednica de Direitos Humanos da UFMG Apresenta Memoriais e Pedido de Ingresso na Qualidade de Amicus Curiae na ADPF 457 - Cl\u00ednica de Direitos Humanos da UFMG\" \/>\n<meta property=\"og:description\" content=\"Em abril de 2020, a Cl\u00ednica de Direitos Humanos da UFMG entrou com pedido de ingresso na qualidade de Amicus Curiae na A\u00e7\u00e3o de Descumprimento de Preceito Fundamental 457. Na mesma oportunidade, foram apresentados memoriais elencando argumentos e informa\u00e7\u00f5es que pudessem contribuir para o debate.\u00a0 A ADPF 457, proposta pela Procuradoria Geral da Rep\u00fablica, tratava da inconstitucionalidade da Lei n\u00b0 1.516, de 30 de junho de 2015, do Munic\u00edpio de Novo Gama (GO), que proibia materiais did\u00e1ticos com informa\u00e7\u00e3o de \u201cideologia de g\u00eanero\u201d em escolas municipais. A a\u00e7\u00e3o tinha como argumento o fato de a referida normativa utilizar a gen\u00e9rica e indevida express\u00e3o \u201cideologia de g\u00eanero\u201d para proibir uso e veicula\u00e7\u00e3o de material did\u00e1tico que tratasse sobre temas de g\u00eanero e para vedar a simples discuss\u00e3o sobre g\u00eanero e sexualidade em sala de aula. Desse modo, a Lei n\u00b0 1.516\/15 al\u00e9m de usurpar a compet\u00eancia privativa da Uni\u00e3o para fixar normas gerais de ensino e educa\u00e7\u00e3o, refor\u00e7aria a discrimina\u00e7\u00e3o de g\u00eanero e contra a popula\u00e7\u00e3o LGBT+, violando o pluralismo do processo educativo, a laicidade do estado e os direitos fundamentais \u00e0 igualdade, \u00e0 liberdade de ensino e de aprendizado, \u00e0 prote\u00e7\u00e3o contra censura e \u00e0 liberdade de orienta\u00e7\u00e3o sexual.\u00a0 A Cl\u00ednica de Direitos Humanos da UFMG, ao requerer a participa\u00e7\u00e3o na condi\u00e7\u00e3o de Amicus Curiae na ADPF 457, tinha como objetivo contribuir para o debate a respeito do tema e auxiliar o \u00f3rg\u00e3o jurisdicional ao inserir no processo mais elementos informativos, hist\u00f3ricos e jur\u00eddicos que pudessem lastrear o processo decis\u00f3rio. Para tanto, em um processo de constru\u00e7\u00e3o conjunta dos colaboradores da CdH, foi apresentado um memorial que abordava as seguintes frentes argumentativas: i) a incompet\u00eancia do munic\u00edpio para editar norma restringindo ensino e uso de material did\u00e1tico; ii) a defesa do projeto constitucional de educa\u00e7\u00e3o inclusiva, plural e democr\u00e1tica e as amea\u00e7as de uma vis\u00e3o autorit\u00e1ria de ensino no brasil contempor\u00e2neo; iii)\u00a0 defesa do direito \u00e0 educa\u00e7\u00e3o, no que diz respeito \u00e0 liberdade para aprender e liberdade para ensinar. Infelizmente, nosso pedido de ingresso foi indeferido pelo Ministro Relator da ADPF 457, Alexandre de Moraes, o que certamente n\u00e3o reduziu a import\u00e2ncia de nosso trabalho: nossos argumentos integraram a discuss\u00e3o e estiveram \u00e0 disposi\u00e7\u00e3o dos ministros para enriquecer o debate.\u00a0 Por fim, em 27 de abril de 2020, foi julgada procedente a ADPF 457, por unanimidade, decidindo o STF pela inconstitucionalidade formal e material da\u00a0 Lei n\u00b0 1.516, de 30 de junho de 2015, do Munic\u00edpio de Novo Gama (GO). Essa foi a primeira de muitas decis\u00f5es nesse sentido: desde o julgamento da ADPF 457, o STF j\u00e1 entendeu pela inconstitucionalidade de outras duas leis municipais que proibiam no \u00e2mbito da educa\u00e7\u00e3o municipal qualquer refer\u00eancia \u00e0 diversidade de g\u00eanero e \u00e0 orienta\u00e7\u00e3o sexual (ADPF 467 MG e ADPF 526 PR). A expectativa \u00e9 a de que a Suprema Corte continue decidindo em favor das liberdades de express\u00e3o e de manifesta\u00e7\u00e3o do pensamento nas escolas em outras a\u00e7\u00f5es futuras.\u00a0 Para ler o Amicus produzido pela CdH clique aqui. &nbsp; Obras de Bia Leite \u201cTravesti da lambada e deusa das \u00e1guas\u201d e \u201cAdriano baf\u00f4nica e Luiz Fran\u00e7a She-h\u00e1\u201d,\u00a02013 Dispon\u00edvel em Hypeness\" \/>\n<meta property=\"og:url\" content=\"https:\/\/clinicadh.direito.ufmg.br\/index.php\/2020\/08\/19\/clinica-de-direitos-humanos-da-ufmg-apresenta-memoriais-e-pedido-de-ingresso-na-qualidade-de-amicus-curiae-na-adpf-457\/\" \/>\n<meta property=\"og:site_name\" content=\"Cl\u00ednica de Direitos Humanos da UFMG\" \/>\n<meta property=\"article:publisher\" content=\"https:\/\/www.facebook.com\/cdhufmg\/?eid=ARBDSQLce69q0_8v--9A5W6uQzSMctjXi-aHCPLj-fZRI0TKZQaBy-H1YgM9D-FJc2tGPQyTyAg3EYce\" \/>\n<meta property=\"article:published_time\" content=\"2020-08-19T20:29:21+00:00\" \/>\n<meta property=\"article:modified_time\" content=\"2020-11-13T16:13:39+00:00\" \/>\n<meta property=\"og:image\" content=\"https:\/\/clinicadh.direito.ufmg.br\/wp-content\/uploads\/2020\/08\/Bia_Leite-1024x360.png\" \/>\n\t<meta property=\"og:image:width\" content=\"1024\" \/>\n\t<meta property=\"og:image:height\" content=\"360\" \/>\n\t<meta property=\"og:image:type\" content=\"image\/png\" \/>\n<meta name=\"author\" content=\"clinicadh\" \/>\n<meta name=\"twitter:card\" content=\"summary_large_image\" \/>\n<meta name=\"twitter:label1\" content=\"Escrito por\" \/>\n\t<meta name=\"twitter:data1\" content=\"clinicadh\" \/>\n\t<meta name=\"twitter:label2\" content=\"Est. tempo de leitura\" \/>\n\t<meta name=\"twitter:data2\" content=\"3 minutos\" \/>\n<script type=\"application\/ld+json\" class=\"yoast-schema-graph\">{\"@context\":\"https:\/\/schema.org\",\"@graph\":[{\"@type\":\"Article\",\"@id\":\"https:\/\/clinicadh.direito.ufmg.br\/index.php\/2020\/08\/19\/clinica-de-direitos-humanos-da-ufmg-apresenta-memoriais-e-pedido-de-ingresso-na-qualidade-de-amicus-curiae-na-adpf-457\/#article\",\"isPartOf\":{\"@id\":\"https:\/\/clinicadh.direito.ufmg.br\/index.php\/2020\/08\/19\/clinica-de-direitos-humanos-da-ufmg-apresenta-memoriais-e-pedido-de-ingresso-na-qualidade-de-amicus-curiae-na-adpf-457\/\"},\"author\":{\"name\":\"clinicadh\",\"@id\":\"https:\/\/clinicadh.direito.ufmg.br\/#\/schema\/person\/199b61834219660e4124c6c6d42d70ef\"},\"headline\":\"Cl\u00ednica de Direitos Humanos da UFMG Apresenta Memoriais e Pedido de Ingresso na Qualidade de Amicus Curiae na ADPF 457\",\"datePublished\":\"2020-08-19T20:29:21+00:00\",\"dateModified\":\"2020-11-13T16:13:39+00:00\",\"mainEntityOfPage\":{\"@id\":\"https:\/\/clinicadh.direito.ufmg.br\/index.php\/2020\/08\/19\/clinica-de-direitos-humanos-da-ufmg-apresenta-memoriais-e-pedido-de-ingresso-na-qualidade-de-amicus-curiae-na-adpf-457\/\"},\"wordCount\":572,\"publisher\":{\"@id\":\"https:\/\/clinicadh.direito.ufmg.br\/#organization\"},\"image\":{\"@id\":\"https:\/\/clinicadh.direito.ufmg.br\/index.php\/2020\/08\/19\/clinica-de-direitos-humanos-da-ufmg-apresenta-memoriais-e-pedido-de-ingresso-na-qualidade-de-amicus-curiae-na-adpf-457\/#primaryimage\"},\"thumbnailUrl\":\"https:\/\/clinicadh.direito.ufmg.br\/wp-content\/uploads\/2020\/08\/Bia_Leite.png\",\"articleSection\":[\"Artigos\",\"Destaque\",\"Not\u00edcias\"],\"inLanguage\":\"pt-BR\"},{\"@type\":\"WebPage\",\"@id\":\"https:\/\/clinicadh.direito.ufmg.br\/index.php\/2020\/08\/19\/clinica-de-direitos-humanos-da-ufmg-apresenta-memoriais-e-pedido-de-ingresso-na-qualidade-de-amicus-curiae-na-adpf-457\/\",\"url\":\"https:\/\/clinicadh.direito.ufmg.br\/index.php\/2020\/08\/19\/clinica-de-direitos-humanos-da-ufmg-apresenta-memoriais-e-pedido-de-ingresso-na-qualidade-de-amicus-curiae-na-adpf-457\/\",\"name\":\"Cl\u00ednica de Direitos Humanos da UFMG Apresenta Memoriais e Pedido de Ingresso na Qualidade de Amicus Curiae na ADPF 457 - Cl\u00ednica de Direitos Humanos da UFMG\",\"isPartOf\":{\"@id\":\"https:\/\/clinicadh.direito.ufmg.br\/#website\"},\"primaryImageOfPage\":{\"@id\":\"https:\/\/clinicadh.direito.ufmg.br\/index.php\/2020\/08\/19\/clinica-de-direitos-humanos-da-ufmg-apresenta-memoriais-e-pedido-de-ingresso-na-qualidade-de-amicus-curiae-na-adpf-457\/#primaryimage\"},\"image\":{\"@id\":\"https:\/\/clinicadh.direito.ufmg.br\/index.php\/2020\/08\/19\/clinica-de-direitos-humanos-da-ufmg-apresenta-memoriais-e-pedido-de-ingresso-na-qualidade-de-amicus-curiae-na-adpf-457\/#primaryimage\"},\"thumbnailUrl\":\"https:\/\/clinicadh.direito.ufmg.br\/wp-content\/uploads\/2020\/08\/Bia_Leite.png\",\"datePublished\":\"2020-08-19T20:29:21+00:00\",\"dateModified\":\"2020-11-13T16:13:39+00:00\",\"breadcrumb\":{\"@id\":\"https:\/\/clinicadh.direito.ufmg.br\/index.php\/2020\/08\/19\/clinica-de-direitos-humanos-da-ufmg-apresenta-memoriais-e-pedido-de-ingresso-na-qualidade-de-amicus-curiae-na-adpf-457\/#breadcrumb\"},\"inLanguage\":\"pt-BR\",\"potentialAction\":[{\"@type\":\"ReadAction\",\"target\":[\"https:\/\/clinicadh.direito.ufmg.br\/index.php\/2020\/08\/19\/clinica-de-direitos-humanos-da-ufmg-apresenta-memoriais-e-pedido-de-ingresso-na-qualidade-de-amicus-curiae-na-adpf-457\/\"]}]},{\"@type\":\"ImageObject\",\"inLanguage\":\"pt-BR\",\"@id\":\"https:\/\/clinicadh.direito.ufmg.br\/index.php\/2020\/08\/19\/clinica-de-direitos-humanos-da-ufmg-apresenta-memoriais-e-pedido-de-ingresso-na-qualidade-de-amicus-curiae-na-adpf-457\/#primaryimage\",\"url\":\"https:\/\/clinicadh.direito.ufmg.br\/wp-content\/uploads\/2020\/08\/Bia_Leite.png\",\"contentUrl\":\"https:\/\/clinicadh.direito.ufmg.br\/wp-content\/uploads\/2020\/08\/Bia_Leite.png\",\"width\":3000,\"height\":1055},{\"@type\":\"BreadcrumbList\",\"@id\":\"https:\/\/clinicadh.direito.ufmg.br\/index.php\/2020\/08\/19\/clinica-de-direitos-humanos-da-ufmg-apresenta-memoriais-e-pedido-de-ingresso-na-qualidade-de-amicus-curiae-na-adpf-457\/#breadcrumb\",\"itemListElement\":[{\"@type\":\"ListItem\",\"position\":1,\"name\":\"In\u00edcio\",\"item\":\"https:\/\/clinicadh.direito.ufmg.br\/\"},{\"@type\":\"ListItem\",\"position\":2,\"name\":\"Cl\u00ednica de Direitos Humanos da UFMG Apresenta Memoriais e Pedido de Ingresso na Qualidade de Amicus Curiae na ADPF 457\"}]},{\"@type\":\"WebSite\",\"@id\":\"https:\/\/clinicadh.direito.ufmg.br\/#website\",\"url\":\"https:\/\/clinicadh.direito.ufmg.br\/\",\"name\":\"Cl\u00ednica de Direitos Humanos da UFMG\",\"description\":\"Cl\u00ednica de Direitos Humanos da Universidade Federal de Minas Gerais\",\"publisher\":{\"@id\":\"https:\/\/clinicadh.direito.ufmg.br\/#organization\"},\"potentialAction\":[{\"@type\":\"SearchAction\",\"target\":{\"@type\":\"EntryPoint\",\"urlTemplate\":\"https:\/\/clinicadh.direito.ufmg.br\/?s={search_term_string}\"},\"query-input\":{\"@type\":\"PropertyValueSpecification\",\"valueRequired\":true,\"valueName\":\"search_term_string\"}}],\"inLanguage\":\"pt-BR\"},{\"@type\":\"Organization\",\"@id\":\"https:\/\/clinicadh.direito.ufmg.br\/#organization\",\"name\":\"Cl\u00ednica de Direitos Humanos da UFMG\",\"url\":\"https:\/\/clinicadh.direito.ufmg.br\/\",\"logo\":{\"@type\":\"ImageObject\",\"inLanguage\":\"pt-BR\",\"@id\":\"https:\/\/clinicadh.direito.ufmg.br\/#\/schema\/logo\/image\/\",\"url\":\"https:\/\/clinicadh.direito.ufmg.br\/wp-content\/uploads\/2015\/06\/c.jpg\",\"contentUrl\":\"https:\/\/clinicadh.direito.ufmg.br\/wp-content\/uploads\/2015\/06\/c.jpg\",\"width\":1200,\"height\":500,\"caption\":\"Cl\u00ednica de Direitos Humanos da UFMG\"},\"image\":{\"@id\":\"https:\/\/clinicadh.direito.ufmg.br\/#\/schema\/logo\/image\/\"},\"sameAs\":[\"https:\/\/www.facebook.com\/cdhufmg\/?eid=ARBDSQLce69q0_8v--9A5W6uQzSMctjXi-aHCPLj-fZRI0TKZQaBy-H1YgM9D-FJc2tGPQyTyAg3EYce\"]},{\"@type\":\"Person\",\"@id\":\"https:\/\/clinicadh.direito.ufmg.br\/#\/schema\/person\/199b61834219660e4124c6c6d42d70ef\",\"name\":\"clinicadh\",\"image\":{\"@type\":\"ImageObject\",\"inLanguage\":\"pt-BR\",\"@id\":\"https:\/\/clinicadh.direito.ufmg.br\/#\/schema\/person\/image\/\",\"url\":\"https:\/\/secure.gravatar.com\/avatar\/16bc1198b987032b17958ebcf9e07bb521ed2431022e3e5b1944820cd5bb431f?s=96&d=mm&r=g\",\"contentUrl\":\"https:\/\/secure.gravatar.com\/avatar\/16bc1198b987032b17958ebcf9e07bb521ed2431022e3e5b1944820cd5bb431f?s=96&d=mm&r=g\",\"caption\":\"clinicadh\"}}]}<\/script>\n<!-- \/ Yoast SEO plugin. -->","yoast_head_json":{"title":"Cl\u00ednica de Direitos Humanos da UFMG Apresenta Memoriais e Pedido de Ingresso na Qualidade de Amicus Curiae na ADPF 457 - Cl\u00ednica de Direitos Humanos da UFMG","robots":{"index":"index","follow":"follow","max-snippet":"max-snippet:-1","max-image-preview":"max-image-preview:large","max-video-preview":"max-video-preview:-1"},"canonical":"https:\/\/clinicadh.direito.ufmg.br\/index.php\/2020\/08\/19\/clinica-de-direitos-humanos-da-ufmg-apresenta-memoriais-e-pedido-de-ingresso-na-qualidade-de-amicus-curiae-na-adpf-457\/","og_locale":"pt_BR","og_type":"article","og_title":"Cl\u00ednica de Direitos Humanos da UFMG Apresenta Memoriais e Pedido de Ingresso na Qualidade de Amicus Curiae na ADPF 457 - Cl\u00ednica de Direitos Humanos da UFMG","og_description":"Em abril de 2020, a Cl\u00ednica de Direitos Humanos da UFMG entrou com pedido de ingresso na qualidade de Amicus Curiae na A\u00e7\u00e3o de Descumprimento de Preceito Fundamental 457. Na mesma oportunidade, foram apresentados memoriais elencando argumentos e informa\u00e7\u00f5es que pudessem contribuir para o debate.\u00a0 A ADPF 457, proposta pela Procuradoria Geral da Rep\u00fablica, tratava da inconstitucionalidade da Lei n\u00b0 1.516, de 30 de junho de 2015, do Munic\u00edpio de Novo Gama (GO), que proibia materiais did\u00e1ticos com informa\u00e7\u00e3o de \u201cideologia de g\u00eanero\u201d em escolas municipais. A a\u00e7\u00e3o tinha como argumento o fato de a referida normativa utilizar a gen\u00e9rica e indevida express\u00e3o \u201cideologia de g\u00eanero\u201d para proibir uso e veicula\u00e7\u00e3o de material did\u00e1tico que tratasse sobre temas de g\u00eanero e para vedar a simples discuss\u00e3o sobre g\u00eanero e sexualidade em sala de aula. Desse modo, a Lei n\u00b0 1.516\/15 al\u00e9m de usurpar a compet\u00eancia privativa da Uni\u00e3o para fixar normas gerais de ensino e educa\u00e7\u00e3o, refor\u00e7aria a discrimina\u00e7\u00e3o de g\u00eanero e contra a popula\u00e7\u00e3o LGBT+, violando o pluralismo do processo educativo, a laicidade do estado e os direitos fundamentais \u00e0 igualdade, \u00e0 liberdade de ensino e de aprendizado, \u00e0 prote\u00e7\u00e3o contra censura e \u00e0 liberdade de orienta\u00e7\u00e3o sexual.\u00a0 A Cl\u00ednica de Direitos Humanos da UFMG, ao requerer a participa\u00e7\u00e3o na condi\u00e7\u00e3o de Amicus Curiae na ADPF 457, tinha como objetivo contribuir para o debate a respeito do tema e auxiliar o \u00f3rg\u00e3o jurisdicional ao inserir no processo mais elementos informativos, hist\u00f3ricos e jur\u00eddicos que pudessem lastrear o processo decis\u00f3rio. Para tanto, em um processo de constru\u00e7\u00e3o conjunta dos colaboradores da CdH, foi apresentado um memorial que abordava as seguintes frentes argumentativas: i) a incompet\u00eancia do munic\u00edpio para editar norma restringindo ensino e uso de material did\u00e1tico; ii) a defesa do projeto constitucional de educa\u00e7\u00e3o inclusiva, plural e democr\u00e1tica e as amea\u00e7as de uma vis\u00e3o autorit\u00e1ria de ensino no brasil contempor\u00e2neo; iii)\u00a0 defesa do direito \u00e0 educa\u00e7\u00e3o, no que diz respeito \u00e0 liberdade para aprender e liberdade para ensinar. Infelizmente, nosso pedido de ingresso foi indeferido pelo Ministro Relator da ADPF 457, Alexandre de Moraes, o que certamente n\u00e3o reduziu a import\u00e2ncia de nosso trabalho: nossos argumentos integraram a discuss\u00e3o e estiveram \u00e0 disposi\u00e7\u00e3o dos ministros para enriquecer o debate.\u00a0 Por fim, em 27 de abril de 2020, foi julgada procedente a ADPF 457, por unanimidade, decidindo o STF pela inconstitucionalidade formal e material da\u00a0 Lei n\u00b0 1.516, de 30 de junho de 2015, do Munic\u00edpio de Novo Gama (GO). Essa foi a primeira de muitas decis\u00f5es nesse sentido: desde o julgamento da ADPF 457, o STF j\u00e1 entendeu pela inconstitucionalidade de outras duas leis municipais que proibiam no \u00e2mbito da educa\u00e7\u00e3o municipal qualquer refer\u00eancia \u00e0 diversidade de g\u00eanero e \u00e0 orienta\u00e7\u00e3o sexual (ADPF 467 MG e ADPF 526 PR). A expectativa \u00e9 a de que a Suprema Corte continue decidindo em favor das liberdades de express\u00e3o e de manifesta\u00e7\u00e3o do pensamento nas escolas em outras a\u00e7\u00f5es futuras.\u00a0 Para ler o Amicus produzido pela CdH clique aqui. &nbsp; Obras de Bia Leite \u201cTravesti da lambada e deusa das \u00e1guas\u201d e \u201cAdriano baf\u00f4nica e Luiz Fran\u00e7a She-h\u00e1\u201d,\u00a02013 Dispon\u00edvel em Hypeness","og_url":"https:\/\/clinicadh.direito.ufmg.br\/index.php\/2020\/08\/19\/clinica-de-direitos-humanos-da-ufmg-apresenta-memoriais-e-pedido-de-ingresso-na-qualidade-de-amicus-curiae-na-adpf-457\/","og_site_name":"Cl\u00ednica de Direitos Humanos da UFMG","article_publisher":"https:\/\/www.facebook.com\/cdhufmg\/?eid=ARBDSQLce69q0_8v--9A5W6uQzSMctjXi-aHCPLj-fZRI0TKZQaBy-H1YgM9D-FJc2tGPQyTyAg3EYce","article_published_time":"2020-08-19T20:29:21+00:00","article_modified_time":"2020-11-13T16:13:39+00:00","og_image":[{"width":1024,"height":360,"url":"https:\/\/clinicadh.direito.ufmg.br\/wp-content\/uploads\/2020\/08\/Bia_Leite-1024x360.png","type":"image\/png"}],"author":"clinicadh","twitter_card":"summary_large_image","twitter_misc":{"Escrito por":"clinicadh","Est. tempo de leitura":"3 minutos"},"schema":{"@context":"https:\/\/schema.org","@graph":[{"@type":"Article","@id":"https:\/\/clinicadh.direito.ufmg.br\/index.php\/2020\/08\/19\/clinica-de-direitos-humanos-da-ufmg-apresenta-memoriais-e-pedido-de-ingresso-na-qualidade-de-amicus-curiae-na-adpf-457\/#article","isPartOf":{"@id":"https:\/\/clinicadh.direito.ufmg.br\/index.php\/2020\/08\/19\/clinica-de-direitos-humanos-da-ufmg-apresenta-memoriais-e-pedido-de-ingresso-na-qualidade-de-amicus-curiae-na-adpf-457\/"},"author":{"name":"clinicadh","@id":"https:\/\/clinicadh.direito.ufmg.br\/#\/schema\/person\/199b61834219660e4124c6c6d42d70ef"},"headline":"Cl\u00ednica de Direitos Humanos da UFMG Apresenta Memoriais e Pedido de Ingresso na Qualidade de Amicus Curiae na ADPF 457","datePublished":"2020-08-19T20:29:21+00:00","dateModified":"2020-11-13T16:13:39+00:00","mainEntityOfPage":{"@id":"https:\/\/clinicadh.direito.ufmg.br\/index.php\/2020\/08\/19\/clinica-de-direitos-humanos-da-ufmg-apresenta-memoriais-e-pedido-de-ingresso-na-qualidade-de-amicus-curiae-na-adpf-457\/"},"wordCount":572,"publisher":{"@id":"https:\/\/clinicadh.direito.ufmg.br\/#organization"},"image":{"@id":"https:\/\/clinicadh.direito.ufmg.br\/index.php\/2020\/08\/19\/clinica-de-direitos-humanos-da-ufmg-apresenta-memoriais-e-pedido-de-ingresso-na-qualidade-de-amicus-curiae-na-adpf-457\/#primaryimage"},"thumbnailUrl":"https:\/\/clinicadh.direito.ufmg.br\/wp-content\/uploads\/2020\/08\/Bia_Leite.png","articleSection":["Artigos","Destaque","Not\u00edcias"],"inLanguage":"pt-BR"},{"@type":"WebPage","@id":"https:\/\/clinicadh.direito.ufmg.br\/index.php\/2020\/08\/19\/clinica-de-direitos-humanos-da-ufmg-apresenta-memoriais-e-pedido-de-ingresso-na-qualidade-de-amicus-curiae-na-adpf-457\/","url":"https:\/\/clinicadh.direito.ufmg.br\/index.php\/2020\/08\/19\/clinica-de-direitos-humanos-da-ufmg-apresenta-memoriais-e-pedido-de-ingresso-na-qualidade-de-amicus-curiae-na-adpf-457\/","name":"Cl\u00ednica de Direitos Humanos da UFMG Apresenta Memoriais e Pedido de Ingresso na Qualidade de Amicus Curiae na ADPF 457 - Cl\u00ednica de Direitos Humanos da UFMG","isPartOf":{"@id":"https:\/\/clinicadh.direito.ufmg.br\/#website"},"primaryImageOfPage":{"@id":"https:\/\/clinicadh.direito.ufmg.br\/index.php\/2020\/08\/19\/clinica-de-direitos-humanos-da-ufmg-apresenta-memoriais-e-pedido-de-ingresso-na-qualidade-de-amicus-curiae-na-adpf-457\/#primaryimage"},"image":{"@id":"https:\/\/clinicadh.direito.ufmg.br\/index.php\/2020\/08\/19\/clinica-de-direitos-humanos-da-ufmg-apresenta-memoriais-e-pedido-de-ingresso-na-qualidade-de-amicus-curiae-na-adpf-457\/#primaryimage"},"thumbnailUrl":"https:\/\/clinicadh.direito.ufmg.br\/wp-content\/uploads\/2020\/08\/Bia_Leite.png","datePublished":"2020-08-19T20:29:21+00:00","dateModified":"2020-11-13T16:13:39+00:00","breadcrumb":{"@id":"https:\/\/clinicadh.direito.ufmg.br\/index.php\/2020\/08\/19\/clinica-de-direitos-humanos-da-ufmg-apresenta-memoriais-e-pedido-de-ingresso-na-qualidade-de-amicus-curiae-na-adpf-457\/#breadcrumb"},"inLanguage":"pt-BR","potentialAction":[{"@type":"ReadAction","target":["https:\/\/clinicadh.direito.ufmg.br\/index.php\/2020\/08\/19\/clinica-de-direitos-humanos-da-ufmg-apresenta-memoriais-e-pedido-de-ingresso-na-qualidade-de-amicus-curiae-na-adpf-457\/"]}]},{"@type":"ImageObject","inLanguage":"pt-BR","@id":"https:\/\/clinicadh.direito.ufmg.br\/index.php\/2020\/08\/19\/clinica-de-direitos-humanos-da-ufmg-apresenta-memoriais-e-pedido-de-ingresso-na-qualidade-de-amicus-curiae-na-adpf-457\/#primaryimage","url":"https:\/\/clinicadh.direito.ufmg.br\/wp-content\/uploads\/2020\/08\/Bia_Leite.png","contentUrl":"https:\/\/clinicadh.direito.ufmg.br\/wp-content\/uploads\/2020\/08\/Bia_Leite.png","width":3000,"height":1055},{"@type":"BreadcrumbList","@id":"https:\/\/clinicadh.direito.ufmg.br\/index.php\/2020\/08\/19\/clinica-de-direitos-humanos-da-ufmg-apresenta-memoriais-e-pedido-de-ingresso-na-qualidade-de-amicus-curiae-na-adpf-457\/#breadcrumb","itemListElement":[{"@type":"ListItem","position":1,"name":"In\u00edcio","item":"https:\/\/clinicadh.direito.ufmg.br\/"},{"@type":"ListItem","position":2,"name":"Cl\u00ednica de Direitos Humanos da UFMG Apresenta Memoriais e Pedido de Ingresso na Qualidade de Amicus Curiae na ADPF 457"}]},{"@type":"WebSite","@id":"https:\/\/clinicadh.direito.ufmg.br\/#website","url":"https:\/\/clinicadh.direito.ufmg.br\/","name":"Cl\u00ednica de Direitos Humanos da UFMG","description":"Cl\u00ednica de Direitos Humanos da Universidade Federal de Minas Gerais","publisher":{"@id":"https:\/\/clinicadh.direito.ufmg.br\/#organization"},"potentialAction":[{"@type":"SearchAction","target":{"@type":"EntryPoint","urlTemplate":"https:\/\/clinicadh.direito.ufmg.br\/?s={search_term_string}"},"query-input":{"@type":"PropertyValueSpecification","valueRequired":true,"valueName":"search_term_string"}}],"inLanguage":"pt-BR"},{"@type":"Organization","@id":"https:\/\/clinicadh.direito.ufmg.br\/#organization","name":"Cl\u00ednica de Direitos Humanos da UFMG","url":"https:\/\/clinicadh.direito.ufmg.br\/","logo":{"@type":"ImageObject","inLanguage":"pt-BR","@id":"https:\/\/clinicadh.direito.ufmg.br\/#\/schema\/logo\/image\/","url":"https:\/\/clinicadh.direito.ufmg.br\/wp-content\/uploads\/2015\/06\/c.jpg","contentUrl":"https:\/\/clinicadh.direito.ufmg.br\/wp-content\/uploads\/2015\/06\/c.jpg","width":1200,"height":500,"caption":"Cl\u00ednica de Direitos Humanos da UFMG"},"image":{"@id":"https:\/\/clinicadh.direito.ufmg.br\/#\/schema\/logo\/image\/"},"sameAs":["https:\/\/www.facebook.com\/cdhufmg\/?eid=ARBDSQLce69q0_8v--9A5W6uQzSMctjXi-aHCPLj-fZRI0TKZQaBy-H1YgM9D-FJc2tGPQyTyAg3EYce"]},{"@type":"Person","@id":"https:\/\/clinicadh.direito.ufmg.br\/#\/schema\/person\/199b61834219660e4124c6c6d42d70ef","name":"clinicadh","image":{"@type":"ImageObject","inLanguage":"pt-BR","@id":"https:\/\/clinicadh.direito.ufmg.br\/#\/schema\/person\/image\/","url":"https:\/\/secure.gravatar.com\/avatar\/16bc1198b987032b17958ebcf9e07bb521ed2431022e3e5b1944820cd5bb431f?s=96&d=mm&r=g","contentUrl":"https:\/\/secure.gravatar.com\/avatar\/16bc1198b987032b17958ebcf9e07bb521ed2431022e3e5b1944820cd5bb431f?s=96&d=mm&r=g","caption":"clinicadh"}}]}},"_links":{"self":[{"href":"https:\/\/clinicadh.direito.ufmg.br\/index.php\/wp-json\/wp\/v2\/posts\/1452","targetHints":{"allow":["GET"]}}],"collection":[{"href":"https:\/\/clinicadh.direito.ufmg.br\/index.php\/wp-json\/wp\/v2\/posts"}],"about":[{"href":"https:\/\/clinicadh.direito.ufmg.br\/index.php\/wp-json\/wp\/v2\/types\/post"}],"author":[{"embeddable":true,"href":"https:\/\/clinicadh.direito.ufmg.br\/index.php\/wp-json\/wp\/v2\/users\/2"}],"replies":[{"embeddable":true,"href":"https:\/\/clinicadh.direito.ufmg.br\/index.php\/wp-json\/wp\/v2\/comments?post=1452"}],"version-history":[{"count":0,"href":"https:\/\/clinicadh.direito.ufmg.br\/index.php\/wp-json\/wp\/v2\/posts\/1452\/revisions"}],"wp:featuredmedia":[{"embeddable":true,"href":"https:\/\/clinicadh.direito.ufmg.br\/index.php\/wp-json\/wp\/v2\/media\/1515"}],"wp:attachment":[{"href":"https:\/\/clinicadh.direito.ufmg.br\/index.php\/wp-json\/wp\/v2\/media?parent=1452"}],"wp:term":[{"taxonomy":"category","embeddable":true,"href":"https:\/\/clinicadh.direito.ufmg.br\/index.php\/wp-json\/wp\/v2\/categories?post=1452"},{"taxonomy":"post_tag","embeddable":true,"href":"https:\/\/clinicadh.direito.ufmg.br\/index.php\/wp-json\/wp\/v2\/tags?post=1452"}],"curies":[{"name":"wp","href":"https:\/\/api.w.org\/{rel}","templated":true}]}}