{"id":136,"date":"2018-10-15T19:44:07","date_gmt":"2018-10-15T22:44:07","guid":{"rendered":"http:\/\/localhost\/cdh\/?p=136"},"modified":"2019-04-14T14:51:15","modified_gmt":"2019-04-14T17:51:15","slug":"justiceforkrenak","status":"publish","type":"post","link":"https:\/\/clinicadh.direito.ufmg.br\/index.php\/2018\/10\/15\/justiceforkrenak\/","title":{"rendered":"#JusticeForKrenak"},"content":{"rendered":"<p class=\"font_8\">Mobilize-se tamb\u00e9m com o abaixo-assinado! #JusticeForKrenak<br \/>\n<a href=\"https:\/\/justicekrenak.com\/\" target=\"_blank\" rel=\"noopener undefined noreferrer\" data-content=\"https:\/\/justicekrenak.com\/\" data-type=\"external\">https:\/\/justicekrenak.com\/<\/a><\/p>\n<p>&nbsp;<\/p>\n<p><img loading=\"lazy\" decoding=\"async\" class=\"aligncenter wp-image-998 size-full\" src=\"https:\/\/clinicadh.direito.ufmg.br\/wp-content\/uploads\/2019\/02\/noticia-20181015b.jpg\" alt=\"\" width=\"548\" height=\"304\" srcset=\"https:\/\/clinicadh.direito.ufmg.br\/wp-content\/uploads\/2019\/02\/noticia-20181015b.jpg 548w, https:\/\/clinicadh.direito.ufmg.br\/wp-content\/uploads\/2019\/02\/noticia-20181015b-300x166.jpg 300w\" sizes=\"auto, (max-width: 548px) 100vw, 548px\" \/><\/p>\n<p class=\"font_8\">Em 2015, os \u00edndios Krenak foram vitimas da maior polui\u00e7\u00e3o da hist\u00f3ria do Brasil, causada pela ind\u00fastria de min\u00e9rios. Uma barragem de rejeitos, propriedade da empresa Samarco, se rompeu. Uma avalanche de res\u00edduos t\u00f3xicos destruiu a bacia do Rio Doce, onde moram os Krenak.<br \/>\nA contamina\u00e7\u00e3o generalizada de seu territ\u00f3rio afetou profundamente a vida quotidiana dos Krenak, privando-os de seus meios tradicionais de subsist\u00eancia.<\/p>\n<p class=\"font_8\">Eles n\u00e3o podem mais pescar, beber nem se banhar nas \u00e1guas do rio, e suas atividades agr\u00edcolas e econ\u00f4micas foram comprometidas. A destrui\u00e7\u00e3o de seu rio sagrado \u00e9 tamb\u00e9m uma profunda ferida espiritual para os Krenak, cuja cultura \u00e9 intimamente ligada \u00e0s \u00e1guas do rio Doce. Tr\u00eas anos depois, os direitos dos Krenak permanecem sendo violados e o ecossistema local, destru\u00eddo. Nenhum respons\u00e1vel foi tampouco condenado. Este crime n\u00e3o deve continuar impune!<\/p>\n<p class=\"font_8\">Junte-se \u00e0 resist\u00eancia Krenak para denunciar a viola\u00e7\u00e3o dos direitos deles, e as amea\u00e7as que pesam sobre seu modo de vida.Por isso, France Libert\u00e9s se junta hoje \u00e0 resist\u00eancia Krenak para denunciar a viola\u00e7\u00e3o de seus direitos e a amea\u00e7a a seu modo de vida e identidade, apelando para a solidariedade internacional para que obtermos justi\u00e7a!<\/p>\n<div id=\"innercomp_txtMedia20yv\" class=\"s_heNoSkinPhoto\" title=\"\" data-exact-height=\"304.44444444444446\" data-content-padding-horizontal=\"0\" data-content-padding-vertical=\"0\">\n<div id=\"innercomp_txtMedia20yvlink\" class=\"s_heNoSkinPhotolink\">\n<div id=\"innercomp_txtMedia20yvimg\" class=\"s_heNoSkinPhotoimg\" data-style=\"\"><\/div>\n<\/div>\n<\/div>\n","protected":false},"excerpt":{"rendered":"<p>Mobilize-se tamb\u00e9m com o abaixo-assinado! #JusticeForKrenak<\/p>\n","protected":false},"author":1,"featured_media":1188,"comment_status":"open","ping_status":"open","sticky":false,"template":"","format":"standard","meta":{"footnotes":""},"categories":[1],"tags":[],"class_list":["post-136","post","type-post","status-publish","format-standard","has-post-thumbnail","hentry","category-noticias"],"yoast_head":"<!-- This site is optimized with the Yoast SEO plugin v25.3 - https:\/\/yoast.com\/wordpress\/plugins\/seo\/ -->\n<title>#JusticeForKrenak - Cl\u00ednica de Direitos Humanos da UFMG<\/title>\n<meta name=\"description\" content=\"Em 2015, os \u00edndios Krenak foram vitimas da maior polui\u00e7\u00e3o da hist\u00f3ria do Brasil, causada pela ind\u00fastria de min\u00e9rios com o rompimento da barragem de Mariana.\" \/>\n<meta name=\"robots\" content=\"index, follow, max-snippet:-1, max-image-preview:large, max-video-preview:-1\" \/>\n<link rel=\"canonical\" href=\"https:\/\/clinicadh.direito.ufmg.br\/index.php\/2018\/10\/15\/justiceforkrenak\/\" \/>\n<meta property=\"og:locale\" content=\"pt_BR\" \/>\n<meta property=\"og:type\" content=\"article\" \/>\n<meta property=\"og:title\" content=\"#JusticeForKrenak - Cl\u00ednica de Direitos Humanos da UFMG\" \/>\n<meta property=\"og:description\" content=\"Em 2015, os \u00edndios Krenak foram vitimas da maior polui\u00e7\u00e3o da hist\u00f3ria do Brasil, causada pela ind\u00fastria de min\u00e9rios com o rompimento da barragem de Mariana.\" \/>\n<meta property=\"og:url\" content=\"https:\/\/clinicadh.direito.ufmg.br\/index.php\/2018\/10\/15\/justiceforkrenak\/\" \/>\n<meta property=\"og:site_name\" content=\"Cl\u00ednica de Direitos Humanos da UFMG\" \/>\n<meta property=\"article:publisher\" content=\"https:\/\/www.facebook.com\/cdhufmg\/?eid=ARBDSQLce69q0_8v--9A5W6uQzSMctjXi-aHCPLj-fZRI0TKZQaBy-H1YgM9D-FJc2tGPQyTyAg3EYce\" \/>\n<meta property=\"article:published_time\" content=\"2018-10-15T22:44:07+00:00\" \/>\n<meta property=\"article:modified_time\" content=\"2019-04-14T17:51:15+00:00\" \/>\n<meta property=\"og:image\" content=\"https:\/\/clinicadh.direito.ufmg.br\/wp-content\/uploads\/2015\/06\/c.jpg\" \/>\n\t<meta property=\"og:image:width\" content=\"1200\" \/>\n\t<meta property=\"og:image:height\" content=\"500\" \/>\n\t<meta property=\"og:image:type\" content=\"image\/jpeg\" \/>\n<meta name=\"author\" content=\"ati\" \/>\n<meta name=\"twitter:card\" content=\"summary_large_image\" \/>\n<meta name=\"twitter:label1\" content=\"Escrito por\" \/>\n\t<meta name=\"twitter:data1\" content=\"ati\" \/>\n\t<meta name=\"twitter:label2\" content=\"Est. tempo de leitura\" \/>\n\t<meta name=\"twitter:data2\" content=\"1 minuto\" \/>\n<script type=\"application\/ld+json\" class=\"yoast-schema-graph\">{\"@context\":\"https:\/\/schema.org\",\"@graph\":[{\"@type\":\"Article\",\"@id\":\"https:\/\/clinicadh.direito.ufmg.br\/index.php\/2018\/10\/15\/justiceforkrenak\/#article\",\"isPartOf\":{\"@id\":\"https:\/\/clinicadh.direito.ufmg.br\/index.php\/2018\/10\/15\/justiceforkrenak\/\"},\"author\":{\"name\":\"ati\",\"@id\":\"https:\/\/clinicadh.direito.ufmg.br\/#\/schema\/person\/6ddb97cd27f7f33fa95646b26e43a114\"},\"headline\":\"#JusticeForKrenak\",\"datePublished\":\"2018-10-15T22:44:07+00:00\",\"dateModified\":\"2019-04-14T17:51:15+00:00\",\"mainEntityOfPage\":{\"@id\":\"https:\/\/clinicadh.direito.ufmg.br\/index.php\/2018\/10\/15\/justiceforkrenak\/\"},\"wordCount\":226,\"commentCount\":0,\"publisher\":{\"@id\":\"https:\/\/clinicadh.direito.ufmg.br\/#organization\"},\"image\":{\"@id\":\"https:\/\/clinicadh.direito.ufmg.br\/index.php\/2018\/10\/15\/justiceforkrenak\/#primaryimage\"},\"thumbnailUrl\":\"https:\/\/clinicadh.direito.ufmg.br\/wp-content\/uploads\/2015\/06\/c.jpg\",\"articleSection\":[\"Not\u00edcias\"],\"inLanguage\":\"pt-BR\",\"potentialAction\":[{\"@type\":\"CommentAction\",\"name\":\"Comment\",\"target\":[\"https:\/\/clinicadh.direito.ufmg.br\/index.php\/2018\/10\/15\/justiceforkrenak\/#respond\"]}]},{\"@type\":\"WebPage\",\"@id\":\"https:\/\/clinicadh.direito.ufmg.br\/index.php\/2018\/10\/15\/justiceforkrenak\/\",\"url\":\"https:\/\/clinicadh.direito.ufmg.br\/index.php\/2018\/10\/15\/justiceforkrenak\/\",\"name\":\"#JusticeForKrenak - Cl\u00ednica de Direitos Humanos da UFMG\",\"isPartOf\":{\"@id\":\"https:\/\/clinicadh.direito.ufmg.br\/#website\"},\"primaryImageOfPage\":{\"@id\":\"https:\/\/clinicadh.direito.ufmg.br\/index.php\/2018\/10\/15\/justiceforkrenak\/#primaryimage\"},\"image\":{\"@id\":\"https:\/\/clinicadh.direito.ufmg.br\/index.php\/2018\/10\/15\/justiceforkrenak\/#primaryimage\"},\"thumbnailUrl\":\"https:\/\/clinicadh.direito.ufmg.br\/wp-content\/uploads\/2015\/06\/c.jpg\",\"datePublished\":\"2018-10-15T22:44:07+00:00\",\"dateModified\":\"2019-04-14T17:51:15+00:00\",\"description\":\"Em 2015, os \u00edndios Krenak foram vitimas da maior polui\u00e7\u00e3o da hist\u00f3ria do Brasil, causada pela ind\u00fastria de min\u00e9rios com o rompimento da barragem de Mariana.\",\"breadcrumb\":{\"@id\":\"https:\/\/clinicadh.direito.ufmg.br\/index.php\/2018\/10\/15\/justiceforkrenak\/#breadcrumb\"},\"inLanguage\":\"pt-BR\",\"potentialAction\":[{\"@type\":\"ReadAction\",\"target\":[\"https:\/\/clinicadh.direito.ufmg.br\/index.php\/2018\/10\/15\/justiceforkrenak\/\"]}]},{\"@type\":\"ImageObject\",\"inLanguage\":\"pt-BR\",\"@id\":\"https:\/\/clinicadh.direito.ufmg.br\/index.php\/2018\/10\/15\/justiceforkrenak\/#primaryimage\",\"url\":\"https:\/\/clinicadh.direito.ufmg.br\/wp-content\/uploads\/2015\/06\/c.jpg\",\"contentUrl\":\"https:\/\/clinicadh.direito.ufmg.br\/wp-content\/uploads\/2015\/06\/c.jpg\",\"width\":1200,\"height\":500},{\"@type\":\"BreadcrumbList\",\"@id\":\"https:\/\/clinicadh.direito.ufmg.br\/index.php\/2018\/10\/15\/justiceforkrenak\/#breadcrumb\",\"itemListElement\":[{\"@type\":\"ListItem\",\"position\":1,\"name\":\"In\u00edcio\",\"item\":\"https:\/\/clinicadh.direito.ufmg.br\/\"},{\"@type\":\"ListItem\",\"position\":2,\"name\":\"#JusticeForKrenak\"}]},{\"@type\":\"WebSite\",\"@id\":\"https:\/\/clinicadh.direito.ufmg.br\/#website\",\"url\":\"https:\/\/clinicadh.direito.ufmg.br\/\",\"name\":\"Cl\u00ednica de Direitos Humanos da UFMG\",\"description\":\"Cl\u00ednica de Direitos Humanos da Universidade Federal de Minas Gerais\",\"publisher\":{\"@id\":\"https:\/\/clinicadh.direito.ufmg.br\/#organization\"},\"potentialAction\":[{\"@type\":\"SearchAction\",\"target\":{\"@type\":\"EntryPoint\",\"urlTemplate\":\"https:\/\/clinicadh.direito.ufmg.br\/?s={search_term_string}\"},\"query-input\":{\"@type\":\"PropertyValueSpecification\",\"valueRequired\":true,\"valueName\":\"search_term_string\"}}],\"inLanguage\":\"pt-BR\"},{\"@type\":\"Organization\",\"@id\":\"https:\/\/clinicadh.direito.ufmg.br\/#organization\",\"name\":\"Cl\u00ednica de Direitos Humanos da UFMG\",\"url\":\"https:\/\/clinicadh.direito.ufmg.br\/\",\"logo\":{\"@type\":\"ImageObject\",\"inLanguage\":\"pt-BR\",\"@id\":\"https:\/\/clinicadh.direito.ufmg.br\/#\/schema\/logo\/image\/\",\"url\":\"https:\/\/clinicadh.direito.ufmg.br\/wp-content\/uploads\/2015\/06\/c.jpg\",\"contentUrl\":\"https:\/\/clinicadh.direito.ufmg.br\/wp-content\/uploads\/2015\/06\/c.jpg\",\"width\":1200,\"height\":500,\"caption\":\"Cl\u00ednica de Direitos Humanos da UFMG\"},\"image\":{\"@id\":\"https:\/\/clinicadh.direito.ufmg.br\/#\/schema\/logo\/image\/\"},\"sameAs\":[\"https:\/\/www.facebook.com\/cdhufmg\/?eid=ARBDSQLce69q0_8v--9A5W6uQzSMctjXi-aHCPLj-fZRI0TKZQaBy-H1YgM9D-FJc2tGPQyTyAg3EYce\"]},{\"@type\":\"Person\",\"@id\":\"https:\/\/clinicadh.direito.ufmg.br\/#\/schema\/person\/6ddb97cd27f7f33fa95646b26e43a114\",\"name\":\"ati\",\"image\":{\"@type\":\"ImageObject\",\"inLanguage\":\"pt-BR\",\"@id\":\"https:\/\/clinicadh.direito.ufmg.br\/#\/schema\/person\/image\/\",\"url\":\"https:\/\/secure.gravatar.com\/avatar\/be7ec997da34e438b220697afc2daf36f36424760fa31a1f87a4c437de558476?s=96&d=mm&r=g\",\"contentUrl\":\"https:\/\/secure.gravatar.com\/avatar\/be7ec997da34e438b220697afc2daf36f36424760fa31a1f87a4c437de558476?s=96&d=mm&r=g\",\"caption\":\"ati\"}}]}<\/script>\n<!-- \/ Yoast SEO plugin. -->","yoast_head_json":{"title":"#JusticeForKrenak - Cl\u00ednica de Direitos Humanos da UFMG","description":"Em 2015, os \u00edndios Krenak foram vitimas da maior polui\u00e7\u00e3o da hist\u00f3ria do Brasil, causada pela ind\u00fastria de min\u00e9rios com o rompimento da barragem de Mariana.","robots":{"index":"index","follow":"follow","max-snippet":"max-snippet:-1","max-image-preview":"max-image-preview:large","max-video-preview":"max-video-preview:-1"},"canonical":"https:\/\/clinicadh.direito.ufmg.br\/index.php\/2018\/10\/15\/justiceforkrenak\/","og_locale":"pt_BR","og_type":"article","og_title":"#JusticeForKrenak - Cl\u00ednica de Direitos Humanos da UFMG","og_description":"Em 2015, os \u00edndios Krenak foram vitimas da maior polui\u00e7\u00e3o da hist\u00f3ria do Brasil, causada pela ind\u00fastria de min\u00e9rios com o rompimento da barragem de Mariana.","og_url":"https:\/\/clinicadh.direito.ufmg.br\/index.php\/2018\/10\/15\/justiceforkrenak\/","og_site_name":"Cl\u00ednica de Direitos Humanos da UFMG","article_publisher":"https:\/\/www.facebook.com\/cdhufmg\/?eid=ARBDSQLce69q0_8v--9A5W6uQzSMctjXi-aHCPLj-fZRI0TKZQaBy-H1YgM9D-FJc2tGPQyTyAg3EYce","article_published_time":"2018-10-15T22:44:07+00:00","article_modified_time":"2019-04-14T17:51:15+00:00","og_image":[{"width":1200,"height":500,"url":"https:\/\/clinicadh.direito.ufmg.br\/wp-content\/uploads\/2015\/06\/c.jpg","type":"image\/jpeg"}],"author":"ati","twitter_card":"summary_large_image","twitter_misc":{"Escrito por":"ati","Est. tempo de leitura":"1 minuto"},"schema":{"@context":"https:\/\/schema.org","@graph":[{"@type":"Article","@id":"https:\/\/clinicadh.direito.ufmg.br\/index.php\/2018\/10\/15\/justiceforkrenak\/#article","isPartOf":{"@id":"https:\/\/clinicadh.direito.ufmg.br\/index.php\/2018\/10\/15\/justiceforkrenak\/"},"author":{"name":"ati","@id":"https:\/\/clinicadh.direito.ufmg.br\/#\/schema\/person\/6ddb97cd27f7f33fa95646b26e43a114"},"headline":"#JusticeForKrenak","datePublished":"2018-10-15T22:44:07+00:00","dateModified":"2019-04-14T17:51:15+00:00","mainEntityOfPage":{"@id":"https:\/\/clinicadh.direito.ufmg.br\/index.php\/2018\/10\/15\/justiceforkrenak\/"},"wordCount":226,"commentCount":0,"publisher":{"@id":"https:\/\/clinicadh.direito.ufmg.br\/#organization"},"image":{"@id":"https:\/\/clinicadh.direito.ufmg.br\/index.php\/2018\/10\/15\/justiceforkrenak\/#primaryimage"},"thumbnailUrl":"https:\/\/clinicadh.direito.ufmg.br\/wp-content\/uploads\/2015\/06\/c.jpg","articleSection":["Not\u00edcias"],"inLanguage":"pt-BR","potentialAction":[{"@type":"CommentAction","name":"Comment","target":["https:\/\/clinicadh.direito.ufmg.br\/index.php\/2018\/10\/15\/justiceforkrenak\/#respond"]}]},{"@type":"WebPage","@id":"https:\/\/clinicadh.direito.ufmg.br\/index.php\/2018\/10\/15\/justiceforkrenak\/","url":"https:\/\/clinicadh.direito.ufmg.br\/index.php\/2018\/10\/15\/justiceforkrenak\/","name":"#JusticeForKrenak - Cl\u00ednica de Direitos Humanos da UFMG","isPartOf":{"@id":"https:\/\/clinicadh.direito.ufmg.br\/#website"},"primaryImageOfPage":{"@id":"https:\/\/clinicadh.direito.ufmg.br\/index.php\/2018\/10\/15\/justiceforkrenak\/#primaryimage"},"image":{"@id":"https:\/\/clinicadh.direito.ufmg.br\/index.php\/2018\/10\/15\/justiceforkrenak\/#primaryimage"},"thumbnailUrl":"https:\/\/clinicadh.direito.ufmg.br\/wp-content\/uploads\/2015\/06\/c.jpg","datePublished":"2018-10-15T22:44:07+00:00","dateModified":"2019-04-14T17:51:15+00:00","description":"Em 2015, os \u00edndios Krenak foram vitimas da maior polui\u00e7\u00e3o da hist\u00f3ria do Brasil, causada pela ind\u00fastria de min\u00e9rios com o rompimento da barragem de Mariana.","breadcrumb":{"@id":"https:\/\/clinicadh.direito.ufmg.br\/index.php\/2018\/10\/15\/justiceforkrenak\/#breadcrumb"},"inLanguage":"pt-BR","potentialAction":[{"@type":"ReadAction","target":["https:\/\/clinicadh.direito.ufmg.br\/index.php\/2018\/10\/15\/justiceforkrenak\/"]}]},{"@type":"ImageObject","inLanguage":"pt-BR","@id":"https:\/\/clinicadh.direito.ufmg.br\/index.php\/2018\/10\/15\/justiceforkrenak\/#primaryimage","url":"https:\/\/clinicadh.direito.ufmg.br\/wp-content\/uploads\/2015\/06\/c.jpg","contentUrl":"https:\/\/clinicadh.direito.ufmg.br\/wp-content\/uploads\/2015\/06\/c.jpg","width":1200,"height":500},{"@type":"BreadcrumbList","@id":"https:\/\/clinicadh.direito.ufmg.br\/index.php\/2018\/10\/15\/justiceforkrenak\/#breadcrumb","itemListElement":[{"@type":"ListItem","position":1,"name":"In\u00edcio","item":"https:\/\/clinicadh.direito.ufmg.br\/"},{"@type":"ListItem","position":2,"name":"#JusticeForKrenak"}]},{"@type":"WebSite","@id":"https:\/\/clinicadh.direito.ufmg.br\/#website","url":"https:\/\/clinicadh.direito.ufmg.br\/","name":"Cl\u00ednica de Direitos Humanos da UFMG","description":"Cl\u00ednica de Direitos Humanos da Universidade Federal de Minas Gerais","publisher":{"@id":"https:\/\/clinicadh.direito.ufmg.br\/#organization"},"potentialAction":[{"@type":"SearchAction","target":{"@type":"EntryPoint","urlTemplate":"https:\/\/clinicadh.direito.ufmg.br\/?s={search_term_string}"},"query-input":{"@type":"PropertyValueSpecification","valueRequired":true,"valueName":"search_term_string"}}],"inLanguage":"pt-BR"},{"@type":"Organization","@id":"https:\/\/clinicadh.direito.ufmg.br\/#organization","name":"Cl\u00ednica de Direitos Humanos da UFMG","url":"https:\/\/clinicadh.direito.ufmg.br\/","logo":{"@type":"ImageObject","inLanguage":"pt-BR","@id":"https:\/\/clinicadh.direito.ufmg.br\/#\/schema\/logo\/image\/","url":"https:\/\/clinicadh.direito.ufmg.br\/wp-content\/uploads\/2015\/06\/c.jpg","contentUrl":"https:\/\/clinicadh.direito.ufmg.br\/wp-content\/uploads\/2015\/06\/c.jpg","width":1200,"height":500,"caption":"Cl\u00ednica de Direitos Humanos da UFMG"},"image":{"@id":"https:\/\/clinicadh.direito.ufmg.br\/#\/schema\/logo\/image\/"},"sameAs":["https:\/\/www.facebook.com\/cdhufmg\/?eid=ARBDSQLce69q0_8v--9A5W6uQzSMctjXi-aHCPLj-fZRI0TKZQaBy-H1YgM9D-FJc2tGPQyTyAg3EYce"]},{"@type":"Person","@id":"https:\/\/clinicadh.direito.ufmg.br\/#\/schema\/person\/6ddb97cd27f7f33fa95646b26e43a114","name":"ati","image":{"@type":"ImageObject","inLanguage":"pt-BR","@id":"https:\/\/clinicadh.direito.ufmg.br\/#\/schema\/person\/image\/","url":"https:\/\/secure.gravatar.com\/avatar\/be7ec997da34e438b220697afc2daf36f36424760fa31a1f87a4c437de558476?s=96&d=mm&r=g","contentUrl":"https:\/\/secure.gravatar.com\/avatar\/be7ec997da34e438b220697afc2daf36f36424760fa31a1f87a4c437de558476?s=96&d=mm&r=g","caption":"ati"}}]}},"_links":{"self":[{"href":"https:\/\/clinicadh.direito.ufmg.br\/index.php\/wp-json\/wp\/v2\/posts\/136","targetHints":{"allow":["GET"]}}],"collection":[{"href":"https:\/\/clinicadh.direito.ufmg.br\/index.php\/wp-json\/wp\/v2\/posts"}],"about":[{"href":"https:\/\/clinicadh.direito.ufmg.br\/index.php\/wp-json\/wp\/v2\/types\/post"}],"author":[{"embeddable":true,"href":"https:\/\/clinicadh.direito.ufmg.br\/index.php\/wp-json\/wp\/v2\/users\/1"}],"replies":[{"embeddable":true,"href":"https:\/\/clinicadh.direito.ufmg.br\/index.php\/wp-json\/wp\/v2\/comments?post=136"}],"version-history":[{"count":0,"href":"https:\/\/clinicadh.direito.ufmg.br\/index.php\/wp-json\/wp\/v2\/posts\/136\/revisions"}],"wp:featuredmedia":[{"embeddable":true,"href":"https:\/\/clinicadh.direito.ufmg.br\/index.php\/wp-json\/wp\/v2\/media\/1188"}],"wp:attachment":[{"href":"https:\/\/clinicadh.direito.ufmg.br\/index.php\/wp-json\/wp\/v2\/media?parent=136"}],"wp:term":[{"taxonomy":"category","embeddable":true,"href":"https:\/\/clinicadh.direito.ufmg.br\/index.php\/wp-json\/wp\/v2\/categories?post=136"},{"taxonomy":"post_tag","embeddable":true,"href":"https:\/\/clinicadh.direito.ufmg.br\/index.php\/wp-json\/wp\/v2\/tags?post=136"}],"curies":[{"name":"wp","href":"https:\/\/api.w.org\/{rel}","templated":true}]}}